{"id":203771,"date":"2026-03-12T19:11:08","date_gmt":"2026-03-13T00:11:08","guid":{"rendered":"https:\/\/www.buroperiodistico.com.mx\/?p=203771"},"modified":"2026-03-12T19:11:08","modified_gmt":"2026-03-13T00:11:08","slug":"entrega-sspt-incentivos-economicos-por-aseguramiento-de-27-armas-durante-el-ultimo-mes","status":"publish","type":"post","link":"https:\/\/www.buroperiodistico.com.mx\/?p=203771","title":{"rendered":"Entrega SSPT incentivos econ\u00f3micos por aseguramiento de 27 armas durante el \u00faltimo mes"},"content":{"rendered":"<p><em><strong><img loading=\"lazy\" decoding=\"async\" class=\" wp-image-203774 alignright\" src=\"https:\/\/www.buroperiodistico.com.mx\/wp-content\/uploads\/2026\/03\/SSPmes.jpeg\" alt=\"\" width=\"421\" height=\"254\" srcset=\"https:\/\/www.buroperiodistico.com.mx\/wp-content\/uploads\/2026\/03\/SSPmes.jpeg 1024w, https:\/\/www.buroperiodistico.com.mx\/wp-content\/uploads\/2026\/03\/SSPmes-300x181.jpeg 300w, https:\/\/www.buroperiodistico.com.mx\/wp-content\/uploads\/2026\/03\/SSPmes-768x463.jpeg 768w\" sizes=\"auto, (max-width: 421px) 100vw, 421px\" \/>Ciudad Victoria, Tamaulipas (12-Marzo-2026).-<\/strong><\/em> Siguiendo la instrucci\u00f3n girada por el gobernador Am\u00e9rico Villarreal Anaya de reconocer mensualmente al personal operativo encargado de realizar el aseguramiento de armamento, la Secretar\u00eda de Seguridad P\u00fablica de Tamaulipas (SSPT) entreg\u00f3 los incentivos econ\u00f3micos correspondientes al mes de febrero a elementos de la Guardia Estatal que participaron en estas acciones.<\/p>\n<p>En el \u00faltimo mes se aseguraron 27 armas, de las cuales 15 fueron largas, seis cortas y seis explosivas a lo largo de la entidad.<\/p>\n<p>De acuerdo con lo establecido, el secretario de Seguridad P\u00fablica de Tamaulipas, Carlos Arturo Pancardo Escudero, entreg\u00f3 los cheques simb\u00f3licos por las cantidades de tres mil pesos por armas cortas y cinco mil pesos por armas largas y explosivas.<\/p>\n<p>\u201cEl aseguramiento de diverso armamento durante el desempe\u00f1o de sus funciones representa mucho m\u00e1s que un logro operativo; significa prevenir delitos, salvar vidas y debilitar la capacidad de quienes intentan alterar la paz de nuestros municipios\u201d, manifest\u00f3 el secretario.<\/p>\n<p>En representaci\u00f3n del personal galardonado, un polic\u00eda de la Guardia Estatal extern\u00f3 unas palabras de agradecimiento: \u201cEste reconocimiento lo asumimos no como un logro individual, sino como resultado del trabajo en equipo y del liderazgo que gu\u00eda nuestra instituci\u00f3n\u201d, dijo.<\/p>\n<p><img loading=\"lazy\" decoding=\"async\" class=\"aligncenter size-full wp-image-203772\" src=\"https:\/\/www.buroperiodistico.com.mx\/wp-content\/uploads\/2026\/03\/SSPmes-I.jpeg\" alt=\"\" width=\"640\" height=\"426\" srcset=\"https:\/\/www.buroperiodistico.com.mx\/wp-content\/uploads\/2026\/03\/SSPmes-I.jpeg 640w, https:\/\/www.buroperiodistico.com.mx\/wp-content\/uploads\/2026\/03\/SSPmes-I-300x200.jpeg 300w\" sizes=\"auto, (max-width: 640px) 100vw, 640px\" \/> <img loading=\"lazy\" decoding=\"async\" class=\"aligncenter size-full wp-image-203773\" src=\"https:\/\/www.buroperiodistico.com.mx\/wp-content\/uploads\/2026\/03\/SSPmes-II.jpeg\" alt=\"\" width=\"640\" height=\"426\" srcset=\"https:\/\/www.buroperiodistico.com.mx\/wp-content\/uploads\/2026\/03\/SSPmes-II.jpeg 640w, https:\/\/www.buroperiodistico.com.mx\/wp-content\/uploads\/2026\/03\/SSPmes-II-300x200.jpeg 300w\" sizes=\"auto, (max-width: 640px) 100vw, 640px\" \/><\/p>\n","protected":false},"excerpt":{"rendered":"<p>Ciudad Victoria, Tamaulipas (12-Marzo-2026).- Siguiendo la instrucci\u00f3n girada por el gobernador Am\u00e9rico Villarreal Anaya de&#8230;<\/p>\n","protected":false},"author":1,"featured_media":203774,"comment_status":"closed","ping_status":"closed","sticky":false,"template":"","format":"standard","meta":{"footnotes":"","jetpack_publicize_message":"","jetpack_publicize_feature_enabled":true,"jetpack_social_post_already_shared":true,"jetpack_social_options":{"image_generator_settings":{"template":"highway","default_image_id":0,"font":"","enabled":false},"version":2}},"categories":[10],"tags":[],"class_list":["post-203771","post","type-post","status-publish","format-standard","has-post-thumbnail","hentry","category-tamaulipas"],"jetpack_publicize_connections":[],"_links":{"self":[{"href":"https:\/\/www.buroperiodistico.com.mx\/index.php?rest_route=\/wp\/v2\/posts\/203771","targetHints":{"allow":["GET"]}}],"collection":[{"href":"https:\/\/www.buroperiodistico.com.mx\/index.php?rest_route=\/wp\/v2\/posts"}],"about":[{"href":"https:\/\/www.buroperiodistico.com.mx\/index.php?rest_route=\/wp\/v2\/types\/post"}],"author":[{"embeddable":true,"href":"https:\/\/www.buroperiodistico.com.mx\/index.php?rest_route=\/wp\/v2\/users\/1"}],"replies":[{"embeddable":true,"href":"https:\/\/www.buroperiodistico.com.mx\/index.php?rest_route=%2Fwp%2Fv2%2Fcomments&post=203771"}],"version-history":[{"count":1,"href":"https:\/\/www.buroperiodistico.com.mx\/index.php?rest_route=\/wp\/v2\/posts\/203771\/revisions"}],"predecessor-version":[{"id":203775,"href":"https:\/\/www.buroperiodistico.com.mx\/index.php?rest_route=\/wp\/v2\/posts\/203771\/revisions\/203775"}],"wp:featuredmedia":[{"embeddable":true,"href":"https:\/\/www.buroperiodistico.com.mx\/index.php?rest_route=\/wp\/v2\/media\/203774"}],"wp:attachment":[{"href":"https:\/\/www.buroperiodistico.com.mx\/index.php?rest_route=%2Fwp%2Fv2%2Fmedia&parent=203771"}],"wp:term":[{"taxonomy":"category","embeddable":true,"href":"https:\/\/www.buroperiodistico.com.mx\/index.php?rest_route=%2Fwp%2Fv2%2Fcategories&post=203771"},{"taxonomy":"post_tag","embeddable":true,"href":"https:\/\/www.buroperiodistico.com.mx\/index.php?rest_route=%2Fwp%2Fv2%2Ftags&post=203771"}],"curies":[{"name":"wp","href":"https:\/\/api.w.org\/{rel}","templated":true}]}}