{"id":203755,"date":"2026-03-12T17:56:22","date_gmt":"2026-03-12T22:56:22","guid":{"rendered":"https:\/\/www.buroperiodistico.com.mx\/?p=203755"},"modified":"2026-03-12T17:56:22","modified_gmt":"2026-03-12T22:56:22","slug":"declaro-alcalde-carlos-pena-ortiz-inauguracion-de-congreso-internacional-de-la-universidad-tamaulipeca","status":"publish","type":"post","link":"https:\/\/www.buroperiodistico.com.mx\/?p=203755","title":{"rendered":"Declar\u00f3 Alcalde Carlos Pe\u00f1a Ortiz inauguraci\u00f3n de Congreso Internacional de la Universidad Tamaulipeca"},"content":{"rendered":"<p><em><strong><img loading=\"lazy\" decoding=\"async\" class=\" wp-image-203763 alignright\" src=\"https:\/\/www.buroperiodistico.com.mx\/wp-content\/uploads\/2026\/03\/Cpox-4.jpeg\" alt=\"\" width=\"469\" height=\"275\" srcset=\"https:\/\/www.buroperiodistico.com.mx\/wp-content\/uploads\/2026\/03\/Cpox-4.jpeg 1024w, https:\/\/www.buroperiodistico.com.mx\/wp-content\/uploads\/2026\/03\/Cpox-4-300x176.jpeg 300w, https:\/\/www.buroperiodistico.com.mx\/wp-content\/uploads\/2026\/03\/Cpox-4-768x450.jpeg 768w\" sizes=\"auto, (max-width: 469px) 100vw, 469px\" \/>Reynosa, Tam (12-Marzo-2026).-<\/strong><\/em> El Alcalde Carlos Pe\u00f1a Ortiz hizo la declaratoria inaugural del Primer Congreso Internacional \u00abInnovaci\u00f3n y Estrategia para la Competitividad\u00bb, auspiciado por la Universidad Tamaulipeca cuya Rector\u00eda dirige con gran acierto el Dr. Oscar W. Aguilera Rodr\u00edguez.<\/p>\n<p>\u00abAgradezco a esta familia de la Universidad Tamaulipeca por recibirnos en estos treinta a\u00f1os que han estado teniendo un impacto positivo en nuestra ciudad. La verdad, reconocemos a la universidad como una de las mejores de M\u00e9xico, gracias a muchas personas que est\u00e1n aqu\u00ed hoy\u00bb, dijo el Presidente Municipal este d\u00eda jueves 12 de marzo antes m\u00e1s de mil estudiantes.<\/p>\n<p>As\u00ed mismo, el Doctor Oscar Aguilera, rector de la Universidad Tamaulipeca dio un discurso en el que mencion\u00f3 que la instituci\u00f3n vive un momento hist\u00f3rico en su 30 Aniversario.<\/p>\n<p>En la trascendental ceremonia en la que se puso en marcha el importante Congreso, participaron, entre otros, la Secretaria General, Mar\u00eda Guadalupe Mart\u00ednez Cano; Paola Q. Mart\u00ednez, Directora de Planeaci\u00f3n Institucional y coordinadora general del Treinta Aniversario; Cristian Emanuel Enr\u00edquez, Mar\u00eda Elena Carrillo, y Mart\u00edn Gonz\u00e1lez S\u00e1nchez.<\/p>\n<p>#ReynosaImparable<br \/>\n#GobiernoMunicipalDeReynosa<\/p>\n<p><img loading=\"lazy\" decoding=\"async\" class=\"aligncenter size-full wp-image-203756\" src=\"https:\/\/www.buroperiodistico.com.mx\/wp-content\/uploads\/2026\/03\/Cpox-I-4.jpeg\" alt=\"\" width=\"640\" height=\"427\" srcset=\"https:\/\/www.buroperiodistico.com.mx\/wp-content\/uploads\/2026\/03\/Cpox-I-4.jpeg 640w, https:\/\/www.buroperiodistico.com.mx\/wp-content\/uploads\/2026\/03\/Cpox-I-4-300x200.jpeg 300w\" sizes=\"auto, (max-width: 640px) 100vw, 640px\" \/> <img loading=\"lazy\" decoding=\"async\" class=\"aligncenter size-full wp-image-203762\" src=\"https:\/\/www.buroperiodistico.com.mx\/wp-content\/uploads\/2026\/03\/Cpox-IIIIIII-1.jpeg\" alt=\"\" width=\"640\" height=\"427\" srcset=\"https:\/\/www.buroperiodistico.com.mx\/wp-content\/uploads\/2026\/03\/Cpox-IIIIIII-1.jpeg 640w, https:\/\/www.buroperiodistico.com.mx\/wp-content\/uploads\/2026\/03\/Cpox-IIIIIII-1-300x200.jpeg 300w\" sizes=\"auto, (max-width: 640px) 100vw, 640px\" \/> <img loading=\"lazy\" decoding=\"async\" class=\"aligncenter size-full wp-image-203761\" src=\"https:\/\/www.buroperiodistico.com.mx\/wp-content\/uploads\/2026\/03\/Cpox-IIIIII-2.jpeg\" alt=\"\" width=\"640\" height=\"427\" srcset=\"https:\/\/www.buroperiodistico.com.mx\/wp-content\/uploads\/2026\/03\/Cpox-IIIIII-2.jpeg 640w, https:\/\/www.buroperiodistico.com.mx\/wp-content\/uploads\/2026\/03\/Cpox-IIIIII-2-300x200.jpeg 300w\" sizes=\"auto, (max-width: 640px) 100vw, 640px\" \/> <img loading=\"lazy\" decoding=\"async\" class=\"aligncenter size-full wp-image-203760\" src=\"https:\/\/www.buroperiodistico.com.mx\/wp-content\/uploads\/2026\/03\/Cpox-IIIII-2.jpeg\" alt=\"\" width=\"640\" height=\"427\" srcset=\"https:\/\/www.buroperiodistico.com.mx\/wp-content\/uploads\/2026\/03\/Cpox-IIIII-2.jpeg 640w, https:\/\/www.buroperiodistico.com.mx\/wp-content\/uploads\/2026\/03\/Cpox-IIIII-2-300x200.jpeg 300w\" sizes=\"auto, (max-width: 640px) 100vw, 640px\" \/> <img loading=\"lazy\" decoding=\"async\" class=\"aligncenter size-full wp-image-203759\" src=\"https:\/\/www.buroperiodistico.com.mx\/wp-content\/uploads\/2026\/03\/Cpox-IIII-3.jpeg\" alt=\"\" width=\"640\" height=\"426\" srcset=\"https:\/\/www.buroperiodistico.com.mx\/wp-content\/uploads\/2026\/03\/Cpox-IIII-3.jpeg 640w, https:\/\/www.buroperiodistico.com.mx\/wp-content\/uploads\/2026\/03\/Cpox-IIII-3-300x200.jpeg 300w\" sizes=\"auto, (max-width: 640px) 100vw, 640px\" \/> <img loading=\"lazy\" decoding=\"async\" class=\"aligncenter size-full wp-image-203758\" src=\"https:\/\/www.buroperiodistico.com.mx\/wp-content\/uploads\/2026\/03\/Cpox-III-4.jpeg\" alt=\"\" width=\"640\" height=\"426\" srcset=\"https:\/\/www.buroperiodistico.com.mx\/wp-content\/uploads\/2026\/03\/Cpox-III-4.jpeg 640w, https:\/\/www.buroperiodistico.com.mx\/wp-content\/uploads\/2026\/03\/Cpox-III-4-300x200.jpeg 300w\" sizes=\"auto, (max-width: 640px) 100vw, 640px\" \/> <img loading=\"lazy\" decoding=\"async\" class=\"aligncenter size-full wp-image-203757\" src=\"https:\/\/www.buroperiodistico.com.mx\/wp-content\/uploads\/2026\/03\/Cpox-II-4.jpeg\" alt=\"\" width=\"640\" height=\"427\" srcset=\"https:\/\/www.buroperiodistico.com.mx\/wp-content\/uploads\/2026\/03\/Cpox-II-4.jpeg 640w, https:\/\/www.buroperiodistico.com.mx\/wp-content\/uploads\/2026\/03\/Cpox-II-4-300x200.jpeg 300w\" sizes=\"auto, (max-width: 640px) 100vw, 640px\" \/><\/p>\n<p>&nbsp;<\/p>\n","protected":false},"excerpt":{"rendered":"<p>Reynosa, Tam (12-Marzo-2026).- El Alcalde Carlos Pe\u00f1a Ortiz hizo la declaratoria inaugural del Primer Congreso&#8230;<\/p>\n","protected":false},"author":1,"featured_media":203763,"comment_status":"closed","ping_status":"closed","sticky":false,"template":"","format":"standard","meta":{"footnotes":"","jetpack_publicize_message":"","jetpack_publicize_feature_enabled":true,"jetpack_social_post_already_shared":true,"jetpack_social_options":{"image_generator_settings":{"template":"highway","default_image_id":0,"font":"","enabled":false},"version":2}},"categories":[25,9],"tags":[],"class_list":["post-203755","post","type-post","status-publish","format-standard","has-post-thumbnail","hentry","category-portada","category-reynosa"],"jetpack_publicize_connections":[],"_links":{"self":[{"href":"https:\/\/www.buroperiodistico.com.mx\/index.php?rest_route=\/wp\/v2\/posts\/203755","targetHints":{"allow":["GET"]}}],"collection":[{"href":"https:\/\/www.buroperiodistico.com.mx\/index.php?rest_route=\/wp\/v2\/posts"}],"about":[{"href":"https:\/\/www.buroperiodistico.com.mx\/index.php?rest_route=\/wp\/v2\/types\/post"}],"author":[{"embeddable":true,"href":"https:\/\/www.buroperiodistico.com.mx\/index.php?rest_route=\/wp\/v2\/users\/1"}],"replies":[{"embeddable":true,"href":"https:\/\/www.buroperiodistico.com.mx\/index.php?rest_route=%2Fwp%2Fv2%2Fcomments&post=203755"}],"version-history":[{"count":1,"href":"https:\/\/www.buroperiodistico.com.mx\/index.php?rest_route=\/wp\/v2\/posts\/203755\/revisions"}],"predecessor-version":[{"id":203764,"href":"https:\/\/www.buroperiodistico.com.mx\/index.php?rest_route=\/wp\/v2\/posts\/203755\/revisions\/203764"}],"wp:featuredmedia":[{"embeddable":true,"href":"https:\/\/www.buroperiodistico.com.mx\/index.php?rest_route=\/wp\/v2\/media\/203763"}],"wp:attachment":[{"href":"https:\/\/www.buroperiodistico.com.mx\/index.php?rest_route=%2Fwp%2Fv2%2Fmedia&parent=203755"}],"wp:term":[{"taxonomy":"category","embeddable":true,"href":"https:\/\/www.buroperiodistico.com.mx\/index.php?rest_route=%2Fwp%2Fv2%2Fcategories&post=203755"},{"taxonomy":"post_tag","embeddable":true,"href":"https:\/\/www.buroperiodistico.com.mx\/index.php?rest_route=%2Fwp%2Fv2%2Ftags&post=203755"}],"curies":[{"name":"wp","href":"https:\/\/api.w.org\/{rel}","templated":true}]}}