{"id":203748,"date":"2026-03-12T17:44:21","date_gmt":"2026-03-12T22:44:21","guid":{"rendered":"https:\/\/www.buroperiodistico.com.mx\/?p=203748"},"modified":"2026-03-12T17:44:21","modified_gmt":"2026-03-12T22:44:21","slug":"promueven-acciones-para-fortalecer-el-desarrollo-integral-y-laboral-de-adolescentes","status":"publish","type":"post","link":"https:\/\/www.buroperiodistico.com.mx\/?p=203748","title":{"rendered":"Promueven acciones para fortalecer el desarrollo integral y laboral de adolescentes"},"content":{"rendered":"<p><em><strong><img loading=\"lazy\" decoding=\"async\" class=\" wp-image-203753 alignright\" src=\"https:\/\/www.buroperiodistico.com.mx\/wp-content\/uploads\/2026\/03\/STRadolescentes.jpeg\" alt=\"\" width=\"476\" height=\"287\" srcset=\"https:\/\/www.buroperiodistico.com.mx\/wp-content\/uploads\/2026\/03\/STRadolescentes.jpeg 1024w, https:\/\/www.buroperiodistico.com.mx\/wp-content\/uploads\/2026\/03\/STRadolescentes-300x181.jpeg 300w, https:\/\/www.buroperiodistico.com.mx\/wp-content\/uploads\/2026\/03\/STRadolescentes-768x464.jpeg 768w\" sizes=\"auto, (max-width: 476px) 100vw, 476px\" \/>Ciudad Victoria, Tamaulipas (12-Marzo-2026).-<\/strong><\/em> Con el objetivo de impulsar el desarrollo integral de las nuevas generaciones, la Secretar\u00eda del Trabajo y Previsi\u00f3n Social promueve acciones enfocadas en preparar a las adolescentes para una vida adulta y laboral plena, fomentando h\u00e1bitos de salud, autocuidado y autogesti\u00f3n que contribuyan a prevenir el ausentismo y fortalecer su seguridad personal en futuros espacios de trabajo.<\/p>\n<p>Estas estrategias se realizan bajo la direcci\u00f3n y las instrucciones del secretario Luis Gerardo Illoldi Reyes, quien ha impulsado iniciativas orientadas a promover entornos laborales dignos, inclusivos y libres de estigmas para las j\u00f3venes tamaulipecas.<\/p>\n<p>Las acciones tambi\u00e9n buscan generar conciencia sobre la importancia de construir ambientes laborales seguros y respetuosos, donde las adolescentes puedan desarrollarse plenamente al integrarse a la vida productiva del estado.<\/p>\n<p>De esta manera se fortalece una cultura de prevenci\u00f3n, igualdad y bienestar que permita a las futuras trabajadoras contar con mejores herramientas para su crecimiento personal y profesional.<\/p>\n<p>Refiri\u00f3 que estas iniciativas forman parte del compromiso del Gobierno de Tamaulipas, encabezado por Am\u00e9rico Villarreal Anaya, bajo su pol\u00edtica de humanismo y transformaci\u00f3n, orientada a construir una sociedad m\u00e1s justa, incluyente y con mayores oportunidades para todas y todos.<\/p>\n<p><img loading=\"lazy\" decoding=\"async\" class=\"aligncenter size-full wp-image-203749\" src=\"https:\/\/www.buroperiodistico.com.mx\/wp-content\/uploads\/2026\/03\/STRadolescentes-I.jpeg\" alt=\"\" width=\"640\" height=\"426\" srcset=\"https:\/\/www.buroperiodistico.com.mx\/wp-content\/uploads\/2026\/03\/STRadolescentes-I.jpeg 640w, https:\/\/www.buroperiodistico.com.mx\/wp-content\/uploads\/2026\/03\/STRadolescentes-I-300x200.jpeg 300w\" sizes=\"auto, (max-width: 640px) 100vw, 640px\" \/> <img loading=\"lazy\" decoding=\"async\" class=\"aligncenter size-full wp-image-203752\" src=\"https:\/\/www.buroperiodistico.com.mx\/wp-content\/uploads\/2026\/03\/STRadolescentes-IIII.jpeg\" alt=\"\" width=\"640\" height=\"426\" srcset=\"https:\/\/www.buroperiodistico.com.mx\/wp-content\/uploads\/2026\/03\/STRadolescentes-IIII.jpeg 640w, https:\/\/www.buroperiodistico.com.mx\/wp-content\/uploads\/2026\/03\/STRadolescentes-IIII-300x200.jpeg 300w\" sizes=\"auto, (max-width: 640px) 100vw, 640px\" \/> <img loading=\"lazy\" decoding=\"async\" class=\"aligncenter size-full wp-image-203751\" src=\"https:\/\/www.buroperiodistico.com.mx\/wp-content\/uploads\/2026\/03\/STRadolescentes-III.jpeg\" alt=\"\" width=\"640\" height=\"426\" srcset=\"https:\/\/www.buroperiodistico.com.mx\/wp-content\/uploads\/2026\/03\/STRadolescentes-III.jpeg 640w, https:\/\/www.buroperiodistico.com.mx\/wp-content\/uploads\/2026\/03\/STRadolescentes-III-300x200.jpeg 300w\" sizes=\"auto, (max-width: 640px) 100vw, 640px\" \/> <img loading=\"lazy\" decoding=\"async\" class=\"aligncenter size-full wp-image-203750\" src=\"https:\/\/www.buroperiodistico.com.mx\/wp-content\/uploads\/2026\/03\/STRadolescentes-II.jpeg\" alt=\"\" width=\"640\" height=\"426\" srcset=\"https:\/\/www.buroperiodistico.com.mx\/wp-content\/uploads\/2026\/03\/STRadolescentes-II.jpeg 640w, https:\/\/www.buroperiodistico.com.mx\/wp-content\/uploads\/2026\/03\/STRadolescentes-II-300x200.jpeg 300w\" sizes=\"auto, (max-width: 640px) 100vw, 640px\" \/><\/p>\n","protected":false},"excerpt":{"rendered":"<p>Ciudad Victoria, Tamaulipas (12-Marzo-2026).- Con el objetivo de impulsar el desarrollo integral de las nuevas&#8230;<\/p>\n","protected":false},"author":1,"featured_media":203753,"comment_status":"closed","ping_status":"closed","sticky":false,"template":"","format":"standard","meta":{"footnotes":"","jetpack_publicize_message":"","jetpack_publicize_feature_enabled":true,"jetpack_social_post_already_shared":true,"jetpack_social_options":{"image_generator_settings":{"template":"highway","default_image_id":0,"font":"","enabled":false},"version":2}},"categories":[10],"tags":[],"class_list":["post-203748","post","type-post","status-publish","format-standard","has-post-thumbnail","hentry","category-tamaulipas"],"jetpack_publicize_connections":[],"_links":{"self":[{"href":"https:\/\/www.buroperiodistico.com.mx\/index.php?rest_route=\/wp\/v2\/posts\/203748","targetHints":{"allow":["GET"]}}],"collection":[{"href":"https:\/\/www.buroperiodistico.com.mx\/index.php?rest_route=\/wp\/v2\/posts"}],"about":[{"href":"https:\/\/www.buroperiodistico.com.mx\/index.php?rest_route=\/wp\/v2\/types\/post"}],"author":[{"embeddable":true,"href":"https:\/\/www.buroperiodistico.com.mx\/index.php?rest_route=\/wp\/v2\/users\/1"}],"replies":[{"embeddable":true,"href":"https:\/\/www.buroperiodistico.com.mx\/index.php?rest_route=%2Fwp%2Fv2%2Fcomments&post=203748"}],"version-history":[{"count":1,"href":"https:\/\/www.buroperiodistico.com.mx\/index.php?rest_route=\/wp\/v2\/posts\/203748\/revisions"}],"predecessor-version":[{"id":203754,"href":"https:\/\/www.buroperiodistico.com.mx\/index.php?rest_route=\/wp\/v2\/posts\/203748\/revisions\/203754"}],"wp:featuredmedia":[{"embeddable":true,"href":"https:\/\/www.buroperiodistico.com.mx\/index.php?rest_route=\/wp\/v2\/media\/203753"}],"wp:attachment":[{"href":"https:\/\/www.buroperiodistico.com.mx\/index.php?rest_route=%2Fwp%2Fv2%2Fmedia&parent=203748"}],"wp:term":[{"taxonomy":"category","embeddable":true,"href":"https:\/\/www.buroperiodistico.com.mx\/index.php?rest_route=%2Fwp%2Fv2%2Fcategories&post=203748"},{"taxonomy":"post_tag","embeddable":true,"href":"https:\/\/www.buroperiodistico.com.mx\/index.php?rest_route=%2Fwp%2Fv2%2Ftags&post=203748"}],"curies":[{"name":"wp","href":"https:\/\/api.w.org\/{rel}","templated":true}]}}