{"id":203742,"date":"2026-03-12T17:37:07","date_gmt":"2026-03-12T22:37:07","guid":{"rendered":"https:\/\/www.buroperiodistico.com.mx\/?p=203742"},"modified":"2026-03-12T17:37:07","modified_gmt":"2026-03-12T22:37:07","slug":"promueven-la-inclusion-en-jovenes-de-reynosa-con-taller-de-lengua-de-senas-mexicana-injuve","status":"publish","type":"post","link":"https:\/\/www.buroperiodistico.com.mx\/?p=203742","title":{"rendered":"Promueven la inclusi\u00f3n en j\u00f3venes de Reynosa con Taller de Lengua de Se\u00f1as Mexicana: INJUVE"},"content":{"rendered":"<ul>\n<li><strong><em>Fomentando la comunicaci\u00f3n efectiva con la comunidad que tiene discapacidad auditiva<\/em><\/strong><\/li>\n<\/ul>\n<p><strong><img loading=\"lazy\" decoding=\"async\" class=\" wp-image-203746 alignright\" src=\"https:\/\/www.buroperiodistico.com.mx\/wp-content\/uploads\/2026\/03\/IJUMexicana.jpeg\" alt=\"\" width=\"506\" height=\"337\" srcset=\"https:\/\/www.buroperiodistico.com.mx\/wp-content\/uploads\/2026\/03\/IJUMexicana.jpeg 1024w, https:\/\/www.buroperiodistico.com.mx\/wp-content\/uploads\/2026\/03\/IJUMexicana-300x200.jpeg 300w, https:\/\/www.buroperiodistico.com.mx\/wp-content\/uploads\/2026\/03\/IJUMexicana-768x512.jpeg 768w\" sizes=\"auto, (max-width: 506px) 100vw, 506px\" \/>Reynosa, Tamaulipas (12-Marzo-2026).-<\/strong> Como parte de las pol\u00edticas p\u00fablicas y sociales en materia de inclusi\u00f3n, el Instituto de la Juventud de Tamaulipas (INJUVE) llev\u00f3 a cabo el Taller de Lengua de Se\u00f1as Mexicana en el Colegio de Bachilleres Plantel 07 de Reynosa (COBAT), con la participaci\u00f3n de estudiantes, personal docente y de apoyo.<\/p>\n<p>\u201cLa ponencia fue impartida por Jessica Villa, presidenta de la Fundaci\u00f3n Se\u00f1as de Amor y Esperanza A.C., con el fin de promover la comunicaci\u00f3n inclusiva, proporcionando herramientas para comprender y conectar con la comunidad con discapacidad auditiva y contribuir a su desarrollo en el \u00e1mbito educativo, laboral y social\u201d, inform\u00f3 el director general del INJUVE, Oscar Azael Rodr\u00edguez Perales.<\/p>\n<p>\u201cLa inclusi\u00f3n es un derecho fundamental de todas las personas y la comunicaci\u00f3n es clave para lograrla. Con este taller los asistentes aprendieron desde conceptos b\u00e1sicos del lenguaje de se\u00f1as, su abecedario y rasgos distintivos, hasta aspectos m\u00e1s avanzados, como el uso del cuerpo y la orientaci\u00f3n de las manos\u201d, coment\u00f3 el funcionario estatal.<\/p>\n<p>La lengua de se\u00f1as es un sistema ling\u00fc\u00edstico completo y natural que utiliza expresiones faciales, movimientos de manos y gestos corporales para comunicar significados. Aunque existen diferentes formas de lenguaje de se\u00f1as en todo el mundo, todas comparten el objetivo com\u00fan de facilitar la comunicaci\u00f3n para aquellas personas con dificultades auditivas.<\/p>\n<p>Se estima que en Tamaulipas 33,480 personas padecen discapacidad auditiva, de las cuales 2,676 son adolescentes y j\u00f3venes de entre los 10 y 29 a\u00f1os de edad, de acuerdo con datos del INEGI.<\/p>\n<p>\u201cCon esta acci\u00f3n, el gobierno humanista del doctor Am\u00e9rico Villarreal Anaya, desde el INJUVE de la Secretar\u00eda del Trabajo, a cargo de Luis Gerardo Illoldi Reyes, promueve los derechos humanos de este grupo poblacional mediante la apertura de espacios de promoci\u00f3n entre las juventudes donde se fomente la inclusi\u00f3n, la empat\u00eda y la no discriminaci\u00f3n, as\u00ed como un trato digno en su propio lenguaje\u201d, finalmente, dijo Rodr\u00edguez Perales.<\/p>\n<p><img loading=\"lazy\" decoding=\"async\" class=\"aligncenter size-full wp-image-203743\" src=\"https:\/\/www.buroperiodistico.com.mx\/wp-content\/uploads\/2026\/03\/IJUMexicana-I.jpeg\" alt=\"\" width=\"480\" height=\"496\" srcset=\"https:\/\/www.buroperiodistico.com.mx\/wp-content\/uploads\/2026\/03\/IJUMexicana-I.jpeg 480w, https:\/\/www.buroperiodistico.com.mx\/wp-content\/uploads\/2026\/03\/IJUMexicana-I-290x300.jpeg 290w\" sizes=\"auto, (max-width: 480px) 100vw, 480px\" \/> <img loading=\"lazy\" decoding=\"async\" class=\"aligncenter size-full wp-image-203745\" src=\"https:\/\/www.buroperiodistico.com.mx\/wp-content\/uploads\/2026\/03\/IJUMexicana-III.jpeg\" alt=\"\" width=\"480\" height=\"563\" srcset=\"https:\/\/www.buroperiodistico.com.mx\/wp-content\/uploads\/2026\/03\/IJUMexicana-III.jpeg 480w, https:\/\/www.buroperiodistico.com.mx\/wp-content\/uploads\/2026\/03\/IJUMexicana-III-256x300.jpeg 256w\" sizes=\"auto, (max-width: 480px) 100vw, 480px\" \/> <img loading=\"lazy\" decoding=\"async\" class=\"aligncenter size-full wp-image-203744\" src=\"https:\/\/www.buroperiodistico.com.mx\/wp-content\/uploads\/2026\/03\/IJUMexicana-II.jpeg\" alt=\"\" width=\"480\" height=\"526\" srcset=\"https:\/\/www.buroperiodistico.com.mx\/wp-content\/uploads\/2026\/03\/IJUMexicana-II.jpeg 480w, https:\/\/www.buroperiodistico.com.mx\/wp-content\/uploads\/2026\/03\/IJUMexicana-II-274x300.jpeg 274w\" sizes=\"auto, (max-width: 480px) 100vw, 480px\" \/><\/p>\n","protected":false},"excerpt":{"rendered":"<p>Fomentando la comunicaci\u00f3n efectiva con la comunidad que tiene discapacidad auditiva Reynosa, Tamaulipas (12-Marzo-2026).- Como&#8230;<\/p>\n","protected":false},"author":1,"featured_media":203746,"comment_status":"closed","ping_status":"closed","sticky":false,"template":"","format":"standard","meta":{"footnotes":"","jetpack_publicize_message":"","jetpack_publicize_feature_enabled":true,"jetpack_social_post_already_shared":true,"jetpack_social_options":{"image_generator_settings":{"template":"highway","default_image_id":0,"font":"","enabled":false},"version":2}},"categories":[10],"tags":[],"class_list":["post-203742","post","type-post","status-publish","format-standard","has-post-thumbnail","hentry","category-tamaulipas"],"jetpack_publicize_connections":[],"_links":{"self":[{"href":"https:\/\/www.buroperiodistico.com.mx\/index.php?rest_route=\/wp\/v2\/posts\/203742","targetHints":{"allow":["GET"]}}],"collection":[{"href":"https:\/\/www.buroperiodistico.com.mx\/index.php?rest_route=\/wp\/v2\/posts"}],"about":[{"href":"https:\/\/www.buroperiodistico.com.mx\/index.php?rest_route=\/wp\/v2\/types\/post"}],"author":[{"embeddable":true,"href":"https:\/\/www.buroperiodistico.com.mx\/index.php?rest_route=\/wp\/v2\/users\/1"}],"replies":[{"embeddable":true,"href":"https:\/\/www.buroperiodistico.com.mx\/index.php?rest_route=%2Fwp%2Fv2%2Fcomments&post=203742"}],"version-history":[{"count":1,"href":"https:\/\/www.buroperiodistico.com.mx\/index.php?rest_route=\/wp\/v2\/posts\/203742\/revisions"}],"predecessor-version":[{"id":203747,"href":"https:\/\/www.buroperiodistico.com.mx\/index.php?rest_route=\/wp\/v2\/posts\/203742\/revisions\/203747"}],"wp:featuredmedia":[{"embeddable":true,"href":"https:\/\/www.buroperiodistico.com.mx\/index.php?rest_route=\/wp\/v2\/media\/203746"}],"wp:attachment":[{"href":"https:\/\/www.buroperiodistico.com.mx\/index.php?rest_route=%2Fwp%2Fv2%2Fmedia&parent=203742"}],"wp:term":[{"taxonomy":"category","embeddable":true,"href":"https:\/\/www.buroperiodistico.com.mx\/index.php?rest_route=%2Fwp%2Fv2%2Fcategories&post=203742"},{"taxonomy":"post_tag","embeddable":true,"href":"https:\/\/www.buroperiodistico.com.mx\/index.php?rest_route=%2Fwp%2Fv2%2Ftags&post=203742"}],"curies":[{"name":"wp","href":"https:\/\/api.w.org\/{rel}","templated":true}]}}