{"id":203728,"date":"2026-03-12T16:54:28","date_gmt":"2026-03-12T21:54:28","guid":{"rendered":"https:\/\/www.buroperiodistico.com.mx\/?p=203728"},"modified":"2026-03-12T16:54:28","modified_gmt":"2026-03-12T21:54:28","slug":"realizara-comapa-reemplazo-de-valvula-en-planta-pastor-lozano","status":"publish","type":"post","link":"https:\/\/www.buroperiodistico.com.mx\/?p=203728","title":{"rendered":"Realizar\u00e1 COMAPA reemplazo de v\u00e1lvula en Planta Pastor Lozano"},"content":{"rendered":"<p><em><strong>Reynosa, Tam (12-Marzo-2026).-<\/strong><\/em> La Comisi\u00f3n Municipal de Agua Potable y Alcantarillado de Reynosa informa que se llevar\u00e1n a cabo trabajos programados para el reemplazo de una v\u00e1lvula de 12 pulgadas para control de presi\u00f3n en la l\u00ednea primaria, en las instalaciones de la Planta Pastor Lozano, como parte de las acciones para fortalecer la operaci\u00f3n del sistema de distribuci\u00f3n de agua potable.<\/p>\n<p>Debido a estas maniobras, el suministro de agua potable ser\u00e1 suspendido de manera temporal en los sectores Jarachina y Granjas, este viernes 13 de marzo a partir de las 8:00 de la noche, estimando que el servicio pueda restablecerse durante la ma\u00f1ana del s\u00e1bado 14, una vez concluidos los trabajos. Por ello, se recomienda a los usuarios abastecerse con el agua suficiente para cubrir sus necesidades durante el tiempo que dure la suspensi\u00f3n.<\/p>\n<p>Estas acciones se realizan con el objetivo de mejorar el control de presi\u00f3n en la red y optimizar el funcionamiento del sistema de distribuci\u00f3n, contribuyendo a brindar un servicio m\u00e1s eficiente y confiable para las familias de estos sectores.<\/p>\n<p>Listado de las colonias afectadas: https:\/\/www.comapareynosa.gob.mx\/movil\/sectorizacion\/?id=2<\/p>\n<p><img loading=\"lazy\" decoding=\"async\" class=\"aligncenter  wp-image-203729\" src=\"https:\/\/www.buroperiodistico.com.mx\/wp-content\/uploads\/2026\/03\/Avixoz.jpg\" alt=\"\" width=\"968\" height=\"523\" srcset=\"https:\/\/www.buroperiodistico.com.mx\/wp-content\/uploads\/2026\/03\/Avixoz.jpg 1110w, https:\/\/www.buroperiodistico.com.mx\/wp-content\/uploads\/2026\/03\/Avixoz-300x162.jpg 300w, https:\/\/www.buroperiodistico.com.mx\/wp-content\/uploads\/2026\/03\/Avixoz-1024x554.jpg 1024w, https:\/\/www.buroperiodistico.com.mx\/wp-content\/uploads\/2026\/03\/Avixoz-768x415.jpg 768w\" sizes=\"auto, (max-width: 968px) 100vw, 968px\" \/><\/p>\n","protected":false},"excerpt":{"rendered":"<p>Reynosa, Tam (12-Marzo-2026).- La Comisi\u00f3n Municipal de Agua Potable y Alcantarillado de Reynosa informa que&#8230;<\/p>\n","protected":false},"author":1,"featured_media":203729,"comment_status":"closed","ping_status":"closed","sticky":false,"template":"","format":"standard","meta":{"footnotes":"","jetpack_publicize_message":"","jetpack_publicize_feature_enabled":true,"jetpack_social_post_already_shared":true,"jetpack_social_options":{"image_generator_settings":{"template":"highway","default_image_id":0,"font":"","enabled":false},"version":2}},"categories":[9],"tags":[],"class_list":["post-203728","post","type-post","status-publish","format-standard","has-post-thumbnail","hentry","category-reynosa"],"jetpack_publicize_connections":[],"_links":{"self":[{"href":"https:\/\/www.buroperiodistico.com.mx\/index.php?rest_route=\/wp\/v2\/posts\/203728","targetHints":{"allow":["GET"]}}],"collection":[{"href":"https:\/\/www.buroperiodistico.com.mx\/index.php?rest_route=\/wp\/v2\/posts"}],"about":[{"href":"https:\/\/www.buroperiodistico.com.mx\/index.php?rest_route=\/wp\/v2\/types\/post"}],"author":[{"embeddable":true,"href":"https:\/\/www.buroperiodistico.com.mx\/index.php?rest_route=\/wp\/v2\/users\/1"}],"replies":[{"embeddable":true,"href":"https:\/\/www.buroperiodistico.com.mx\/index.php?rest_route=%2Fwp%2Fv2%2Fcomments&post=203728"}],"version-history":[{"count":1,"href":"https:\/\/www.buroperiodistico.com.mx\/index.php?rest_route=\/wp\/v2\/posts\/203728\/revisions"}],"predecessor-version":[{"id":203730,"href":"https:\/\/www.buroperiodistico.com.mx\/index.php?rest_route=\/wp\/v2\/posts\/203728\/revisions\/203730"}],"wp:featuredmedia":[{"embeddable":true,"href":"https:\/\/www.buroperiodistico.com.mx\/index.php?rest_route=\/wp\/v2\/media\/203729"}],"wp:attachment":[{"href":"https:\/\/www.buroperiodistico.com.mx\/index.php?rest_route=%2Fwp%2Fv2%2Fmedia&parent=203728"}],"wp:term":[{"taxonomy":"category","embeddable":true,"href":"https:\/\/www.buroperiodistico.com.mx\/index.php?rest_route=%2Fwp%2Fv2%2Fcategories&post=203728"},{"taxonomy":"post_tag","embeddable":true,"href":"https:\/\/www.buroperiodistico.com.mx\/index.php?rest_route=%2Fwp%2Fv2%2Ftags&post=203728"}],"curies":[{"name":"wp","href":"https:\/\/api.w.org\/{rel}","templated":true}]}}