{"id":203715,"date":"2026-03-12T14:48:49","date_gmt":"2026-03-12T19:48:49","guid":{"rendered":"https:\/\/www.buroperiodistico.com.mx\/?p=203715"},"modified":"2026-03-12T14:48:49","modified_gmt":"2026-03-12T19:48:49","slug":"reciben-estudiantes-madres-de-familia-y-docentes-orientacion-en-ciberseguridad","status":"publish","type":"post","link":"https:\/\/www.buroperiodistico.com.mx\/?p=203715","title":{"rendered":"Reciben estudiantes, madres de familia y docentes orientaci\u00f3n en ciberseguridad"},"content":{"rendered":"<p><em><strong><img loading=\"lazy\" decoding=\"async\" class=\" wp-image-203719 alignright\" src=\"https:\/\/www.buroperiodistico.com.mx\/wp-content\/uploads\/2026\/03\/Ciberz.jpeg\" alt=\"\" width=\"537\" height=\"302\" srcset=\"https:\/\/www.buroperiodistico.com.mx\/wp-content\/uploads\/2026\/03\/Ciberz.jpeg 1024w, https:\/\/www.buroperiodistico.com.mx\/wp-content\/uploads\/2026\/03\/Ciberz-300x169.jpeg 300w, https:\/\/www.buroperiodistico.com.mx\/wp-content\/uploads\/2026\/03\/Ciberz-768x432.jpeg 768w\" sizes=\"auto, (max-width: 537px) 100vw, 537px\" \/>Reynosa, Tamaulipas (12-Marzo-2026).-<\/strong><\/em> Con el objetivo de fortalecer el civismo digital y la ccultura de la prevenci\u00f3n, personal de la Guardia Estatal Cibern\u00e9tica visit\u00f3 la Escuela Primaria \u201cEnrique Conrado R\u00e9bsamen\u201d en el municipio de Reynosa.<\/p>\n<p>Ante un auditorio conformado por 149 estudiantes, 20 madres de familia, 10 docentes y un directivo, elementos de la Guardia Estatal impartieron la conferencia denominada \u201cPrevenci\u00f3n de la Violencia Digital\u201d.<\/p>\n<p>La ponencia abord\u00f3 temas relacionados a riesgos en entornos digitales, modalidades de violencia digital, as\u00ed como medidas de prevenci\u00f3n para el uso seguro de internet y redes sociales.<\/p>\n<p>Mediante estas acciones, la Secretar\u00eda de Seguridad P\u00fablica de Tamaulipas (SSPT) reitera su compromiso de preservar la seguridad en espacios f\u00edsicos y digitales.<\/p>\n<p><img loading=\"lazy\" decoding=\"async\" class=\"aligncenter size-full wp-image-203716\" src=\"https:\/\/www.buroperiodistico.com.mx\/wp-content\/uploads\/2026\/03\/Ciberz-I.jpeg\" alt=\"\" width=\"640\" height=\"360\" srcset=\"https:\/\/www.buroperiodistico.com.mx\/wp-content\/uploads\/2026\/03\/Ciberz-I.jpeg 640w, https:\/\/www.buroperiodistico.com.mx\/wp-content\/uploads\/2026\/03\/Ciberz-I-300x169.jpeg 300w\" sizes=\"auto, (max-width: 640px) 100vw, 640px\" \/> <img loading=\"lazy\" decoding=\"async\" class=\"aligncenter size-full wp-image-203718\" src=\"https:\/\/www.buroperiodistico.com.mx\/wp-content\/uploads\/2026\/03\/Ciberz-III.jpeg\" alt=\"\" width=\"640\" height=\"360\" srcset=\"https:\/\/www.buroperiodistico.com.mx\/wp-content\/uploads\/2026\/03\/Ciberz-III.jpeg 640w, https:\/\/www.buroperiodistico.com.mx\/wp-content\/uploads\/2026\/03\/Ciberz-III-300x169.jpeg 300w\" sizes=\"auto, (max-width: 640px) 100vw, 640px\" \/> <img loading=\"lazy\" decoding=\"async\" class=\"aligncenter size-full wp-image-203717\" src=\"https:\/\/www.buroperiodistico.com.mx\/wp-content\/uploads\/2026\/03\/Ciberz-II.jpeg\" alt=\"\" width=\"640\" height=\"480\" srcset=\"https:\/\/www.buroperiodistico.com.mx\/wp-content\/uploads\/2026\/03\/Ciberz-II.jpeg 640w, https:\/\/www.buroperiodistico.com.mx\/wp-content\/uploads\/2026\/03\/Ciberz-II-300x225.jpeg 300w\" sizes=\"auto, (max-width: 640px) 100vw, 640px\" \/><\/p>\n","protected":false},"excerpt":{"rendered":"<p>Reynosa, Tamaulipas (12-Marzo-2026).- Con el objetivo de fortalecer el civismo digital y la ccultura de&#8230;<\/p>\n","protected":false},"author":1,"featured_media":203719,"comment_status":"closed","ping_status":"closed","sticky":false,"template":"","format":"standard","meta":{"footnotes":"","jetpack_publicize_message":"","jetpack_publicize_feature_enabled":true,"jetpack_social_post_already_shared":true,"jetpack_social_options":{"image_generator_settings":{"template":"highway","default_image_id":0,"font":"","enabled":false},"version":2}},"categories":[10],"tags":[],"class_list":["post-203715","post","type-post","status-publish","format-standard","has-post-thumbnail","hentry","category-tamaulipas"],"jetpack_publicize_connections":[],"_links":{"self":[{"href":"https:\/\/www.buroperiodistico.com.mx\/index.php?rest_route=\/wp\/v2\/posts\/203715","targetHints":{"allow":["GET"]}}],"collection":[{"href":"https:\/\/www.buroperiodistico.com.mx\/index.php?rest_route=\/wp\/v2\/posts"}],"about":[{"href":"https:\/\/www.buroperiodistico.com.mx\/index.php?rest_route=\/wp\/v2\/types\/post"}],"author":[{"embeddable":true,"href":"https:\/\/www.buroperiodistico.com.mx\/index.php?rest_route=\/wp\/v2\/users\/1"}],"replies":[{"embeddable":true,"href":"https:\/\/www.buroperiodistico.com.mx\/index.php?rest_route=%2Fwp%2Fv2%2Fcomments&post=203715"}],"version-history":[{"count":1,"href":"https:\/\/www.buroperiodistico.com.mx\/index.php?rest_route=\/wp\/v2\/posts\/203715\/revisions"}],"predecessor-version":[{"id":203720,"href":"https:\/\/www.buroperiodistico.com.mx\/index.php?rest_route=\/wp\/v2\/posts\/203715\/revisions\/203720"}],"wp:featuredmedia":[{"embeddable":true,"href":"https:\/\/www.buroperiodistico.com.mx\/index.php?rest_route=\/wp\/v2\/media\/203719"}],"wp:attachment":[{"href":"https:\/\/www.buroperiodistico.com.mx\/index.php?rest_route=%2Fwp%2Fv2%2Fmedia&parent=203715"}],"wp:term":[{"taxonomy":"category","embeddable":true,"href":"https:\/\/www.buroperiodistico.com.mx\/index.php?rest_route=%2Fwp%2Fv2%2Fcategories&post=203715"},{"taxonomy":"post_tag","embeddable":true,"href":"https:\/\/www.buroperiodistico.com.mx\/index.php?rest_route=%2Fwp%2Fv2%2Ftags&post=203715"}],"curies":[{"name":"wp","href":"https:\/\/api.w.org\/{rel}","templated":true}]}}