{"id":203692,"date":"2026-03-12T14:14:11","date_gmt":"2026-03-12T19:14:11","guid":{"rendered":"https:\/\/www.buroperiodistico.com.mx\/?p=203692"},"modified":"2026-03-12T14:14:11","modified_gmt":"2026-03-12T19:14:11","slug":"acercan-educacion-forestal-a-estudiantes-de-padilla-con-taller-interactivo","status":"publish","type":"post","link":"https:\/\/www.buroperiodistico.com.mx\/?p=203692","title":{"rendered":"Acercan educaci\u00f3n forestal a estudiantes de Padilla con taller interactivo"},"content":{"rendered":"<p><em><strong><img loading=\"lazy\" decoding=\"async\" class=\" wp-image-203696 alignright\" src=\"https:\/\/www.buroperiodistico.com.mx\/wp-content\/uploads\/2026\/03\/SRUinteractivo.jpeg\" alt=\"\" width=\"507\" height=\"302\" srcset=\"https:\/\/www.buroperiodistico.com.mx\/wp-content\/uploads\/2026\/03\/SRUinteractivo.jpeg 1024w, https:\/\/www.buroperiodistico.com.mx\/wp-content\/uploads\/2026\/03\/SRUinteractivo-300x179.jpeg 300w, https:\/\/www.buroperiodistico.com.mx\/wp-content\/uploads\/2026\/03\/SRUinteractivo-768x458.jpeg 768w\" sizes=\"auto, (max-width: 507px) 100vw, 507px\" \/>Padilla, Tamaulipas (12-Marzo-2026).-<\/strong><\/em> Con el prop\u00f3sito de fortalecer la conciencia ambiental desde la ni\u00f1ez y promover el cuidado de los recursos naturales, la Secretar\u00eda de Desarrollo Rural, Pesca y Acuacultura, a trav\u00e9s de la Direcci\u00f3n de Fomento Forestal, en coordinaci\u00f3n con la Secretar\u00eda de Educaci\u00f3n, imparti\u00f3 el Taller de Sensibilizaci\u00f3n Forestal y Ambiental \u201cDetectives del Conocimiento\u201d en el municipio de Padilla.<\/p>\n<p>Durante la actividad, especialistas forestales compartieron con m\u00e1s de 100 alumnas y alumnos de nivel primaria informaci\u00f3n sobre los beneficios fundamentales que los \u00e1rboles aportan a la vida cotidiana, entre ellos la purificaci\u00f3n del aire, la conservaci\u00f3n del suelo, la regulaci\u00f3n del clima y la generaci\u00f3n de h\u00e1bitats para diversas especies.<\/p>\n<p>A trav\u00e9s de este tipo de iniciativas se busca fomentar la cultura forestal en Tamaulipas mediante la donaci\u00f3n de especies nativas a estudiantes y ciudadan\u00eda, adem\u00e1s de promover el conocimiento t\u00e9cnico sobre su cuidado y reproducci\u00f3n en el Vivero Tamat\u00e1n, considerado una estrategia clave para la restauraci\u00f3n y preservaci\u00f3n del equilibrio ecol\u00f3gico en la entidad.<\/p>\n<p>La jornada destac\u00f3 por su enfoque pr\u00e1ctico y participativo. Mediante la din\u00e1mica denominada \u201cLoter\u00eda Forestal\u201d, las y los estudiantes aprendieron a identificar algunas de las especies que se producen en el vivero estatal, as\u00ed como sus ciclos de crecimiento y los cuidados que requieren para su adecuado desarrollo. Al finalizar la actividad, las y los ganadores recibieron materiales did\u00e1cticos como incentivo a su entusiasmo y participaci\u00f3n.<\/p>\n<p>Como parte del compromiso de la Secretar\u00eda de Desarrollo Rural, Pesca y Acuacultura, encabezada por Antonio Varela Flores, se realiz\u00f3 adem\u00e1s la entrega de 150 plantas de diversas especies adaptadas a la regi\u00f3n, entre las que destacan palo de rosa, lluvia de oro, san pedro, pirul americano, encino roble y palma enana.<\/p>\n<p>Estas acciones forman parte de una estrategia integral que busca que las nuevas generaciones no solo conozcan la importancia del cuidado del medio ambiente, sino que tambi\u00e9n participen activamente en la preservaci\u00f3n de su entorno. Con la entrega de estas plantas, el Vivero Tamat\u00e1n extiende su labor m\u00e1s all\u00e1 de la producci\u00f3n, llevando el mensaje de conservaci\u00f3n y reforestaci\u00f3n directamente a los hogares tamaulipecos en el municipio de Padilla.<\/p>\n<p><img loading=\"lazy\" decoding=\"async\" class=\"aligncenter size-full wp-image-203693\" src=\"https:\/\/www.buroperiodistico.com.mx\/wp-content\/uploads\/2026\/03\/SRUinteractivo-I.jpeg\" alt=\"\" width=\"640\" height=\"284\" srcset=\"https:\/\/www.buroperiodistico.com.mx\/wp-content\/uploads\/2026\/03\/SRUinteractivo-I.jpeg 640w, https:\/\/www.buroperiodistico.com.mx\/wp-content\/uploads\/2026\/03\/SRUinteractivo-I-300x133.jpeg 300w\" sizes=\"auto, (max-width: 640px) 100vw, 640px\" \/> <img loading=\"lazy\" decoding=\"async\" class=\"aligncenter size-full wp-image-203695\" src=\"https:\/\/www.buroperiodistico.com.mx\/wp-content\/uploads\/2026\/03\/SRUinteractivo-III.jpeg\" alt=\"\" width=\"640\" height=\"480\" srcset=\"https:\/\/www.buroperiodistico.com.mx\/wp-content\/uploads\/2026\/03\/SRUinteractivo-III.jpeg 640w, https:\/\/www.buroperiodistico.com.mx\/wp-content\/uploads\/2026\/03\/SRUinteractivo-III-300x225.jpeg 300w\" sizes=\"auto, (max-width: 640px) 100vw, 640px\" \/> <img loading=\"lazy\" decoding=\"async\" class=\"aligncenter size-full wp-image-203694\" src=\"https:\/\/www.buroperiodistico.com.mx\/wp-content\/uploads\/2026\/03\/SRUinteractivo-II.jpeg\" alt=\"\" width=\"640\" height=\"397\" srcset=\"https:\/\/www.buroperiodistico.com.mx\/wp-content\/uploads\/2026\/03\/SRUinteractivo-II.jpeg 640w, https:\/\/www.buroperiodistico.com.mx\/wp-content\/uploads\/2026\/03\/SRUinteractivo-II-300x186.jpeg 300w\" sizes=\"auto, (max-width: 640px) 100vw, 640px\" \/><\/p>\n","protected":false},"excerpt":{"rendered":"<p>Padilla, Tamaulipas (12-Marzo-2026).- Con el prop\u00f3sito de fortalecer la conciencia ambiental desde la ni\u00f1ez y&#8230;<\/p>\n","protected":false},"author":1,"featured_media":203696,"comment_status":"closed","ping_status":"closed","sticky":false,"template":"","format":"standard","meta":{"footnotes":"","jetpack_publicize_message":"","jetpack_publicize_feature_enabled":true,"jetpack_social_post_already_shared":true,"jetpack_social_options":{"image_generator_settings":{"template":"highway","default_image_id":0,"font":"","enabled":false},"version":2}},"categories":[10],"tags":[],"class_list":["post-203692","post","type-post","status-publish","format-standard","has-post-thumbnail","hentry","category-tamaulipas"],"jetpack_publicize_connections":[],"_links":{"self":[{"href":"https:\/\/www.buroperiodistico.com.mx\/index.php?rest_route=\/wp\/v2\/posts\/203692","targetHints":{"allow":["GET"]}}],"collection":[{"href":"https:\/\/www.buroperiodistico.com.mx\/index.php?rest_route=\/wp\/v2\/posts"}],"about":[{"href":"https:\/\/www.buroperiodistico.com.mx\/index.php?rest_route=\/wp\/v2\/types\/post"}],"author":[{"embeddable":true,"href":"https:\/\/www.buroperiodistico.com.mx\/index.php?rest_route=\/wp\/v2\/users\/1"}],"replies":[{"embeddable":true,"href":"https:\/\/www.buroperiodistico.com.mx\/index.php?rest_route=%2Fwp%2Fv2%2Fcomments&post=203692"}],"version-history":[{"count":1,"href":"https:\/\/www.buroperiodistico.com.mx\/index.php?rest_route=\/wp\/v2\/posts\/203692\/revisions"}],"predecessor-version":[{"id":203697,"href":"https:\/\/www.buroperiodistico.com.mx\/index.php?rest_route=\/wp\/v2\/posts\/203692\/revisions\/203697"}],"wp:featuredmedia":[{"embeddable":true,"href":"https:\/\/www.buroperiodistico.com.mx\/index.php?rest_route=\/wp\/v2\/media\/203696"}],"wp:attachment":[{"href":"https:\/\/www.buroperiodistico.com.mx\/index.php?rest_route=%2Fwp%2Fv2%2Fmedia&parent=203692"}],"wp:term":[{"taxonomy":"category","embeddable":true,"href":"https:\/\/www.buroperiodistico.com.mx\/index.php?rest_route=%2Fwp%2Fv2%2Fcategories&post=203692"},{"taxonomy":"post_tag","embeddable":true,"href":"https:\/\/www.buroperiodistico.com.mx\/index.php?rest_route=%2Fwp%2Fv2%2Ftags&post=203692"}],"curies":[{"name":"wp","href":"https:\/\/api.w.org\/{rel}","templated":true}]}}