{"id":203689,"date":"2026-03-12T14:08:03","date_gmt":"2026-03-12T19:08:03","guid":{"rendered":"https:\/\/www.buroperiodistico.com.mx\/?p=203689"},"modified":"2026-03-12T14:08:03","modified_gmt":"2026-03-12T19:08:03","slug":"senadores-de-morena-respaldamos-la-reforma-de-la-presidenta-claudia-sheinbaum-para-terminar-con-pensiones-doradas-olga-sosa","status":"publish","type":"post","link":"https:\/\/www.buroperiodistico.com.mx\/?p=203689","title":{"rendered":"Senadores de Morena respaldamos la reforma de la presidenta Claudia Sheinbaum para terminar con pensiones doradas: Olga Sosa"},"content":{"rendered":"<ul>\n<li><strong><em>\u201cCon esta reforma avanzamos hacia un sistema m\u00e1s justo, donde las pensiones cumplan su funci\u00f3n social sin convertirse en privilegios financiados por el pueblo\u201d<\/em><\/strong><\/li>\n<\/ul>\n<p><strong><img loading=\"lazy\" decoding=\"async\" class=\" wp-image-203690 alignright\" src=\"https:\/\/www.buroperiodistico.com.mx\/wp-content\/uploads\/2026\/03\/Olgaxz-1.jpeg\" alt=\"\" width=\"521\" height=\"332\" srcset=\"https:\/\/www.buroperiodistico.com.mx\/wp-content\/uploads\/2026\/03\/Olgaxz-1.jpeg 1024w, https:\/\/www.buroperiodistico.com.mx\/wp-content\/uploads\/2026\/03\/Olgaxz-1-300x191.jpeg 300w, https:\/\/www.buroperiodistico.com.mx\/wp-content\/uploads\/2026\/03\/Olgaxz-1-768x490.jpeg 768w\" sizes=\"auto, (max-width: 521px) 100vw, 521px\" \/>Ciudad de M\u00e9xico (12-Marzo-2026).-<\/strong> El pleno del Senado de la Rep\u00fablica, aprob\u00f3 la reforma al art\u00edculo 127 de la Constituci\u00f3n enviado por la presidenta de la Rep\u00fablica Claudia Sheinbaum Pardo. La senadora Olga Patricia Sosa Ru\u00edz expres\u00f3 su respaldo a esta reforma constitucional de la presidenta de M\u00e9xico, Claudia Sheinbaum Pardo, cuyo objetivo principal es establecer un l\u00edmite a las jubilaciones y pensiones financiadas con recursos p\u00fablicos, y as\u00ed terminar con privilegios y garantizar un uso justo y responsable del presupuesto p\u00fablico.<\/p>\n<p>Durante el an\u00e1lisis del dictamen, la legisladora destac\u00f3 que esta iniciativa forma parte del proceso de transformaci\u00f3n del pa\u00eds, al fortalecer los principios de austeridad republicana, justicia social y responsabilidad financiera.<\/p>\n<p>\u201cLa pensi\u00f3n es un derecho que reconoce el esfuerzo de las y los trabajadores a lo largo de su vida laboral, pero no puede convertirse en un privilegio pagado con recursos p\u00fablicos que pertenecen a todas y todos los mexicanos\u201d, se\u00f1al\u00f3 la senadora tamaulipeca.<\/p>\n<p>La reforma establece que las jubilaciones y pensiones del personal de confianza en organismos descentralizados, empresas p\u00fablicas y entidades paraestatales no podr\u00e1n exceder la mitad de la remuneraci\u00f3n de la persona titular del Ejecutivo Federal, con lo cual se busca ordenar el sistema pensionario financiado con recursos del Estado.<\/p>\n<p>La senadora Sosa subray\u00f3 que el objetivo es corregir distorsiones hist\u00f3ricas en algunos esquemas de pensiones que hoy generan cargas presupuestarias elevadas en instituciones p\u00fablicas como Petr\u00f3leos Mexicanos o la extinta Luz y Fuerza del Centro.<br \/>\nEsta reforma fortalece el proyecto de transformaci\u00f3n, \u201cla cuarta transformaci\u00f3n se ha caracterizado por los programas de bienestar, los derechos que hemos votado, logrado y conquistado, lo que queremos es seguir logrando que m\u00e1s mexicanas y mexicanos salgan de la pobreza y de que haya menos pensiones millonarias\u201d enfatiz\u00f3, en sinton\u00eda con esta reforma que busca garantizar pensiones dignas, pero sin privilegios, para que los recursos p\u00fablicos puedan destinarse al bienestar del pueblo.<\/p>\n","protected":false},"excerpt":{"rendered":"<p>\u201cCon esta reforma avanzamos hacia un sistema m\u00e1s justo, donde las pensiones cumplan su funci\u00f3n&#8230;<\/p>\n","protected":false},"author":1,"featured_media":203690,"comment_status":"closed","ping_status":"closed","sticky":false,"template":"","format":"standard","meta":{"footnotes":"","jetpack_publicize_message":"","jetpack_publicize_feature_enabled":true,"jetpack_social_post_already_shared":true,"jetpack_social_options":{"image_generator_settings":{"template":"highway","default_image_id":0,"font":"","enabled":false},"version":2}},"categories":[11],"tags":[],"class_list":["post-203689","post","type-post","status-publish","format-standard","has-post-thumbnail","hentry","category-nacional"],"jetpack_publicize_connections":[],"_links":{"self":[{"href":"https:\/\/www.buroperiodistico.com.mx\/index.php?rest_route=\/wp\/v2\/posts\/203689","targetHints":{"allow":["GET"]}}],"collection":[{"href":"https:\/\/www.buroperiodistico.com.mx\/index.php?rest_route=\/wp\/v2\/posts"}],"about":[{"href":"https:\/\/www.buroperiodistico.com.mx\/index.php?rest_route=\/wp\/v2\/types\/post"}],"author":[{"embeddable":true,"href":"https:\/\/www.buroperiodistico.com.mx\/index.php?rest_route=\/wp\/v2\/users\/1"}],"replies":[{"embeddable":true,"href":"https:\/\/www.buroperiodistico.com.mx\/index.php?rest_route=%2Fwp%2Fv2%2Fcomments&post=203689"}],"version-history":[{"count":1,"href":"https:\/\/www.buroperiodistico.com.mx\/index.php?rest_route=\/wp\/v2\/posts\/203689\/revisions"}],"predecessor-version":[{"id":203691,"href":"https:\/\/www.buroperiodistico.com.mx\/index.php?rest_route=\/wp\/v2\/posts\/203689\/revisions\/203691"}],"wp:featuredmedia":[{"embeddable":true,"href":"https:\/\/www.buroperiodistico.com.mx\/index.php?rest_route=\/wp\/v2\/media\/203690"}],"wp:attachment":[{"href":"https:\/\/www.buroperiodistico.com.mx\/index.php?rest_route=%2Fwp%2Fv2%2Fmedia&parent=203689"}],"wp:term":[{"taxonomy":"category","embeddable":true,"href":"https:\/\/www.buroperiodistico.com.mx\/index.php?rest_route=%2Fwp%2Fv2%2Fcategories&post=203689"},{"taxonomy":"post_tag","embeddable":true,"href":"https:\/\/www.buroperiodistico.com.mx\/index.php?rest_route=%2Fwp%2Fv2%2Ftags&post=203689"}],"curies":[{"name":"wp","href":"https:\/\/api.w.org\/{rel}","templated":true}]}}