{"id":203683,"date":"2026-03-12T13:58:39","date_gmt":"2026-03-12T18:58:39","guid":{"rendered":"https:\/\/www.buroperiodistico.com.mx\/?p=203683"},"modified":"2026-03-12T13:58:39","modified_gmt":"2026-03-12T18:58:39","slug":"entrega-alcaldesa-carmen-lilia-canturosas-20-unidades-y-una-apagadora-nueva-a-proteccion-civil-y-bomberos","status":"publish","type":"post","link":"https:\/\/www.buroperiodistico.com.mx\/?p=203683","title":{"rendered":"ENTREGA ALCALDESA CARMEN LILIA CANTUROSAS 20 UNIDADES Y UNA APAGADORA NUEVA A\u00a0 PROTECCI\u00d3N CIVIL Y BOMBEROS"},"content":{"rendered":"<p dir=\"ltr\"><em><strong><img loading=\"lazy\" decoding=\"async\" class=\" wp-image-203687 alignright\" src=\"https:\/\/www.buroperiodistico.com.mx\/wp-content\/uploads\/2026\/03\/CLCRx-1.jpg\" alt=\"\" width=\"523\" height=\"326\" srcset=\"https:\/\/www.buroperiodistico.com.mx\/wp-content\/uploads\/2026\/03\/CLCRx-1.jpg 1024w, https:\/\/www.buroperiodistico.com.mx\/wp-content\/uploads\/2026\/03\/CLCRx-1-300x187.jpg 300w, https:\/\/www.buroperiodistico.com.mx\/wp-content\/uploads\/2026\/03\/CLCRx-1-768x479.jpg 768w\" sizes=\"auto, (max-width: 523px) 100vw, 523px\" \/>Nuevo Laredo, Tam (12-Marzo-2026).-<\/strong><\/em>\u00a0En reconocimiento a la labor que diariamente realizan los hombres y mujeres que protegen la vida y el patrimonio de la ciudadan\u00eda, el Gobierno Municipal realiz\u00f3 la entrega de nuevas unidades a la Direcci\u00f3n de Protecci\u00f3n Civil y Bomberos, con una inversi\u00f3n de 30 millones 118 mil pesos, con el objetivo de fortalecer su capacidad operativa ante cualquier emergencia.<\/p>\n<p dir=\"ltr\">Durante el acto, autoridades municipales destacaron que brindar herramientas de calidad a quienes arriesgan su vida diariamente es una prioridad para la administraci\u00f3n, ya que su labor es fundamental para salvaguardar la integridad de la ciudadan\u00eda.<\/p>\n<p dir=\"ltr\">La alcaldesa destac\u00f3 que este nuevo equipamiento permitir\u00e1 mejorar la movilidad, atenci\u00f3n y combate de emergencias en distintos puntos de la ciudad.<\/p>\n<p dir=\"ltr\">\u201cEn este Gobierno de Nuevo Laredo tenemos claro que la valent\u00eda de nuestros bomberos y rescatistas debe estar respaldada por herramientas de primera calidad. No podemos exigirles hero\u00edsmo si no les entregamos el equipo necesario para cumplir su misi\u00f3n y regresar a salvo a casa\u201d, expres\u00f3.<\/p>\n<p dir=\"ltr\">La entrega contempla 20 camionetas Ford Ranger XL modelo 2025, para reforzar la movilidad y respuesta r\u00e1pida de las cuadrillas de emergencia, as\u00ed como una apagadora Freightliner modelo M2 106 a\u00f1o 2026, unidad especializada para el combate de incendios de gran magnitud.<\/p>\n<p dir=\"ltr\">Con esta acci\u00f3n, el gobierno municipal contin\u00faa fortaleciendo la infraestructura operativa de la corporaci\u00f3n, que diariamente atiende emergencias, rescates y situaciones de riesgo en beneficio de la poblaci\u00f3n.<\/p>\n<p dir=\"ltr\">La alcaldesa reconoci\u00f3 adem\u00e1s el trabajo del personal de la corporaci\u00f3n y agradeci\u00f3 las palabras de la Comandante Teresa Casta\u00f1eda Carmona, quien habl\u00f3 en representaci\u00f3n del heroico cuerpo de bomberos y protecci\u00f3n civil.<\/p>\n<p dir=\"ltr\">Esta entrega forma parte de un programa integral de fortalecimiento institucional que inici\u00f3 desde 2025. En abril de ese a\u00f1o se entregaron 170 art\u00edculos de equipamiento y herramientas de protecci\u00f3n con una inversi\u00f3n de 277 mil 905 pesos.<\/p>\n<p dir=\"ltr\">Posteriormente, en agosto de 2025, se dot\u00f3 a la corporaci\u00f3n con 276 equipos especializados, entre ellos kits para bomberos, equipo de recarga de cilindros, mangueras, pitones y equipos de aire aut\u00f3nomo, con una inversi\u00f3n superior a 20 millones 236 mil pesos.<\/p>\n<p dir=\"ltr\">M\u00e1s adelante, en noviembre de 2025, se reforz\u00f3 el parque vehicular con cuatro unidades F-150, ambulancias y una unidad Fast-Attack, con una inversi\u00f3n de 12 millones 323 mil 085 pesos.<\/p>\n<p dir=\"ltr\">Con la suma de estas acciones y la entrega realizada este d\u00eda, la inversi\u00f3n total destinada al fortalecimiento de Protecci\u00f3n Civil y Bomberos asciende a 70 millones 392 mil 045 pesos con 17 centavos, una cifra hist\u00f3rica para el equipamiento de la corporaci\u00f3n.<\/p>\n<p dir=\"ltr\">Canturosas Villarreal tambi\u00e9n anunci\u00f3 que pr\u00f3ximamente se integrar\u00e1n dos mini bombas Fast-Attack adicionales, con una inversi\u00f3n superior a 7 millones 436 mil pesos, lo que permitir\u00e1 ampliar a\u00fan m\u00e1s la capacidad de respuesta ante emergencias.<\/p>\n<p dir=\"ltr\">Finalmente, la presidenta municipal destac\u00f3 que estos avances son resultado del trabajo coordinado entre los distintos niveles de gobierno y agradeci\u00f3 el respaldo de la presidenta de M\u00e9xico Claudia Sheinbaum Pardo y del gobernador de Tamaulipas Am\u00e9rico Villarreal Anaya, aliados estrat\u00e9gicos para impulsar acciones que beneficien a la ciudadan\u00eda.<\/p>\n<p dir=\"ltr\">\u201cQue Nuevo Laredo sea una ciudad preparada para cualquier emergencia es una tarea que juntos hacemos posible\u201d, concluy\u00f3.<\/p>\n<p dir=\"ltr\"><img loading=\"lazy\" decoding=\"async\" class=\"aligncenter size-full wp-image-203684\" src=\"https:\/\/www.buroperiodistico.com.mx\/wp-content\/uploads\/2026\/03\/CLCRx-I-1.jpg\" alt=\"\" width=\"640\" height=\"428\" srcset=\"https:\/\/www.buroperiodistico.com.mx\/wp-content\/uploads\/2026\/03\/CLCRx-I-1.jpg 640w, https:\/\/www.buroperiodistico.com.mx\/wp-content\/uploads\/2026\/03\/CLCRx-I-1-300x201.jpg 300w\" sizes=\"auto, (max-width: 640px) 100vw, 640px\" \/> <img loading=\"lazy\" decoding=\"async\" class=\"aligncenter size-full wp-image-203686\" src=\"https:\/\/www.buroperiodistico.com.mx\/wp-content\/uploads\/2026\/03\/CLCRx-III-1.jpg\" alt=\"\" width=\"640\" height=\"428\" srcset=\"https:\/\/www.buroperiodistico.com.mx\/wp-content\/uploads\/2026\/03\/CLCRx-III-1.jpg 640w, https:\/\/www.buroperiodistico.com.mx\/wp-content\/uploads\/2026\/03\/CLCRx-III-1-300x201.jpg 300w\" sizes=\"auto, (max-width: 640px) 100vw, 640px\" \/> <img loading=\"lazy\" decoding=\"async\" class=\"aligncenter size-full wp-image-203685\" src=\"https:\/\/www.buroperiodistico.com.mx\/wp-content\/uploads\/2026\/03\/CLCRx-II-1.jpg\" alt=\"\" width=\"640\" height=\"427\" srcset=\"https:\/\/www.buroperiodistico.com.mx\/wp-content\/uploads\/2026\/03\/CLCRx-II-1.jpg 640w, https:\/\/www.buroperiodistico.com.mx\/wp-content\/uploads\/2026\/03\/CLCRx-II-1-300x200.jpg 300w\" sizes=\"auto, (max-width: 640px) 100vw, 640px\" \/><\/p>\n","protected":false},"excerpt":{"rendered":"<p>Nuevo Laredo, Tam (12-Marzo-2026).-\u00a0En reconocimiento a la labor que diariamente realizan los hombres y mujeres&#8230;<\/p>\n","protected":false},"author":1,"featured_media":203687,"comment_status":"closed","ping_status":"closed","sticky":false,"template":"","format":"standard","meta":{"footnotes":"","jetpack_publicize_message":"","jetpack_publicize_feature_enabled":true,"jetpack_social_post_already_shared":true,"jetpack_social_options":{"image_generator_settings":{"template":"highway","default_image_id":0,"font":"","enabled":false},"version":2}},"categories":[16,25],"tags":[],"class_list":["post-203683","post","type-post","status-publish","format-standard","has-post-thumbnail","hentry","category-nuevolaredo","category-portada"],"jetpack_publicize_connections":[],"_links":{"self":[{"href":"https:\/\/www.buroperiodistico.com.mx\/index.php?rest_route=\/wp\/v2\/posts\/203683","targetHints":{"allow":["GET"]}}],"collection":[{"href":"https:\/\/www.buroperiodistico.com.mx\/index.php?rest_route=\/wp\/v2\/posts"}],"about":[{"href":"https:\/\/www.buroperiodistico.com.mx\/index.php?rest_route=\/wp\/v2\/types\/post"}],"author":[{"embeddable":true,"href":"https:\/\/www.buroperiodistico.com.mx\/index.php?rest_route=\/wp\/v2\/users\/1"}],"replies":[{"embeddable":true,"href":"https:\/\/www.buroperiodistico.com.mx\/index.php?rest_route=%2Fwp%2Fv2%2Fcomments&post=203683"}],"version-history":[{"count":1,"href":"https:\/\/www.buroperiodistico.com.mx\/index.php?rest_route=\/wp\/v2\/posts\/203683\/revisions"}],"predecessor-version":[{"id":203688,"href":"https:\/\/www.buroperiodistico.com.mx\/index.php?rest_route=\/wp\/v2\/posts\/203683\/revisions\/203688"}],"wp:featuredmedia":[{"embeddable":true,"href":"https:\/\/www.buroperiodistico.com.mx\/index.php?rest_route=\/wp\/v2\/media\/203687"}],"wp:attachment":[{"href":"https:\/\/www.buroperiodistico.com.mx\/index.php?rest_route=%2Fwp%2Fv2%2Fmedia&parent=203683"}],"wp:term":[{"taxonomy":"category","embeddable":true,"href":"https:\/\/www.buroperiodistico.com.mx\/index.php?rest_route=%2Fwp%2Fv2%2Fcategories&post=203683"},{"taxonomy":"post_tag","embeddable":true,"href":"https:\/\/www.buroperiodistico.com.mx\/index.php?rest_route=%2Fwp%2Fv2%2Ftags&post=203683"}],"curies":[{"name":"wp","href":"https:\/\/api.w.org\/{rel}","templated":true}]}}