{"id":203659,"date":"2026-03-12T11:12:32","date_gmt":"2026-03-12T16:12:32","guid":{"rendered":"https:\/\/www.buroperiodistico.com.mx\/?p=203659"},"modified":"2026-03-12T11:12:32","modified_gmt":"2026-03-12T16:12:32","slug":"impulsa-dif-reynosa-inclusion-laboral-para-personas-mayores-de-50-anos","status":"publish","type":"post","link":"https:\/\/www.buroperiodistico.com.mx\/?p=203659","title":{"rendered":"Impulsa DIF-Reynosa inclusi\u00f3n laboral para personas mayores de 50 a\u00f1os"},"content":{"rendered":"<p><em><strong><img loading=\"lazy\" decoding=\"async\" class=\" wp-image-203660 alignright\" src=\"https:\/\/www.buroperiodistico.com.mx\/wp-content\/uploads\/2026\/03\/DIFx-3.jpeg\" alt=\"\" width=\"506\" height=\"308\" srcset=\"https:\/\/www.buroperiodistico.com.mx\/wp-content\/uploads\/2026\/03\/DIFx-3.jpeg 1024w, https:\/\/www.buroperiodistico.com.mx\/wp-content\/uploads\/2026\/03\/DIFx-3-300x183.jpeg 300w, https:\/\/www.buroperiodistico.com.mx\/wp-content\/uploads\/2026\/03\/DIFx-3-768x467.jpeg 768w\" sizes=\"auto, (max-width: 506px) 100vw, 506px\" \/>Reynosa, Tam (12-Marzo-2026).-<\/strong><\/em> Con el compromiso de generar mayores oportunidades para la comunidad, el Sistema DIF-Reynosa que preside Carlos Luis Pe\u00f1a Garza, llev\u00f3 a cabo la firma de un convenio de colaboraci\u00f3n con el establecimiento La Pozoler\u00eda Reynosa, con el objetivo de impulsar la inclusi\u00f3n laboral de personas mayores de 50 a\u00f1os y promover espacios de trabajo dignos que favorezcan su desarrollo.<\/p>\n<p>A trav\u00e9s de este acuerdo, se busca brindar oportunidades de empleo que permitan a las personas adultas mayores fortalecer su autonom\u00eda econ\u00f3mica, mejorar su calidad de vida y continuar participando activamente en el \u00e1mbito productivo.<\/p>\n<p>Firmaron el convenio: el Presidente del Patronato DIF Municipal, Carlos Luis Pe\u00f1a Garza como testigo de honor, la Directora general, Gabriela Rosas Blanco, Efr\u00e9n Garc\u00eda Antonio, propietario del restaurante La Pozoler\u00eda Reynosa, Misael Montoya Garc\u00eda, Comisario del DIF, Jorge Luis Z\u00fa\u00f1iga Becerra, subdirector de Adulto Activo y Denizly Reyna Vera, como testigo.<\/p>\n","protected":false},"excerpt":{"rendered":"<p>Reynosa, Tam (12-Marzo-2026).- Con el compromiso de generar mayores oportunidades para la comunidad, el Sistema&#8230;<\/p>\n","protected":false},"author":1,"featured_media":203660,"comment_status":"closed","ping_status":"closed","sticky":false,"template":"","format":"standard","meta":{"footnotes":"","jetpack_publicize_message":"","jetpack_publicize_feature_enabled":true,"jetpack_social_post_already_shared":true,"jetpack_social_options":{"image_generator_settings":{"template":"highway","default_image_id":0,"font":"","enabled":false},"version":2}},"categories":[9],"tags":[],"class_list":["post-203659","post","type-post","status-publish","format-standard","has-post-thumbnail","hentry","category-reynosa"],"jetpack_publicize_connections":[],"_links":{"self":[{"href":"https:\/\/www.buroperiodistico.com.mx\/index.php?rest_route=\/wp\/v2\/posts\/203659","targetHints":{"allow":["GET"]}}],"collection":[{"href":"https:\/\/www.buroperiodistico.com.mx\/index.php?rest_route=\/wp\/v2\/posts"}],"about":[{"href":"https:\/\/www.buroperiodistico.com.mx\/index.php?rest_route=\/wp\/v2\/types\/post"}],"author":[{"embeddable":true,"href":"https:\/\/www.buroperiodistico.com.mx\/index.php?rest_route=\/wp\/v2\/users\/1"}],"replies":[{"embeddable":true,"href":"https:\/\/www.buroperiodistico.com.mx\/index.php?rest_route=%2Fwp%2Fv2%2Fcomments&post=203659"}],"version-history":[{"count":1,"href":"https:\/\/www.buroperiodistico.com.mx\/index.php?rest_route=\/wp\/v2\/posts\/203659\/revisions"}],"predecessor-version":[{"id":203661,"href":"https:\/\/www.buroperiodistico.com.mx\/index.php?rest_route=\/wp\/v2\/posts\/203659\/revisions\/203661"}],"wp:featuredmedia":[{"embeddable":true,"href":"https:\/\/www.buroperiodistico.com.mx\/index.php?rest_route=\/wp\/v2\/media\/203660"}],"wp:attachment":[{"href":"https:\/\/www.buroperiodistico.com.mx\/index.php?rest_route=%2Fwp%2Fv2%2Fmedia&parent=203659"}],"wp:term":[{"taxonomy":"category","embeddable":true,"href":"https:\/\/www.buroperiodistico.com.mx\/index.php?rest_route=%2Fwp%2Fv2%2Fcategories&post=203659"},{"taxonomy":"post_tag","embeddable":true,"href":"https:\/\/www.buroperiodistico.com.mx\/index.php?rest_route=%2Fwp%2Fv2%2Ftags&post=203659"}],"curies":[{"name":"wp","href":"https:\/\/api.w.org\/{rel}","templated":true}]}}