{"id":203643,"date":"2026-03-11T21:36:02","date_gmt":"2026-03-12T02:36:02","guid":{"rendered":"https:\/\/www.buroperiodistico.com.mx\/?p=203643"},"modified":"2026-03-11T21:36:02","modified_gmt":"2026-03-12T02:36:02","slug":"voto-cabildo-proyecto-de-depuracion-de-pasivos-del-presupuesto-municipal","status":"publish","type":"post","link":"https:\/\/www.buroperiodistico.com.mx\/?p=203643","title":{"rendered":"Vot\u00f3 Cabildo Proyecto de Depuraci\u00f3n de Pasivos del Presupuesto municipal"},"content":{"rendered":"<p><em><strong>Reynosa, Tam (11-Marzo-2026).-<\/strong><\/em> El Alcalde Carlos Pe\u00f1a Ortiz presidi\u00f3 este mi\u00e9rcoles 11 de marzo del 2026, las LXIX Sexag\u00e9sima Novena y LXX Septuag\u00e9sima Sesi\u00f3n de Cabildo, desarrolladas de forma Ordinaria, donde la Comisi\u00f3n de Hacienda, Presupuesto y Gasto P\u00fablico present\u00f3 una propuesta para su an\u00e1lisis, discusi\u00f3n y en su caso aprobaci\u00f3n.<\/p>\n<p>El Proyecto de Depuraci\u00f3n de Pasivos, presentado al pleno fue votado por unanimidad, una acci\u00f3n que se refleja en la transparencia y buen estado del presupuesto municipal.<\/p>\n<p><img loading=\"lazy\" decoding=\"async\" class=\"aligncenter  wp-image-203645\" src=\"https:\/\/www.buroperiodistico.com.mx\/wp-content\/uploads\/2026\/03\/Cabilx.jpeg\" alt=\"\" width=\"652\" height=\"391\" srcset=\"https:\/\/www.buroperiodistico.com.mx\/wp-content\/uploads\/2026\/03\/Cabilx.jpeg 1024w, https:\/\/www.buroperiodistico.com.mx\/wp-content\/uploads\/2026\/03\/Cabilx-300x180.jpeg 300w, https:\/\/www.buroperiodistico.com.mx\/wp-content\/uploads\/2026\/03\/Cabilx-768x461.jpeg 768w\" sizes=\"auto, (max-width: 652px) 100vw, 652px\" \/> <img loading=\"lazy\" decoding=\"async\" class=\"aligncenter size-full wp-image-203644\" src=\"https:\/\/www.buroperiodistico.com.mx\/wp-content\/uploads\/2026\/03\/Cabilx-I.jpeg\" alt=\"\" width=\"640\" height=\"427\" srcset=\"https:\/\/www.buroperiodistico.com.mx\/wp-content\/uploads\/2026\/03\/Cabilx-I.jpeg 640w, https:\/\/www.buroperiodistico.com.mx\/wp-content\/uploads\/2026\/03\/Cabilx-I-300x200.jpeg 300w\" sizes=\"auto, (max-width: 640px) 100vw, 640px\" \/><\/p>\n","protected":false},"excerpt":{"rendered":"<p>Reynosa, Tam (11-Marzo-2026).- El Alcalde Carlos Pe\u00f1a Ortiz presidi\u00f3 este mi\u00e9rcoles 11 de marzo del&#8230;<\/p>\n","protected":false},"author":1,"featured_media":203645,"comment_status":"closed","ping_status":"closed","sticky":false,"template":"","format":"standard","meta":{"footnotes":"","jetpack_publicize_message":"","jetpack_publicize_feature_enabled":true,"jetpack_social_post_already_shared":true,"jetpack_social_options":{"image_generator_settings":{"template":"highway","default_image_id":0,"font":"","enabled":false},"version":2}},"categories":[25,9],"tags":[],"class_list":["post-203643","post","type-post","status-publish","format-standard","has-post-thumbnail","hentry","category-portada","category-reynosa"],"jetpack_publicize_connections":[],"_links":{"self":[{"href":"https:\/\/www.buroperiodistico.com.mx\/index.php?rest_route=\/wp\/v2\/posts\/203643","targetHints":{"allow":["GET"]}}],"collection":[{"href":"https:\/\/www.buroperiodistico.com.mx\/index.php?rest_route=\/wp\/v2\/posts"}],"about":[{"href":"https:\/\/www.buroperiodistico.com.mx\/index.php?rest_route=\/wp\/v2\/types\/post"}],"author":[{"embeddable":true,"href":"https:\/\/www.buroperiodistico.com.mx\/index.php?rest_route=\/wp\/v2\/users\/1"}],"replies":[{"embeddable":true,"href":"https:\/\/www.buroperiodistico.com.mx\/index.php?rest_route=%2Fwp%2Fv2%2Fcomments&post=203643"}],"version-history":[{"count":1,"href":"https:\/\/www.buroperiodistico.com.mx\/index.php?rest_route=\/wp\/v2\/posts\/203643\/revisions"}],"predecessor-version":[{"id":203646,"href":"https:\/\/www.buroperiodistico.com.mx\/index.php?rest_route=\/wp\/v2\/posts\/203643\/revisions\/203646"}],"wp:featuredmedia":[{"embeddable":true,"href":"https:\/\/www.buroperiodistico.com.mx\/index.php?rest_route=\/wp\/v2\/media\/203645"}],"wp:attachment":[{"href":"https:\/\/www.buroperiodistico.com.mx\/index.php?rest_route=%2Fwp%2Fv2%2Fmedia&parent=203643"}],"wp:term":[{"taxonomy":"category","embeddable":true,"href":"https:\/\/www.buroperiodistico.com.mx\/index.php?rest_route=%2Fwp%2Fv2%2Fcategories&post=203643"},{"taxonomy":"post_tag","embeddable":true,"href":"https:\/\/www.buroperiodistico.com.mx\/index.php?rest_route=%2Fwp%2Fv2%2Ftags&post=203643"}],"curies":[{"name":"wp","href":"https:\/\/api.w.org\/{rel}","templated":true}]}}