{"id":203630,"date":"2026-03-11T20:36:00","date_gmt":"2026-03-12T01:36:00","guid":{"rendered":"https:\/\/www.buroperiodistico.com.mx\/?p=203630"},"modified":"2026-03-11T20:36:00","modified_gmt":"2026-03-12T01:36:00","slug":"promueven-sedener-sener-y-el-imp-igualdad-de-genero-dentro-del-sector-energetico-con-el-foro-mujeres-con-energia-que-transforman","status":"publish","type":"post","link":"https:\/\/www.buroperiodistico.com.mx\/?p=203630","title":{"rendered":"Promueven SEDENER, SENER y el IMP igualdad de g\u00e9nero dentro del sector energ\u00e9tico con el foro: \u201cMujeres con Energ\u00eda que Transforman\u201d"},"content":{"rendered":"<p><em><strong><img loading=\"lazy\" decoding=\"async\" class=\" wp-image-203635 alignright\" src=\"https:\/\/www.buroperiodistico.com.mx\/wp-content\/uploads\/2026\/03\/SDETransforman.jpeg\" alt=\"\" width=\"555\" height=\"334\" srcset=\"https:\/\/www.buroperiodistico.com.mx\/wp-content\/uploads\/2026\/03\/SDETransforman.jpeg 1024w, https:\/\/www.buroperiodistico.com.mx\/wp-content\/uploads\/2026\/03\/SDETransforman-300x180.jpeg 300w, https:\/\/www.buroperiodistico.com.mx\/wp-content\/uploads\/2026\/03\/SDETransforman-768x462.jpeg 768w\" sizes=\"auto, (max-width: 555px) 100vw, 555px\" \/>Reynosa, Tamaulipas (11-Marzo-2026).-<\/strong><\/em> Con el objetivo de promover la equidad e igualdad de g\u00e9nero dentro del sector energ\u00e9tico, la Secretar\u00eda de Desarrollo Energ\u00e9tico y el Instituto Mexicano del Petr\u00f3leo realizaron el evento: \u201cMujeres con Energ\u00eda que Transforman\u201d en las instalaciones de la Unidad Multidisciplinaria Acad\u00e9mica Reynosa Rodhe de la Universidad Aut\u00f3noma de Tamaulipas.<\/p>\n<p>En este acto, la directora general del IMP, Elizabeth Mar Ju\u00e1rez declar\u00f3 que, en el marco de este 8 de marzo, han realizado este tipo de eventos en distintas sedes como Veracruz, Tabasco, Ciudad de M\u00e9xico y Tamaulipas, impulsando la participaci\u00f3n de las j\u00f3venes y mujeres en las carreras de ciencia, tecnolog\u00eda, ingenier\u00eda y matem\u00e1ticas, adem\u00e1s de que sean lugares seguros para ellas.<\/p>\n<p>En el uso de la voz, la secretaria particular de la SEDENER, Magali Terraza, se\u00f1al\u00f3 que, el sector energ\u00e9tico actualmente se integra con el 50% de mujeres, pero a\u00fan hace falta lograr una mayor presencia de mujeres en espacios de toma de decisiones y en igualdad salarial.<\/p>\n<p>\u201cDe todas mis compa\u00f1eras somos m\u00e1s del 50% en el sector energ\u00e9tico, liderando procesos, proyectos y equipos de trabajo que nos permite tambi\u00e9n dar voz de esos pasos agigantados en el sector energ\u00e9tico, el cual ser\u00e1 con las mujeres o no ser\u00e1\u201d, exclam\u00f3.<\/p>\n<p>El secretario Walter Juli\u00e1n \u00c1ngel Jim\u00e9nez reconoci\u00f3 el proceso de lucha y en seguir reconociendo estos esfuerzos para alcanzar la justicia en todos los \u00e1mbitos.<\/p>\n<p>\u201cLo que nos corresponde a todos los que estamos en esta posici\u00f3n es reconocer todo el proceso de lucha y apoyar de manera constante que, se sigan desarrollando hasta que se encuentren las condiciones para alcanzar la justicia que se busca en todos los \u00e1mbitos\u201d, finaliz\u00f3.<\/p>\n<p>Durante el encuentro se llevaron a cabo las Conferencia Magistrales: \u201cLenguaje Incluyente\u201d impartido por Olga Paul\u00edn Ch\u00e1vez, titular de la Unidad de G\u00e9nero y No Discriminaci\u00f3n de la Secretar\u00eda de Energ\u00eda; la Conferencia Magistral dirigida por Karelis Holuby, directora adjunta del Proyecto Trion, Woodside Energy; y el Panel de Expertas: \u00abEmpoderamiento de las mujeres en el sector energ\u00e9tico y con miras al 2030\u00bb.<\/p>\n<p>En el acto inaugural, se tuvo la presencia de la directora general del IMP, Elizabeth Mar Ju\u00e1rez; de la secretaria acad\u00e9mica de la UAT Reynosa Rodhe, Lourdes Garc\u00eda Rivera; el enlace de g\u00e9nero y no discriminaci\u00f3n del IMP, Nancy Mendoza \u00c1lcala; la presidenta de la Asociaci\u00f3n Mexicana de Almacenamiento y Movilidad, Yolanda Villegas y de la directora general del Instituto de las Mujeres en Tamaulipas, Marcia Benavides Villafranca.<\/p>\n<p><img loading=\"lazy\" decoding=\"async\" class=\"aligncenter size-full wp-image-203631\" src=\"https:\/\/www.buroperiodistico.com.mx\/wp-content\/uploads\/2026\/03\/SDETransforman-I.jpeg\" alt=\"\" width=\"640\" height=\"426\" srcset=\"https:\/\/www.buroperiodistico.com.mx\/wp-content\/uploads\/2026\/03\/SDETransforman-I.jpeg 640w, https:\/\/www.buroperiodistico.com.mx\/wp-content\/uploads\/2026\/03\/SDETransforman-I-300x200.jpeg 300w\" sizes=\"auto, (max-width: 640px) 100vw, 640px\" \/> <img loading=\"lazy\" decoding=\"async\" class=\"aligncenter size-full wp-image-203634\" src=\"https:\/\/www.buroperiodistico.com.mx\/wp-content\/uploads\/2026\/03\/SDETransforman-IIII.jpeg\" alt=\"\" width=\"640\" height=\"426\" srcset=\"https:\/\/www.buroperiodistico.com.mx\/wp-content\/uploads\/2026\/03\/SDETransforman-IIII.jpeg 640w, https:\/\/www.buroperiodistico.com.mx\/wp-content\/uploads\/2026\/03\/SDETransforman-IIII-300x200.jpeg 300w\" sizes=\"auto, (max-width: 640px) 100vw, 640px\" \/> <img loading=\"lazy\" decoding=\"async\" class=\"aligncenter size-full wp-image-203633\" src=\"https:\/\/www.buroperiodistico.com.mx\/wp-content\/uploads\/2026\/03\/SDETransforman-III.jpeg\" alt=\"\" width=\"640\" height=\"426\" srcset=\"https:\/\/www.buroperiodistico.com.mx\/wp-content\/uploads\/2026\/03\/SDETransforman-III.jpeg 640w, https:\/\/www.buroperiodistico.com.mx\/wp-content\/uploads\/2026\/03\/SDETransforman-III-300x200.jpeg 300w\" sizes=\"auto, (max-width: 640px) 100vw, 640px\" \/> <img loading=\"lazy\" decoding=\"async\" class=\"aligncenter size-full wp-image-203632\" src=\"https:\/\/www.buroperiodistico.com.mx\/wp-content\/uploads\/2026\/03\/SDETransforman-II.jpeg\" alt=\"\" width=\"640\" height=\"426\" srcset=\"https:\/\/www.buroperiodistico.com.mx\/wp-content\/uploads\/2026\/03\/SDETransforman-II.jpeg 640w, https:\/\/www.buroperiodistico.com.mx\/wp-content\/uploads\/2026\/03\/SDETransforman-II-300x200.jpeg 300w\" sizes=\"auto, (max-width: 640px) 100vw, 640px\" \/><\/p>\n","protected":false},"excerpt":{"rendered":"<p>Reynosa, Tamaulipas (11-Marzo-2026).- Con el objetivo de promover la equidad e igualdad de g\u00e9nero dentro&#8230;<\/p>\n","protected":false},"author":1,"featured_media":203635,"comment_status":"closed","ping_status":"closed","sticky":false,"template":"","format":"standard","meta":{"footnotes":"","jetpack_publicize_message":"","jetpack_publicize_feature_enabled":true,"jetpack_social_post_already_shared":true,"jetpack_social_options":{"image_generator_settings":{"template":"highway","default_image_id":0,"font":"","enabled":false},"version":2}},"categories":[10],"tags":[],"class_list":["post-203630","post","type-post","status-publish","format-standard","has-post-thumbnail","hentry","category-tamaulipas"],"jetpack_publicize_connections":[],"_links":{"self":[{"href":"https:\/\/www.buroperiodistico.com.mx\/index.php?rest_route=\/wp\/v2\/posts\/203630","targetHints":{"allow":["GET"]}}],"collection":[{"href":"https:\/\/www.buroperiodistico.com.mx\/index.php?rest_route=\/wp\/v2\/posts"}],"about":[{"href":"https:\/\/www.buroperiodistico.com.mx\/index.php?rest_route=\/wp\/v2\/types\/post"}],"author":[{"embeddable":true,"href":"https:\/\/www.buroperiodistico.com.mx\/index.php?rest_route=\/wp\/v2\/users\/1"}],"replies":[{"embeddable":true,"href":"https:\/\/www.buroperiodistico.com.mx\/index.php?rest_route=%2Fwp%2Fv2%2Fcomments&post=203630"}],"version-history":[{"count":1,"href":"https:\/\/www.buroperiodistico.com.mx\/index.php?rest_route=\/wp\/v2\/posts\/203630\/revisions"}],"predecessor-version":[{"id":203636,"href":"https:\/\/www.buroperiodistico.com.mx\/index.php?rest_route=\/wp\/v2\/posts\/203630\/revisions\/203636"}],"wp:featuredmedia":[{"embeddable":true,"href":"https:\/\/www.buroperiodistico.com.mx\/index.php?rest_route=\/wp\/v2\/media\/203635"}],"wp:attachment":[{"href":"https:\/\/www.buroperiodistico.com.mx\/index.php?rest_route=%2Fwp%2Fv2%2Fmedia&parent=203630"}],"wp:term":[{"taxonomy":"category","embeddable":true,"href":"https:\/\/www.buroperiodistico.com.mx\/index.php?rest_route=%2Fwp%2Fv2%2Fcategories&post=203630"},{"taxonomy":"post_tag","embeddable":true,"href":"https:\/\/www.buroperiodistico.com.mx\/index.php?rest_route=%2Fwp%2Fv2%2Ftags&post=203630"}],"curies":[{"name":"wp","href":"https:\/\/api.w.org\/{rel}","templated":true}]}}