{"id":203628,"date":"2026-03-11T20:30:18","date_gmt":"2026-03-12T01:30:18","guid":{"rendered":"https:\/\/www.buroperiodistico.com.mx\/?p=203628"},"modified":"2026-03-11T20:30:18","modified_gmt":"2026-03-12T01:30:18","slug":"aqui-rio-bravo-por-daniel-enrique-romero-aleman-722","status":"publish","type":"post","link":"https:\/\/www.buroperiodistico.com.mx\/?p=203628","title":{"rendered":"AQU\u00cd R\u00cdO BRAVO\/ Por Daniel Enrique ROMERO ALEM\u00c1N"},"content":{"rendered":"<ul>\n<li><strong><em>GOBERNADOR QUE RESPONDE Y DA RESULTADOS<\/em><\/strong><\/li>\n<li><strong><em>MI\u00c9RCOLES NEGRO PARA LA PRESIDENTA<\/em><\/strong><\/li>\n<li><strong><em>MONREAL SIGUE DE LLORAR EN LA MA\u00d1ANERA<\/em><\/strong><\/li>\n<\/ul>\n<p><em><strong>(11-Marzo-2026).-<\/strong><\/em> *Previo a su Cuarto Informe de Gobierno, que se encuentra programado para este 23 de marzo en el Polyforum \u201cRodolfo Torre Cant\u00fa\u201d en Suelo Victorense, el gobernador AM\u00c9RICO VILLARREAL ANAYA, ha estado dando una probadita a los Tamaulipecos(as) a trav\u00e9s de las conferencias de prensa, de sus acciones de gobierno realizadas al momento.<\/p>\n<p>Y no solo a trav\u00e9s de sus encerronas con los chicos(as) de la prensa en Palacio de Gobierno, sino tambi\u00e9n con el novedoso programa de radio \u201cDi\u00e1logos con Am\u00e9rico\u201d.<\/p>\n<p>Es dif\u00edcil en un informe dar detalle a detalle de sus acciones humanistas y de bienestar, por eso lo de las conferencias de prensa y sus di\u00e1logos en donde ha interiorizado a sus gobernados, punto por punto de sus puntual y cabales programas implementadas, pero sobre todo destacando el gran apoyo que ha tenido de la presidenta CLAUDIA SHEINBUM PARDO.<\/p>\n<p>Para nadie es desconocido que le dejaron el estado hecho pedazos, lejos de lamentarse se puso a trabajar y hoy Tamaulipas es otro.<\/p>\n<p>Se ha recuperado la confianza en seguridad, en educaci\u00f3n se avanza, en salud no hay descanso, obra p\u00fablica como nunca, y bienestar: humanismo puro.<\/p>\n<p>Hoy los Tamaulipecos(as) tienen en Am\u00e9rico un gobernador que les responde y da resultados.<\/p>\n<p>Am\u00e9rico tuvo este mi\u00e9rcoles su momento estelar en \u201cLa Ma\u00f1anera\u201d desde Palacio Nacional, ya que a trav\u00e9s de una conexi\u00f3n desde el fraccionamiento \u201cTodos por Tamaulipas\u201d, entregaron su nueva vivienda a THANIA MART\u00cdNEZ HERN\u00c1NDEZ, beneficiaria del programa \u201cVivienda para el Bienestar, de un total de 42 nuevas viviendas, y con la presencia de EDNA VEGA RANGEL secretaria de Desarrollo Agrario, Territorial y Urbano y OCTAVIO ROMERO OROPEZA director general del Infonavit.<\/p>\n<p>El gobernador dijo: \u201cCompartir este momento es un momento humano, es un momento de vivencia muy valorable en que podemos decir y percibir que nos da mucho gusto que te est\u00e9 yendo bien, porque es muy seguro que, si a ti te va bien, a nosotros tambi\u00e9n nos va a ir bien y que podamos seguir construyendo esta gran sociedad que nos merecemos los mexicanos y, sobre todo, en esta gran entidad que es nuestro Tamaulipas\u201d.<\/p>\n<p>*SIGUE con su forma din\u00e1mica de gobernar CARMEN LILIA CANTUROSAS VILLARREAL.<\/p>\n<p>La alcaldesa, como para no perder la costumbre, inicio a tambor batiente la presente semana, y este martes volvi\u00f3 a su ritmo acostumbrado al acudir a la colonia \u201cBenito Ju\u00e1rez\u201d a inaugurar una obra recreativa que se llev\u00f3 una inversi\u00f3n de arribita de los dos millones de pesos.<\/p>\n<p>A partir de ya las familias cuentan con un nuevo espacio digno para la convivencia, el juego y la recreaci\u00f3n, una nueva \u00e1rea recreativa construida en el arroyo \u201cEl Coyote\u201d, un lugar pensado para el disfrute total de las familias, obra que forma parte de la estrategia del Gobierno Municipal para recuperar y transformar espacios p\u00fablicos en lugares seguros, funcionales y adecuados para la convivencia familiar y el sano esparcimiento.<\/p>\n<p>En parte de su mensaje la alcaldesa Canturosas Villarreal manifest\u00f3: \u201cSeguimos trabajando para que nuestras colonias cuenten con espacios dignos donde las familias puedan convivir, donde nuestras ni\u00f1as y ni\u00f1os tengan lugares seguros para jugar y donde la comunidad pueda reunirse. Esta \u00e1rea recreativa es para ustedes, para que la disfruten y la hagan suya\u201d.<\/p>\n<p>LUZ MAR\u00cdA SALAS, habitante del sector, expres\u00f3 su agradecimiento por la construcci\u00f3n de este nuevo espacio recreativo, al se\u00f1alar que representa una oportunidad para fortalecer la convivencia entre vecinos y ofrecer a las familias un lugar adecuado para reunirse y disfrutar al aire libre.<\/p>\n<p>En otro tema, Carmen Lilia, acompa\u00f1ada por la titular del DIF Municipal CLAUDETTE CANTUROSAS VILLARREAL, inauguraron un tom\u00f3grafo de \u00faltima generaci\u00f3n en el Centro de Radiolog\u00eda e Imagen del Centro de Rehabilitaci\u00f3n Integral, convirti\u00e9ndose en el \u00fanico DIF de Tamaulipas que cuenta con este tipo de tecnolog\u00eda con la que se fortalece la infraestructura de salud p\u00fablica y ampl\u00eda la capacidad de atenci\u00f3n m\u00e9dica especializada para la poblaci\u00f3n que no cuenta con seguridad social.<\/p>\n<p>La alcaldesa Canturosas Villarreal, en parte de su mensaje expres\u00f3: \u201cDesde el inicio de nuestra administraci\u00f3n, nos propusimos fortalecer la infraestructura de salud con un sentido profundamente humano. Con la llegada de este equipo, el Sistema DIF eleva su capacidad diagn\u00f3stica y oferta el servicio a muy bajo costo, reafirmando que, para nosotros, la salud de las familias Neolaredenses es y ser\u00e1 siempre la prioridad absoluta\u201d.<\/p>\n<p>Agradeci\u00f3 al gobernador AM\u00c9RICO VILLRREAL ANAYA, y a su esposa MAR\u00cdA SANTIAGO, por caminar de la mano con Nuevo Laredo en cada proyecto de salud; y reconoci\u00f3 el respaldo invaluable de la presidenta CLAUDIA SHEINBAUM PARDO, cuya visi\u00f3n humanista nos impulsa a seguir transformando la vida de las familias Neolaredenses.<\/p>\n<p>Y sigui\u00f3 con una agenda bien cargadita este mi\u00e9rcoles, de eso ma\u00f1ana les pasamos los videos.<\/p>\n<p>*MUCHOS comunicadores de Suelo Victorense, en donde se mueven los hilos de la pol\u00edtica, comenzaron a descifrar por donde masca la iguana.<\/p>\n<p>Y es que a partir de ya, le comenzaron a dar una gran cobertura a la diputada local MAGALY DE\u00c1NDAR.<\/p>\n<p>\u00bfPor qu\u00e9?<\/p>\n<p>Sepa la madre.<\/p>\n<p>La legisladora originaria de Suelo Reynosense, y la favorita del momento en las encuestas, se ha dejado querer, consentir y hasta apapachar.<\/p>\n<p>Otro suspirante a la candidatura a la alcald\u00eda HUMBERTO PRIETO HERRERA, es incre\u00edble que teniendo todo el aparato legislativo a su favor no le saque provecho, es el l\u00edder en el Congreso del Estado, pero no lo parece.<\/p>\n<p>Un cambio en su equipo operativo, no estar\u00eda mal.<\/p>\n<p>Porque de aqu\u00ed a que se definen las cosas, falta mucha y todo puede suceder.<\/p>\n<p>*PINCHES pol\u00edticos que padecemos, que buscar verle la cara de pendejo al pueblo sabio, como el caso del gobernador de San Luis Potos\u00ed RICARDO GALLARDO CARDONA, que quiso dar lecciones de gram\u00e1tica al asegurar, seg\u00fan \u00e9l, que el concepto de nepotismo ha sido mal interpretado en el debate p\u00fablico.<\/p>\n<p>Y sali\u00f3 con sus pendejadas.<\/p>\n<p>La cuerdita quiere heredarle la silla gubernamental a su esposa, la senadora RUTH GONZ\u00c1LEZ SILVA.<\/p>\n<p>Lo malo es que este pendejete, se lleva entre las patas a la presidenta CLAUDIA SHEINBAUM PARDO, que fue quien implemento en los estatutos de Morena la iniciativa para que familiares cercanos a los que ostentan o dejan cargos p\u00fablicos no pueden entrar a la competencia en el 2027.<\/p>\n<p>Con su postura el gobernador potosino, adem\u00e1s, hace ver a la presidenta Sheinbaum, como una ignorante al igual que el otro peladito de Zacatecas perteneciente a la familia Monreal, que nom\u00e1s no tienen llenadera, y quieren seguir gobernando es bella entidad.<\/p>\n<p>Nom\u00e1s falta que le brinque el senador y violador F\u00c9LIX SALGADO MACEDONIO, para seguir con su familia adue\u00f1\u00e1ndose del estado de Guerrero.<\/p>\n<p>Pinches pol\u00edticos vividores y gandayas.<\/p>\n<p>*EN SUELO Matamorense, donde manda galleta ALBERTO GRANADOS, se construir\u00e1 la primera planta de pir\u00f3lisis de residuos pl\u00e1sticos, luego de que en reuni\u00f3n de cabildo se formalizar\u00e1 la donaci\u00f3n de un predio al Gobierno del Estado de Tamaulipas para la instalaci\u00f3n de este proyecto enfocado en el aprovechamiento y la valorizaci\u00f3n de residuos mediante dicho proceso.<\/p>\n<p>El alcalde Granados, atendi\u00f3 a \u00d3SCAR AL\u00c1N MEDINA ROSALES, que llev\u00f3 la representaci\u00f3n del secretario Estatal de Energ\u00eda WALTER JULI\u00c1N \u00c1NGEL JIM\u00c9NEZ, quien atestigu\u00f3 la resoluci\u00f3n de suma relevancia y que permitir\u00e1 avanzar en la consolidaci\u00f3n de infraestructura tecnol\u00f3gica para el tratamiento y aprovechamiento energ\u00e9tico de residuos pl\u00e1sticos.<\/p>\n<p>El terreno autorizado por Cabildo, tiene una superficie de 18,891.408 metros cuadrados y se encuentra dentro del \u00e1rea del relleno sanitario ubicado en el kil\u00f3metro 21.5 de la carretera a Ciudad Victoria, donde se instalar\u00e1 la primera planta de pir\u00f3lisis en el estado.<\/p>\n<p>Alberto, agradeci\u00f3 al gobernador AM\u00c9RICO VILLARREAL ANAYA, por poner nuevamente los ojos en Suelo Matamorense con este nuevo proyecto que representa una oportunidad estrat\u00e9gica para fortalecer las acciones en materia de sustentabilidad, econom\u00eda circular y gesti\u00f3n responsable de residuos, promoviendo soluciones innovadoras que contribuyan al desarrollo energ\u00e9tico y ambiental del estado.<\/p>\n<p>*VAYA QUE LA capital del estado esta calientita y no por la llegada de los calores.<\/p>\n<p>Ojo, el caso de las residentes m\u00e9dicas ultrajadas en el Hospital Infantil, que ya tiene resonancia mundial, y no precisamente por el esclarecimiento de los hechos si no por el nulo avance en las investigaciones, pues se imaginan ocurri\u00f3 en diciembre y hasta este marzo nadie descifra el enigma.<\/p>\n<p>Y ahora este mi\u00e9rcoles dos magistradas del Poder Judicial que fueron suspendidas haciendo panchos, al negarse a abandonar sus oficinas tras notific\u00e1rseles su separaci\u00f3n provisional del cargo.<\/p>\n<p>Las funcionarias judiciales, cuya actuaci\u00f3n es objeto de una investigaci\u00f3n interna, argumentaron inconformidad con la decisi\u00f3n que ordena su suspensi\u00f3n temporal mientras se revisa su intervenci\u00f3n en resoluciones judiciales consideradas controvertidas.<\/p>\n<p>Nos dicen que la suspensi\u00f3n de estas dos magistradas, estar\u00eda relacionada con el amparo concedido al exgobernador EUGENIO HERN\u00c1NDEZ FLORES, con lo que se fren\u00f3 su extradici\u00f3n a Estados Unidos.<\/p>\n<p>*QUE SER\u00c1 totalmente aut\u00f3nomo, que no va atender l\u00ednea desde Palacio Nacional asegur\u00f3 el flamante titular de la Auditor\u00eda Superior de la Federaci\u00f3n AURELIANO HERN\u00c1NDEZ PALACIOS CARDEL, que fue nombrado para el periodo 2026-2034, en una designaci\u00f3n pr\u00e1cticamente un\u00e1nime en la C\u00e1mara de Diputados.<\/p>\n<p>Para nadie es desconocida su cercan\u00eda con la presidenta CLAUDIA SHEINBAUM PARDO, de modo que su llegada ocurre bajo la exigencia de demostrar autonom\u00eda real frente al poder y de corregir la percepci\u00f3n de tibieza que dej\u00f3 la gesti\u00f3n saliente de DAVID COLMENARES, en denuncias, recuperaci\u00f3n de recursos y combate efectivo a la corrupci\u00f3n.<\/p>\n<p>Ya nom\u00e1s le falta el INE A \u201cLa Cuatrot\u00e9\u201d, para tener el control total del pa\u00eds.<\/p>\n<p>Ya tienen postrado a sus pies al Poder Legislativo, al Poder Judicial, Derechos Humanos y ahora al Auditor, as\u00ed que va por el INE si se aprueba la reforma electoral de Sheinbaum.<\/p>\n<p>*PESE A LOS d\u00edceres desde su ma\u00f1anera pueblerina de que su reforma electoral era buena onda para el pueblo sabio, la misma se queda en San L\u00e1zaro al no alcanzar la mayor\u00eda calificada, se desecha, va al congelador.<\/p>\n<p>Y es que con 259 votos a favor y 234 en contra, el pleno de la C\u00e1mara de Diputados desech\u00f3 la iniciativa de reforma electoral de la presidenta CLAUDIA SHEINBAUM PARDO, al no alcanzar la mayor\u00eda calificada de dos terceras partes para aprobarla.<\/p>\n<p>Solo el grupo parlamentario de Morena, doce legisladores verdes y un petista respaldaron el dictamen; mientras PVEM y PT, as\u00ed como los opositores PAN, PRI y MC, y una morenista rechazaron el proyecto de modificaciones y adiciones a once art\u00edculos de la Constituci\u00f3n Pol\u00edtica.<\/p>\n<p>El coordinador de Morena en el Palacio de San L\u00e1zaro RICARDO MONREAL, advirti\u00f3 que tan pronto como fue rechazada la reforma constitucional, su bancada trabajar\u00e1 en la presentaci\u00f3n del Plan B en la materia.<\/p>\n<p>Monreal ser\u00e1 el siguiente que vaya a llorar a Palacio Nacional, porque de plano su cabildeo fue nulo en una reforma electoral tan importante y muy personal como la que propon\u00eda su jefa pol\u00edtica.<\/p>\n<p>Mi\u00e9rcoles negro para Sheinbaum.<\/p>\n<p>*EN ASUNTOS meramente deportivos: Una semana muy atareada en el \u00e1mbito deportivo para el rector de la Universidad Aut\u00f3noma de Tamaulipas D\u00c1MASO ANAYA ALVARADO, primero presidi\u00f3 la presentaci\u00f3n del equipo CorreBasket Femenil que competir\u00e1 en la Temporada 2026 de la LNBP, exhortando a jugadoras y cuerpo t\u00e9cnico a dar su mejor esfuerzo y dejar en alto el nombre de esta casa de estudios.<\/p>\n<p>Dio la bienvenida al nuevo entrenador en jefe JORDI VIZCA\u00cdNO, y a las jugadoras que, dijo, representar\u00e1n con orgullo los colores universitarios.<\/p>\n<p>Subray\u00f3 que m\u00e1s que el inicio de una nueva temporada, la presentaci\u00f3n del CorreBasket Femenil representa la consolidaci\u00f3n de una visi\u00f3n institucional que entiende al deporte como una herramienta de formaci\u00f3n, de disciplina, de identidad y de transformaci\u00f3n social.<\/p>\n<p>Aprovech\u00f3 para dar a conocer la participaci\u00f3n de la UAT en la Copa FutBotMX, una de las iniciativas nacionales m\u00e1s relevantes orientadas a impulsar el desarrollo de la ciencia y la tecnolog\u00eda entre las nuevas generaciones.<\/p>\n<p>Al referirse a este proyecto, subray\u00f3 que la incorporaci\u00f3n de la UAT se inscribe dentro de las estrategias de vinculaci\u00f3n institucional con los programas promovidos por el Gobierno de M\u00e9xico, encabezado por la presidenta CLAUDIA SHEINBAUM, y en las acciones que impulsa el gobernador AM\u00c9RICO VILLRRAL ANAYA, orientadas a consolidar la educaci\u00f3n, la innovaci\u00f3n y el desarrollo del talento como pilares del progreso nacional y regional.<\/p>\n<p>Destac\u00f3 que la UAT participa como sede regional en la iniciativa nacional Copa FutBotMX, impulsada por la Secretar\u00eda de Ciencia, Humanidades, Tecnolog\u00eda e Innovaci\u00f3n, dentro de los ejes de acci\u00f3n del programa \u201cMundial Social M\u00e9xico 2026\u201d, que buscan un impacto social duradero.<\/p>\n<p>LA TIERRA que gobierna CARMEN LILIA CANTUROSAS VILLARREAL, ser\u00e1 sede del 13 al 15 de marzo, de la Eliminatoria Estatal de Futbol en la categor\u00eda 2010 y menores, torneo organizado por la Asociaci\u00f3n de Futbol Federado del Estado de Tamaulipas en coordinaci\u00f3n con la Direcci\u00f3n de Deportes del Gobierno Municipal.<\/p>\n<p>Las hostilidades se desarrollar\u00e1n en el estadio de f\u00fatbol de la \u201cCiudad Deportiva\u201d, donde equipos provenientes de distintas regiones del estado disputar\u00e1n su clasificaci\u00f3n a la etapa nacional, en un encuentro que reunir\u00e1 a j\u00f3venes futbolistas y cuerpos t\u00e9cnicos en uno de los espacios deportivos m\u00e1s importantes de la ciudad.<\/p>\n<p>El equipo campe\u00f3n y el subcampe\u00f3n de esta eliminatoria obtendr\u00e1n el derecho de representar a Tamaulipas en el torneo nacional que se celebrar\u00e1 en Monclova, Coahuila.<\/p>\n<p>VAYA manera de jugar del equipo espa\u00f1ol Real Madrid, este mi\u00e9rcoles en los playoffs de la Liga de Campeones de Europa, al golear en su casa al poderoso cuadro ingl\u00e9s del Manchester City.<\/p>\n<p>Y fue goleada, tres goles a cero.<\/p>\n<p>Este certamen europeo es otro pedo.<\/p>\n<p>ME RETIRO, viendo perder a M\u00e9xico ante Italia por cinco carreras a acero.<\/p>\n<p>*PORQUE a\u00fan hay tiempo no se le pase felicitar este mi\u00e9rcoles con motivo de sus cumplea\u00f1os a: JOS\u00c9 MIL\u00c1N ROBLES y SERAF\u00cdN G\u00d3MEZ.<\/p>\n<p>Un monumental abrazo y que vengan muchos m\u00e1s.<\/p>\n<p>Volveremos, HL\u2026D\u2026M<br \/>\nCorreo electr\u00f3nico: barre283@hotmail.com<\/p>\n","protected":false},"excerpt":{"rendered":"<p>GOBERNADOR QUE RESPONDE Y DA RESULTADOS MI\u00c9RCOLES NEGRO PARA LA PRESIDENTA MONREAL SIGUE DE LLORAR&#8230;<\/p>\n","protected":false},"author":1,"featured_media":163744,"comment_status":"closed","ping_status":"closed","sticky":false,"template":"","format":"standard","meta":{"footnotes":"","jetpack_publicize_message":"","jetpack_publicize_feature_enabled":true,"jetpack_social_post_already_shared":true,"jetpack_social_options":{"image_generator_settings":{"template":"highway","default_image_id":0,"font":"","enabled":false},"version":2}},"categories":[23],"tags":[],"class_list":["post-203628","post","type-post","status-publish","format-standard","has-post-thumbnail","hentry","category-columnas"],"jetpack_publicize_connections":[],"_links":{"self":[{"href":"https:\/\/www.buroperiodistico.com.mx\/index.php?rest_route=\/wp\/v2\/posts\/203628","targetHints":{"allow":["GET"]}}],"collection":[{"href":"https:\/\/www.buroperiodistico.com.mx\/index.php?rest_route=\/wp\/v2\/posts"}],"about":[{"href":"https:\/\/www.buroperiodistico.com.mx\/index.php?rest_route=\/wp\/v2\/types\/post"}],"author":[{"embeddable":true,"href":"https:\/\/www.buroperiodistico.com.mx\/index.php?rest_route=\/wp\/v2\/users\/1"}],"replies":[{"embeddable":true,"href":"https:\/\/www.buroperiodistico.com.mx\/index.php?rest_route=%2Fwp%2Fv2%2Fcomments&post=203628"}],"version-history":[{"count":1,"href":"https:\/\/www.buroperiodistico.com.mx\/index.php?rest_route=\/wp\/v2\/posts\/203628\/revisions"}],"predecessor-version":[{"id":203629,"href":"https:\/\/www.buroperiodistico.com.mx\/index.php?rest_route=\/wp\/v2\/posts\/203628\/revisions\/203629"}],"wp:featuredmedia":[{"embeddable":true,"href":"https:\/\/www.buroperiodistico.com.mx\/index.php?rest_route=\/wp\/v2\/media\/163744"}],"wp:attachment":[{"href":"https:\/\/www.buroperiodistico.com.mx\/index.php?rest_route=%2Fwp%2Fv2%2Fmedia&parent=203628"}],"wp:term":[{"taxonomy":"category","embeddable":true,"href":"https:\/\/www.buroperiodistico.com.mx\/index.php?rest_route=%2Fwp%2Fv2%2Fcategories&post=203628"},{"taxonomy":"post_tag","embeddable":true,"href":"https:\/\/www.buroperiodistico.com.mx\/index.php?rest_route=%2Fwp%2Fv2%2Ftags&post=203628"}],"curies":[{"name":"wp","href":"https:\/\/api.w.org\/{rel}","templated":true}]}}