{"id":203626,"date":"2026-03-11T20:28:36","date_gmt":"2026-03-12T01:28:36","guid":{"rendered":"https:\/\/www.buroperiodistico.com.mx\/?p=203626"},"modified":"2026-03-11T20:28:36","modified_gmt":"2026-03-12T01:28:36","slug":"de-primera-la-dama-de-la-noticia-por-arabela-garcia-344","status":"publish","type":"post","link":"https:\/\/www.buroperiodistico.com.mx\/?p=203626","title":{"rendered":"DE PRIMERA&#8230; LA DAMA DE LA NOTICIA\/ POR ARABELA GARCIA"},"content":{"rendered":"<ul>\n<li><strong><em>\u00abIV Informe: El paso firme de Am\u00e9rico frente a un Tamaulipas que recuper\u00f3 el rumbo\u00bb<\/em><\/strong><\/li>\n<li><strong><em>Tamaulipas: Navegar en el Ojo del Hurac\u00e1n<\/em><\/strong><\/li>\n<\/ul>\n<p><em><strong>(11-Marzo-2026).-<\/strong><\/em> El pr\u00f3ximo 23 de marzo, el Polyforum de Ciudad Victoria no solo ser\u00e1 la sede de un protocolo legal; ser\u00e1 el escenario donde el gobernador Am\u00e9rico Villarreal Anaya presente su Cuarto Informe de Gobierno. Este acto marca el ecuador exacto de una administraci\u00f3n que, desde su g\u00e9nesis el 1 de octubre de 2022, entendi\u00f3 que gobernar Tamaulipas no es para quienes temen a las marejadas.<\/p>\n<p>Llegar a la mitad del camino invita a una reflexi\u00f3n obligada: \u00bfen qu\u00e9 estado se encuentra la nave tamaulipeca?<\/p>\n<p>La Calma en la Tormenta<\/p>\n<p>Resulta parad\u00f3jico, pero real. Mientras diversas regiones del pa\u00eds atraviesan turbulencias severas, en Tamaulipas \u2014hist\u00f3ricamente situado en el ojo del hurac\u00e1n\u2014 las aguas parecen mostrar una mansedumbre que contrasta con el pasado. No se trata de una paz id\u00edlica ni exenta de desaf\u00edos, pues hemos transitado por temas complejos y dif\u00edciles de digerir; sin embargo, el estado ha logrado mantener una estabilidad pol\u00edtica y social que muchos consideraban inalcanzable hace apenas unos a\u00f1os.<\/p>\n<p>Los Embates y el Lastre<\/p>\n<p>No ha sido un camino despejado. Los embates pol\u00edticos han estado a la orden del d\u00eda, alimentados en gran medida por la herencia de la administraci\u00f3n anterior y los constantes procesos legales que han marcado la agenda. Villarreal Anaya ha tenido que gobernar con un ojo en el retrovisor \u2014para sanear las instituciones y fortalecer las \u00e1reas vulneradas\u2014 y otro en el horizonte del 2028.<\/p>\n<p>Esta dualidad ha obligado al Ejecutivo a realizar ajustes sobre la marcha. La estructura gubernamental ha tenido que mutar para resistir los ataques y para desmarcarse de un estilo de gesti\u00f3n que la ciudadan\u00eda rechaz\u00f3 en las urnas.<\/p>\n<p>La Hora del Reloj de Arena<\/p>\n<p>A mitad del mandato, el diagn\u00f3stico es claro: hay \u00e1reas que se mueven con la agilidad que el estado exige, pero otras parecen atrapadas en una inercia peligrosa. La lentitud en ciertos sectores del gabinete sugiere que el \u00edmpetu inicial podr\u00eda estar cediendo ante la burocracia o la autocomplacencia.<\/p>\n<p>\u00abA la mitad del camino, la lealtad ya no es suficiente; se requiere eficacia probada.\u00bb<\/p>\n<p>Si el 23 de marzo se presenta como un corte de caja, tambi\u00e9n debe ser el momento de la nueva evaluaci\u00f3n. El gobernador tiene ante s\u00ed la oportunidad de oxigenar su equipo de trabajo. Los cambios necesarios no deben verse como una se\u00f1al de debilidad, sino como una muestra de control sobre el tim\u00f3n.<\/p>\n<p>El Segundo Tiempo<\/p>\n<p>Am\u00e9rico Villarreal llega a este cuarto informe con un estado en tranquilidad, un logro no menor considerando la geograf\u00eda pol\u00edtica que habitamos. No obstante, el desaf\u00edo para la segunda mitad de su gobierno (que concluir\u00e1 en septiembre de 2028) es transformar esa \u00abmansedumbre\u00bb en un movimiento din\u00e1mico de crecimiento.<\/p>\n<p>Es tiempo de apretar las tuercas donde el engranaje chirr\u00eda. Tamaulipas ha demostrado que puede estar en calma; ahora le toca demostrar que puede acelerar.<\/p>\n<p>\u00abAl llegar al ecuador del sexenio, queda claro que en Tamaulipas hay un capit\u00e1n con la ruta trazada; el reto ahora es que la tripulaci\u00f3n aprenda a navegar a su velocidad.\u00bb<\/p>\n<p>Sugerencias y comentarios arabelagarcia01@hotmail.com<\/p>\n","protected":false},"excerpt":{"rendered":"<p>\u00abIV Informe: El paso firme de Am\u00e9rico frente a un Tamaulipas que recuper\u00f3 el rumbo\u00bb&#8230;<\/p>\n","protected":false},"author":1,"featured_media":149592,"comment_status":"closed","ping_status":"closed","sticky":false,"template":"","format":"standard","meta":{"footnotes":"","jetpack_publicize_message":"","jetpack_publicize_feature_enabled":true,"jetpack_social_post_already_shared":true,"jetpack_social_options":{"image_generator_settings":{"template":"highway","default_image_id":0,"font":"","enabled":false},"version":2}},"categories":[23],"tags":[],"class_list":["post-203626","post","type-post","status-publish","format-standard","has-post-thumbnail","hentry","category-columnas"],"jetpack_publicize_connections":[],"_links":{"self":[{"href":"https:\/\/www.buroperiodistico.com.mx\/index.php?rest_route=\/wp\/v2\/posts\/203626","targetHints":{"allow":["GET"]}}],"collection":[{"href":"https:\/\/www.buroperiodistico.com.mx\/index.php?rest_route=\/wp\/v2\/posts"}],"about":[{"href":"https:\/\/www.buroperiodistico.com.mx\/index.php?rest_route=\/wp\/v2\/types\/post"}],"author":[{"embeddable":true,"href":"https:\/\/www.buroperiodistico.com.mx\/index.php?rest_route=\/wp\/v2\/users\/1"}],"replies":[{"embeddable":true,"href":"https:\/\/www.buroperiodistico.com.mx\/index.php?rest_route=%2Fwp%2Fv2%2Fcomments&post=203626"}],"version-history":[{"count":1,"href":"https:\/\/www.buroperiodistico.com.mx\/index.php?rest_route=\/wp\/v2\/posts\/203626\/revisions"}],"predecessor-version":[{"id":203627,"href":"https:\/\/www.buroperiodistico.com.mx\/index.php?rest_route=\/wp\/v2\/posts\/203626\/revisions\/203627"}],"wp:featuredmedia":[{"embeddable":true,"href":"https:\/\/www.buroperiodistico.com.mx\/index.php?rest_route=\/wp\/v2\/media\/149592"}],"wp:attachment":[{"href":"https:\/\/www.buroperiodistico.com.mx\/index.php?rest_route=%2Fwp%2Fv2%2Fmedia&parent=203626"}],"wp:term":[{"taxonomy":"category","embeddable":true,"href":"https:\/\/www.buroperiodistico.com.mx\/index.php?rest_route=%2Fwp%2Fv2%2Fcategories&post=203626"},{"taxonomy":"post_tag","embeddable":true,"href":"https:\/\/www.buroperiodistico.com.mx\/index.php?rest_route=%2Fwp%2Fv2%2Ftags&post=203626"}],"curies":[{"name":"wp","href":"https:\/\/api.w.org\/{rel}","templated":true}]}}