{"id":203614,"date":"2026-03-11T20:19:56","date_gmt":"2026-03-12T01:19:56","guid":{"rendered":"https:\/\/www.buroperiodistico.com.mx\/?p=203614"},"modified":"2026-03-11T20:19:56","modified_gmt":"2026-03-12T01:19:56","slug":"impulsa-uprr-la-prevencion-de-enfermedades-con-jornada-de-vacunacion-contra-el-sarampion","status":"publish","type":"post","link":"https:\/\/www.buroperiodistico.com.mx\/?p=203614","title":{"rendered":"Impulsa UPRR la prevenci\u00f3n de enfermedades con jornada de vacunaci\u00f3n contra el sarampi\u00f3n"},"content":{"rendered":"<p><em><strong><img loading=\"lazy\" decoding=\"async\" class=\" wp-image-203617 alignright\" src=\"https:\/\/www.buroperiodistico.com.mx\/wp-content\/uploads\/2026\/03\/UPRsarampion.jpeg\" alt=\"\" width=\"551\" height=\"342\" srcset=\"https:\/\/www.buroperiodistico.com.mx\/wp-content\/uploads\/2026\/03\/UPRsarampion.jpeg 1024w, https:\/\/www.buroperiodistico.com.mx\/wp-content\/uploads\/2026\/03\/UPRsarampion-300x186.jpeg 300w, https:\/\/www.buroperiodistico.com.mx\/wp-content\/uploads\/2026\/03\/UPRsarampion-768x477.jpeg 768w\" sizes=\"auto, (max-width: 551px) 100vw, 551px\" \/>Miguel Alem\u00e1n, Tamaulipas (11-Marzo-2026).-<\/strong><\/em> Como parte de las acciones preventivas orientadas al cuidado y fortalecimiento de la salud de la comunidad universitaria, la Universidad Polit\u00e9cnica de la Regi\u00f3n Ribere\u00f1a (UPRR) ofreci\u00f3, con apoyo del Distrito de Salud para el Bienestar, la aplicaci\u00f3n en sus instalaciones de la vacuna contra el sarampi\u00f3n, inform\u00f3 su rector, H\u00e9ctor Diez Rodr\u00edguez.<\/p>\n<p>Coment\u00f3 que durante la jornada estudiantes, personal administrativo y docente acudieron de manera responsable para recibir la vacuna, demostrando su compromiso con la prevenci\u00f3n de enfermedades y el fortalecimiento de entornos seguros dentro de la instituci\u00f3n.<\/p>\n<p>Indic\u00f3 que, como complemento a esta actividad, se imparti\u00f3 una conferencia informativa sobre el sarampi\u00f3n, en la que se explic\u00f3 qu\u00e9 es esta enfermedad, cu\u00e1les son sus principales s\u00edntomas, c\u00f3mo se transmite y la importancia de contar con el esquema de vacunaci\u00f3n completo para evitar complicaciones y proteger a la poblaci\u00f3n en general.<\/p>\n<p>\u201cLa prevenci\u00f3n es una herramienta fundamental para garantizar en la UPRR el bienestar de nuestra comunidad universitaria. En la universidad asumimos con responsabilidad nuestro papel en la promoci\u00f3n de la salud, trabajando de manera conjunta con las autoridades para proteger a nuestras y nuestros estudiantes y al personal\u201d, enfatiz\u00f3.<\/p>\n<p>Reconoci\u00f3 y agradeci\u00f3 el respaldo del gobernador, Am\u00e9rico Villarreal Anaya, y del secretario de Educaci\u00f3n, Miguel \u00c1ngel Valdez Garc\u00eda, por su compromiso permanente con el fortalecimiento de las estrategias de salud p\u00fablica en beneficio de las y los universitarios tamaulipecos y por impulsar acciones que contribuyen al bienestar integral de la comunidad estudiantil.<\/p>\n<p>Agradeci\u00f3 tambi\u00e9n al personal del Distrito de Salud para el Bienestar No. 9 por su profesionalismo y disposici\u00f3n para acercar estos servicios de salud a la comunidad universitaria.<\/p>\n<p><img loading=\"lazy\" decoding=\"async\" class=\"aligncenter size-full wp-image-203615\" src=\"https:\/\/www.buroperiodistico.com.mx\/wp-content\/uploads\/2026\/03\/UPRsarampion-I.jpeg\" alt=\"\" width=\"640\" height=\"426\" srcset=\"https:\/\/www.buroperiodistico.com.mx\/wp-content\/uploads\/2026\/03\/UPRsarampion-I.jpeg 640w, https:\/\/www.buroperiodistico.com.mx\/wp-content\/uploads\/2026\/03\/UPRsarampion-I-300x200.jpeg 300w\" sizes=\"auto, (max-width: 640px) 100vw, 640px\" \/> <img loading=\"lazy\" decoding=\"async\" class=\"aligncenter size-full wp-image-203616\" src=\"https:\/\/www.buroperiodistico.com.mx\/wp-content\/uploads\/2026\/03\/UPRsarampion-II.jpeg\" alt=\"\" width=\"640\" height=\"426\" srcset=\"https:\/\/www.buroperiodistico.com.mx\/wp-content\/uploads\/2026\/03\/UPRsarampion-II.jpeg 640w, https:\/\/www.buroperiodistico.com.mx\/wp-content\/uploads\/2026\/03\/UPRsarampion-II-300x200.jpeg 300w\" sizes=\"auto, (max-width: 640px) 100vw, 640px\" \/><\/p>\n","protected":false},"excerpt":{"rendered":"<p>Miguel Alem\u00e1n, Tamaulipas (11-Marzo-2026).- Como parte de las acciones preventivas orientadas al cuidado y fortalecimiento&#8230;<\/p>\n","protected":false},"author":1,"featured_media":203617,"comment_status":"closed","ping_status":"closed","sticky":false,"template":"","format":"standard","meta":{"footnotes":"","jetpack_publicize_message":"","jetpack_publicize_feature_enabled":true,"jetpack_social_post_already_shared":true,"jetpack_social_options":{"image_generator_settings":{"template":"highway","default_image_id":0,"font":"","enabled":false},"version":2}},"categories":[10],"tags":[],"class_list":["post-203614","post","type-post","status-publish","format-standard","has-post-thumbnail","hentry","category-tamaulipas"],"jetpack_publicize_connections":[],"_links":{"self":[{"href":"https:\/\/www.buroperiodistico.com.mx\/index.php?rest_route=\/wp\/v2\/posts\/203614","targetHints":{"allow":["GET"]}}],"collection":[{"href":"https:\/\/www.buroperiodistico.com.mx\/index.php?rest_route=\/wp\/v2\/posts"}],"about":[{"href":"https:\/\/www.buroperiodistico.com.mx\/index.php?rest_route=\/wp\/v2\/types\/post"}],"author":[{"embeddable":true,"href":"https:\/\/www.buroperiodistico.com.mx\/index.php?rest_route=\/wp\/v2\/users\/1"}],"replies":[{"embeddable":true,"href":"https:\/\/www.buroperiodistico.com.mx\/index.php?rest_route=%2Fwp%2Fv2%2Fcomments&post=203614"}],"version-history":[{"count":1,"href":"https:\/\/www.buroperiodistico.com.mx\/index.php?rest_route=\/wp\/v2\/posts\/203614\/revisions"}],"predecessor-version":[{"id":203618,"href":"https:\/\/www.buroperiodistico.com.mx\/index.php?rest_route=\/wp\/v2\/posts\/203614\/revisions\/203618"}],"wp:featuredmedia":[{"embeddable":true,"href":"https:\/\/www.buroperiodistico.com.mx\/index.php?rest_route=\/wp\/v2\/media\/203617"}],"wp:attachment":[{"href":"https:\/\/www.buroperiodistico.com.mx\/index.php?rest_route=%2Fwp%2Fv2%2Fmedia&parent=203614"}],"wp:term":[{"taxonomy":"category","embeddable":true,"href":"https:\/\/www.buroperiodistico.com.mx\/index.php?rest_route=%2Fwp%2Fv2%2Fcategories&post=203614"},{"taxonomy":"post_tag","embeddable":true,"href":"https:\/\/www.buroperiodistico.com.mx\/index.php?rest_route=%2Fwp%2Fv2%2Ftags&post=203614"}],"curies":[{"name":"wp","href":"https:\/\/api.w.org\/{rel}","templated":true}]}}