{"id":203607,"date":"2026-03-11T20:13:07","date_gmt":"2026-03-12T01:13:07","guid":{"rendered":"https:\/\/www.buroperiodistico.com.mx\/?p=203607"},"modified":"2026-03-11T20:13:07","modified_gmt":"2026-03-12T01:13:07","slug":"reconoce-carlos-pena-ortiz-a-trabajadores-de-la-salud-con-programa-social-municipal","status":"publish","type":"post","link":"https:\/\/www.buroperiodistico.com.mx\/?p=203607","title":{"rendered":"Reconoce Carlos Pe\u00f1a Ortiz a trabajadores de la salud con programa social municipal"},"content":{"rendered":"<p><em><strong><img loading=\"lazy\" decoding=\"async\" class=\" wp-image-203612 alignright\" src=\"https:\/\/www.buroperiodistico.com.mx\/wp-content\/uploads\/2026\/03\/Reconx.jpeg\" alt=\"\" width=\"434\" height=\"268\" srcset=\"https:\/\/www.buroperiodistico.com.mx\/wp-content\/uploads\/2026\/03\/Reconx.jpeg 1024w, https:\/\/www.buroperiodistico.com.mx\/wp-content\/uploads\/2026\/03\/Reconx-300x185.jpeg 300w, https:\/\/www.buroperiodistico.com.mx\/wp-content\/uploads\/2026\/03\/Reconx-768x475.jpeg 768w\" sizes=\"auto, (max-width: 434px) 100vw, 434px\" \/>Reynosa, Tam (11-Marzo-2026).-<\/strong><\/em> El beneficio del programa municipal \u00abSubsidio del Agua\u00bb fue puesto a disposici\u00f3n del personal del Centro de Salud para el Bienestar n\u00famero 4, por el Alcalde Carlos Pe\u00f1a Ortiz, en presencia de la Coordinadora Doctora Iliana Villarreal Cant\u00fa y del Secretario General del Sindicato Nacional de Trabajadores de la Secretar\u00eda de Salud en Reynosa, Julio C\u00e9sar Rodriguez L\u00f3pez.<\/p>\n<p>\u00abEste b\u00e1sicamente es un programa en agradecimiento por el gran trabajo que hacen ustedes todos los d\u00edas, salvando vidas, ayudando a mucha gente en situaci\u00f3n vulnerable, y eso se los agradecemos eternamente\u00bb, dijo el Alcalde a los trabajadores.<\/p>\n<p>El Alcalde fue acompa\u00f1ado por la Regidora Mar\u00eda Anselma Herrera Rodr\u00edguez, Coordinadora de la Comisi\u00f3n de Salud en el Cabildo; H\u00e9ctor Alejandro Olivares Zavala, Secretario de Bienestar Social; Felipe de Jes\u00fas Chiw Vega, Gerente General de la COMAPA de Reynosa, personal m\u00e9dico y administrativo del Centro de Salud para el Bienestar.<\/p>\n<p>#ReynosaImparable<br \/>\n#GobiernoMunicipalDeReynosa<\/p>\n<p><img loading=\"lazy\" decoding=\"async\" class=\"aligncenter size-full wp-image-203608\" src=\"https:\/\/www.buroperiodistico.com.mx\/wp-content\/uploads\/2026\/03\/Reconx-I.jpeg\" alt=\"\" width=\"640\" height=\"427\" srcset=\"https:\/\/www.buroperiodistico.com.mx\/wp-content\/uploads\/2026\/03\/Reconx-I.jpeg 640w, https:\/\/www.buroperiodistico.com.mx\/wp-content\/uploads\/2026\/03\/Reconx-I-300x200.jpeg 300w\" sizes=\"auto, (max-width: 640px) 100vw, 640px\" \/> <img loading=\"lazy\" decoding=\"async\" class=\"aligncenter size-full wp-image-203611\" src=\"https:\/\/www.buroperiodistico.com.mx\/wp-content\/uploads\/2026\/03\/Reconx-IIII.jpeg\" alt=\"\" width=\"640\" height=\"426\" srcset=\"https:\/\/www.buroperiodistico.com.mx\/wp-content\/uploads\/2026\/03\/Reconx-IIII.jpeg 640w, https:\/\/www.buroperiodistico.com.mx\/wp-content\/uploads\/2026\/03\/Reconx-IIII-300x200.jpeg 300w\" sizes=\"auto, (max-width: 640px) 100vw, 640px\" \/> <img loading=\"lazy\" decoding=\"async\" class=\"aligncenter size-full wp-image-203610\" src=\"https:\/\/www.buroperiodistico.com.mx\/wp-content\/uploads\/2026\/03\/Reconx-III.jpeg\" alt=\"\" width=\"640\" height=\"427\" srcset=\"https:\/\/www.buroperiodistico.com.mx\/wp-content\/uploads\/2026\/03\/Reconx-III.jpeg 640w, https:\/\/www.buroperiodistico.com.mx\/wp-content\/uploads\/2026\/03\/Reconx-III-300x200.jpeg 300w\" sizes=\"auto, (max-width: 640px) 100vw, 640px\" \/> <img loading=\"lazy\" decoding=\"async\" class=\"aligncenter size-full wp-image-203609\" src=\"https:\/\/www.buroperiodistico.com.mx\/wp-content\/uploads\/2026\/03\/Reconx-II.jpeg\" alt=\"\" width=\"640\" height=\"426\" srcset=\"https:\/\/www.buroperiodistico.com.mx\/wp-content\/uploads\/2026\/03\/Reconx-II.jpeg 640w, https:\/\/www.buroperiodistico.com.mx\/wp-content\/uploads\/2026\/03\/Reconx-II-300x200.jpeg 300w\" sizes=\"auto, (max-width: 640px) 100vw, 640px\" \/><\/p>\n","protected":false},"excerpt":{"rendered":"<p>Reynosa, Tam (11-Marzo-2026).- El beneficio del programa municipal \u00abSubsidio del Agua\u00bb fue puesto a disposici\u00f3n&#8230;<\/p>\n","protected":false},"author":1,"featured_media":203612,"comment_status":"closed","ping_status":"closed","sticky":false,"template":"","format":"standard","meta":{"footnotes":"","jetpack_publicize_message":"","jetpack_publicize_feature_enabled":true,"jetpack_social_post_already_shared":true,"jetpack_social_options":{"image_generator_settings":{"template":"highway","default_image_id":0,"font":"","enabled":false},"version":2}},"categories":[25,9],"tags":[],"class_list":["post-203607","post","type-post","status-publish","format-standard","has-post-thumbnail","hentry","category-portada","category-reynosa"],"jetpack_publicize_connections":[],"_links":{"self":[{"href":"https:\/\/www.buroperiodistico.com.mx\/index.php?rest_route=\/wp\/v2\/posts\/203607","targetHints":{"allow":["GET"]}}],"collection":[{"href":"https:\/\/www.buroperiodistico.com.mx\/index.php?rest_route=\/wp\/v2\/posts"}],"about":[{"href":"https:\/\/www.buroperiodistico.com.mx\/index.php?rest_route=\/wp\/v2\/types\/post"}],"author":[{"embeddable":true,"href":"https:\/\/www.buroperiodistico.com.mx\/index.php?rest_route=\/wp\/v2\/users\/1"}],"replies":[{"embeddable":true,"href":"https:\/\/www.buroperiodistico.com.mx\/index.php?rest_route=%2Fwp%2Fv2%2Fcomments&post=203607"}],"version-history":[{"count":1,"href":"https:\/\/www.buroperiodistico.com.mx\/index.php?rest_route=\/wp\/v2\/posts\/203607\/revisions"}],"predecessor-version":[{"id":203613,"href":"https:\/\/www.buroperiodistico.com.mx\/index.php?rest_route=\/wp\/v2\/posts\/203607\/revisions\/203613"}],"wp:featuredmedia":[{"embeddable":true,"href":"https:\/\/www.buroperiodistico.com.mx\/index.php?rest_route=\/wp\/v2\/media\/203612"}],"wp:attachment":[{"href":"https:\/\/www.buroperiodistico.com.mx\/index.php?rest_route=%2Fwp%2Fv2%2Fmedia&parent=203607"}],"wp:term":[{"taxonomy":"category","embeddable":true,"href":"https:\/\/www.buroperiodistico.com.mx\/index.php?rest_route=%2Fwp%2Fv2%2Fcategories&post=203607"},{"taxonomy":"post_tag","embeddable":true,"href":"https:\/\/www.buroperiodistico.com.mx\/index.php?rest_route=%2Fwp%2Fv2%2Ftags&post=203607"}],"curies":[{"name":"wp","href":"https:\/\/api.w.org\/{rel}","templated":true}]}}