{"id":203601,"date":"2026-03-11T18:46:51","date_gmt":"2026-03-11T23:46:51","guid":{"rendered":"https:\/\/www.buroperiodistico.com.mx\/?p=203601"},"modified":"2026-03-11T18:46:51","modified_gmt":"2026-03-11T23:46:51","slug":"senadora-olga-sosa-preside-foro-mujeres-que-transforman-mexico-liderazgos-que-rompen-barreras-y-reconoce-a-mujeres-tamaulipecas","status":"publish","type":"post","link":"https:\/\/www.buroperiodistico.com.mx\/?p=203601","title":{"rendered":"Senadora Olga Sosa preside foro \u201cMujeres que Transforman M\u00e9xico: Liderazgos que Rompen Barreras\u201d y reconoce a mujeres tamaulipecas"},"content":{"rendered":"<ul>\n<li><strong><em>La senadora Olga Sosa reafirma su compromiso permanente con la igualdad sustantiva, reconociendo el trabajo de mujeres que impulsan el desarrollo social, econ\u00f3mico y comunitario.<\/em><\/strong><\/li>\n<\/ul>\n<p><strong><img loading=\"lazy\" decoding=\"async\" class=\" wp-image-203605 alignright\" src=\"https:\/\/www.buroperiodistico.com.mx\/wp-content\/uploads\/2026\/03\/Olgaxz.jpeg\" alt=\"\" width=\"445\" height=\"282\" srcset=\"https:\/\/www.buroperiodistico.com.mx\/wp-content\/uploads\/2026\/03\/Olgaxz.jpeg 1024w, https:\/\/www.buroperiodistico.com.mx\/wp-content\/uploads\/2026\/03\/Olgaxz-300x190.jpeg 300w, https:\/\/www.buroperiodistico.com.mx\/wp-content\/uploads\/2026\/03\/Olgaxz-768x487.jpeg 768w\" sizes=\"auto, (max-width: 445px) 100vw, 445px\" \/>Ciudad de M\u00e9xico (11-Marzo-2026).-<\/strong> En la hist\u00f3rica Casona de Xicot\u00e9ncatl, antigua sede del Senado de la Rep\u00fablica, la senadora morenista Olga Sosa Ru\u00edz encabez\u00f3 el foro \u201cMujeres que Transforman M\u00e9xico: Liderazgos que Rompen Barreras\u201d, un espacio de reflexi\u00f3n y reconocimiento en el marco del D\u00eda Internacional de la Mujer, dedicado a mujeres de Tamaulipas que destacan en distintos \u00e1mbitos: En lo social, acad\u00e9mico, cient\u00edfico, empresarial, cultural y en lo comunitario.<\/p>\n<p>Durante el encuentro, se reconoci\u00f3 a 14 mujeres tamaulipecas por su trayectoria y aportaciones en los sectores rural, empresarial, acad\u00e9mico, cient\u00edfico y comunitario, resaltando su liderazgo y contribuci\u00f3n al desarrollo de sus comunidades.<\/p>\n<p>Entre las galardonadas, por parte de la asociaci\u00f3n \u201cMUGAM\u201d, destacan Karla Janeth G\u00f3mez P\u00e9rez, pionera en el sector ganadero al convertirse en la primera mujer presidenta de la Asociaci\u00f3n Ganadera Local de Abasolo; Anakaren Aimee Rodr\u00edguez Perales, promotora de biotecnolog\u00edas reproductivas y programas de mejoramiento gen\u00e9tico en el sector pecuario; y Alicia Gonz\u00e1lez Mu\u00f1oz, fundadora de MUGAM y responsable de consolidar el rancho \u201cLa Quinta\u201d como una unidad productiva reconocida a nivel estatal.<\/p>\n<p>Asimismo, fueron reconocidas Andrea Garc\u00eda Balderas y Christian Smith Castillo, integrantes de la Asociaci\u00f3n Ganadera Local \u201cGanaderos Unidos de Gonz\u00e1lez\u201d, por su liderazgo en la producci\u00f3n ganadera y el impulso a proyectos productivos con participaci\u00f3n femenina.<\/p>\n<p>En el \u00e1mbito del comercio exterior por parte de la \u201cAsociaci\u00f3n de Mujeres Aduaneras\u201c se distingui\u00f3 a Alicia Magdalena Guzm\u00e1n Almanza, agente aduanal y directora de un grupo de log\u00edstica internacional con presencia en el noreste del pa\u00eds, as\u00ed como a Flor Esthela Torres \u00c1lvarez, especialista con m\u00e1s de dos d\u00e9cadas de experiencia en comercio exterior y socia fundadora de CIC World Trade Services.<\/p>\n<p>Tambi\u00e9n fueron reconocidas integrantes de AMMJE, entre ellas Marina Lomel\u00edn Zerme\u00f1o, fundadora de la organizaci\u00f3n O\u00cdRTE dedicada a apoyar a ni\u00f1as y ni\u00f1os con hipoacusia; la Dra. Karla Gisela Garc\u00eda \u00c1lvarez, fundadora de PATHOGEN Laboratorio de Patolog\u00eda; la Dra. Hilda \u00c1ngel Cruz, empresaria del sector restaurantero; y la Mtra. Julieta Yee, fundadora de Princeton American School.<br \/>\nDe igual forma, se reconoci\u00f3 a SanJuana C\u00e1zares Morales, Sara Gabriela Salinas Arista y Ludi Eunice Judith Hermida y P\u00e9rez, integrantes de SIAMARM, por su participaci\u00f3n y aportaciones en el \u00e1mbito laboral y social.<\/p>\n<p>Durante el foro tambi\u00e9n participaron como invitadas la Lic. Dulce Montserrat Enr\u00edquez Vald\u00e9s, de la Secretar\u00eda de las Mujeres; la Mtra. Grettel Rodr\u00edguez Almeida, titular de la Unidad de G\u00e9nero del Senado; y Montserrat Arcos Vel\u00e1zquez, directora general de Procedimientos Constitucionales de la Secretar\u00eda de Gobernaci\u00f3n.<\/p>\n<p>Las invitadas se\u00f1alaron la importancia de visibilizar el liderazgo femenino y fortalecer espacios de reconocimiento para las mujeres que contribuyen al desarrollo social y econ\u00f3mico, teniendo cada d\u00eda m\u00e1s representantes femeninas en todos los espacios que intervienen al pa\u00eds, siendo ejemplo de ello todas las galardonadas presentes en el foro, as\u00ed como la actual y primer presidenta, Claudia Sheibaum, quien en conjunto con todas las mujeres mexicanas, consolidan cada d\u00eda m\u00e1s espacios, donde todas pueden llegar.<\/p>\n<p>En su mensaje, la senadora Olga Sosa subray\u00f3 que reconocer a las mujeres tamaulipecas es reconocer su talento, dedicaci\u00f3n y capacidad para transformar el entorno.<\/p>\n<p>La igualdad sustantiva requiere compromiso permanente. Cada logro ha sido posible gracias a la lucha, la organizaci\u00f3n y la valent\u00eda de mujeres que decidieron alzar la voz y transformar su realidad\u201d, afirm\u00f3.<\/p>\n<p><img loading=\"lazy\" decoding=\"async\" class=\"aligncenter size-full wp-image-203602\" src=\"https:\/\/www.buroperiodistico.com.mx\/wp-content\/uploads\/2026\/03\/Olgaxz-I.jpeg\" alt=\"\" width=\"640\" height=\"427\" srcset=\"https:\/\/www.buroperiodistico.com.mx\/wp-content\/uploads\/2026\/03\/Olgaxz-I.jpeg 640w, https:\/\/www.buroperiodistico.com.mx\/wp-content\/uploads\/2026\/03\/Olgaxz-I-300x200.jpeg 300w\" sizes=\"auto, (max-width: 640px) 100vw, 640px\" \/> <img loading=\"lazy\" decoding=\"async\" class=\"aligncenter size-full wp-image-203604\" src=\"https:\/\/www.buroperiodistico.com.mx\/wp-content\/uploads\/2026\/03\/Olgaxz-III.jpeg\" alt=\"\" width=\"640\" height=\"427\" srcset=\"https:\/\/www.buroperiodistico.com.mx\/wp-content\/uploads\/2026\/03\/Olgaxz-III.jpeg 640w, https:\/\/www.buroperiodistico.com.mx\/wp-content\/uploads\/2026\/03\/Olgaxz-III-300x200.jpeg 300w\" sizes=\"auto, (max-width: 640px) 100vw, 640px\" \/> <img loading=\"lazy\" decoding=\"async\" class=\"aligncenter size-full wp-image-203603\" src=\"https:\/\/www.buroperiodistico.com.mx\/wp-content\/uploads\/2026\/03\/Olgaxz-II.jpeg\" alt=\"\" width=\"640\" height=\"427\" srcset=\"https:\/\/www.buroperiodistico.com.mx\/wp-content\/uploads\/2026\/03\/Olgaxz-II.jpeg 640w, https:\/\/www.buroperiodistico.com.mx\/wp-content\/uploads\/2026\/03\/Olgaxz-II-300x200.jpeg 300w\" sizes=\"auto, (max-width: 640px) 100vw, 640px\" \/><\/p>\n","protected":false},"excerpt":{"rendered":"<p>La senadora Olga Sosa reafirma su compromiso permanente con la igualdad sustantiva, reconociendo el trabajo&#8230;<\/p>\n","protected":false},"author":1,"featured_media":203605,"comment_status":"closed","ping_status":"closed","sticky":false,"template":"","format":"standard","meta":{"footnotes":"","jetpack_publicize_message":"","jetpack_publicize_feature_enabled":true,"jetpack_social_post_already_shared":true,"jetpack_social_options":{"image_generator_settings":{"template":"highway","default_image_id":0,"font":"","enabled":false},"version":2}},"categories":[11],"tags":[],"class_list":["post-203601","post","type-post","status-publish","format-standard","has-post-thumbnail","hentry","category-nacional"],"jetpack_publicize_connections":[],"_links":{"self":[{"href":"https:\/\/www.buroperiodistico.com.mx\/index.php?rest_route=\/wp\/v2\/posts\/203601","targetHints":{"allow":["GET"]}}],"collection":[{"href":"https:\/\/www.buroperiodistico.com.mx\/index.php?rest_route=\/wp\/v2\/posts"}],"about":[{"href":"https:\/\/www.buroperiodistico.com.mx\/index.php?rest_route=\/wp\/v2\/types\/post"}],"author":[{"embeddable":true,"href":"https:\/\/www.buroperiodistico.com.mx\/index.php?rest_route=\/wp\/v2\/users\/1"}],"replies":[{"embeddable":true,"href":"https:\/\/www.buroperiodistico.com.mx\/index.php?rest_route=%2Fwp%2Fv2%2Fcomments&post=203601"}],"version-history":[{"count":1,"href":"https:\/\/www.buroperiodistico.com.mx\/index.php?rest_route=\/wp\/v2\/posts\/203601\/revisions"}],"predecessor-version":[{"id":203606,"href":"https:\/\/www.buroperiodistico.com.mx\/index.php?rest_route=\/wp\/v2\/posts\/203601\/revisions\/203606"}],"wp:featuredmedia":[{"embeddable":true,"href":"https:\/\/www.buroperiodistico.com.mx\/index.php?rest_route=\/wp\/v2\/media\/203605"}],"wp:attachment":[{"href":"https:\/\/www.buroperiodistico.com.mx\/index.php?rest_route=%2Fwp%2Fv2%2Fmedia&parent=203601"}],"wp:term":[{"taxonomy":"category","embeddable":true,"href":"https:\/\/www.buroperiodistico.com.mx\/index.php?rest_route=%2Fwp%2Fv2%2Fcategories&post=203601"},{"taxonomy":"post_tag","embeddable":true,"href":"https:\/\/www.buroperiodistico.com.mx\/index.php?rest_route=%2Fwp%2Fv2%2Ftags&post=203601"}],"curies":[{"name":"wp","href":"https:\/\/api.w.org\/{rel}","templated":true}]}}