{"id":203592,"date":"2026-03-11T18:34:42","date_gmt":"2026-03-11T23:34:42","guid":{"rendered":"https:\/\/www.buroperiodistico.com.mx\/?p=203592"},"modified":"2026-03-11T18:34:42","modified_gmt":"2026-03-11T23:34:42","slug":"gobierno-municipal-y-dif-nuevo-laredo-incorporan-tecnologia-de-alta-especialidad-para-fortalecer-la-salud-publica","status":"publish","type":"post","link":"https:\/\/www.buroperiodistico.com.mx\/?p=203592","title":{"rendered":"GOBIERNO MUNICIPAL Y DIF NUEVO LAREDO INCORPORAN TECNOLOG\u00cdA DE ALTA ESPECIALIDAD PARA FORTALECER LA SALUD P\u00daBLICA"},"content":{"rendered":"<p><em><strong><img loading=\"lazy\" decoding=\"async\" class=\" wp-image-203597 alignright\" src=\"https:\/\/www.buroperiodistico.com.mx\/wp-content\/uploads\/2026\/03\/Ndlx.jpeg\" alt=\"\" width=\"436\" height=\"265\" srcset=\"https:\/\/www.buroperiodistico.com.mx\/wp-content\/uploads\/2026\/03\/Ndlx.jpeg 1024w, https:\/\/www.buroperiodistico.com.mx\/wp-content\/uploads\/2026\/03\/Ndlx-300x182.jpeg 300w, https:\/\/www.buroperiodistico.com.mx\/wp-content\/uploads\/2026\/03\/Ndlx-768x467.jpeg 768w\" sizes=\"auto, (max-width: 436px) 100vw, 436px\" \/>Nuevo Laredo, Tam (11-Marzo-2026).-<\/strong><\/em>\u00a0El Gobierno Municipal y Sistema DIF Nuevo Laredo inauguraron un tom\u00f3grafo de \u00faltima generaci\u00f3n en el Centro de Radiolog\u00eda e Imagen del Centro de Rehabilitaci\u00f3n Integral (CRI), convirti\u00e9ndose en el \u00fanico DIF de Tamaulipas que cuenta con este tipo de tecnolog\u00eda con la que se fortalece la infraestructura de salud p\u00fablica y ampl\u00eda la capacidad de atenci\u00f3n m\u00e9dica especializada para la poblaci\u00f3n que no cuenta con seguridad social.<\/p>\n<p>En una emotiva ceremonia donde se refrend\u00f3 el compromiso con el bienestar de las familias neolaredenses, la alcaldesa Carmen Lilia Canturosas, junto a la presidenta del patronato del Sistema DIF, Claudette Canturosas, cortaron el list\u00f3n de esta nueva unidad, en la que se realiz\u00f3 una\u00a0 inversi\u00f3n superior a los 6 millones de pesos.<\/p>\n<p>\u201cDesde el inicio de nuestra administraci\u00f3n, nos propusimos fortalecer la infraestructura de salud con un sentido profundamente humano. Con la llegada de este equipo, el Sistema DIF eleva su capacidad diagn\u00f3stica y oferta el servicio a muy bajo costo, reafirmando que para nosotros, la salud de las familias neolaredenses es y ser\u00e1 siempre la prioridad absoluta\u201d, afirm\u00f3 la alcaldesa.<\/p>\n<p>Agradeci\u00f3 al Gobernador del Estado, Am\u00e9rico Villarreal Anaya, y a su esposa,\u00a0 Mar\u00eda Santiago de Villarreal, por caminar de la mano con Nuevo Laredo en cada proyecto de salud; y reconoci\u00f3 el respaldo invaluable de la Presidenta de la Rep\u00fablica, Claudia Sheinbaum Pardo, cuya visi\u00f3n humanista nos impulsa a seguir transformando la vida de las familias neolaredenses.<\/p>\n<p>Agreg\u00f3 que este equipo no s\u00f3lo fortalece la infraestructura m\u00e9dica municipal, sino que ampl\u00eda de manera hist\u00f3rica el acceso a estudios especializados para quienes no cuentan con seguridad social.<\/p>\n<p>Destac\u00f3 que esta inversi\u00f3n se hizo con recursos propios del Sistema DIF, gracias a las finanzas sanas y buena administraci\u00f3n de los recursos p\u00fablicos.<\/p>\n<p>Por su parte, la presidenta del Sistema DIF Nuevo Laredo subray\u00f3 que este nuevo equipo no solo representa tecnolog\u00eda de vanguardia, sino esperanza para quienes requieren estudios especializados y no pueden acceder a ellos en el sector privado debido a sus altos costos.<\/p>\n<p>\u201cEste nuevo tom\u00f3grafo es resultado de trabajo, perseverancia y amor por nuestra comunidad; es una muestra de que cuando administramos bien los recursos, podemos transformar sue\u00f1os en servicios que benefician directamente a nuestra gente\u201d, se\u00f1al\u00f3 la presidenta del Sistema DIF.<\/p>\n<p>Resalt\u00f3 que por primera vez en el DIF se podr\u00e1n realizar tomograf\u00edas contrastadas (TAC), elevando la capacidad de diagn\u00f3stico oportuno, preciso y preventivo, elemento clave para salvar vidas y brindar tranquilidad a las familias neolaredenses.<\/p>\n<p>Los\u00a0 estudios se ofrecer\u00e1n a bajo costo, siendo hasta un 40 por ciento m\u00e1s econ\u00f3micos que en instituciones privadas y con tarifas ajustadas mediante estudio socioecon\u00f3mico, garantizando acceso equitativo a la poblaci\u00f3n vulnerable.<\/p>\n<p>Este logro forma parte de un proceso integral de fortalecimiento del Centro de Radiolog\u00eda e Imagen, que en los \u00faltimos a\u00f1os ha incluido la adquisici\u00f3n de un mast\u00f3grafo, la modernizaci\u00f3n del \u00e1rea de Rayos X a sistema digital, la rehabilitaci\u00f3n del \u00e1rea de tomograf\u00eda, mantenimiento preventivo de equipos e incorporaci\u00f3n de personal especializado.<\/p>\n<p>Es importante se\u00f1alar, que ante la implementaci\u00f3n del nuevo servicio de tomograf\u00eda con contraste, el CRI cuenta ahora con una unidad de emergencia m\u00e9dica para la administraci\u00f3n de medio de contraste, a fin de atender cualquier eventualidad, en cumplimiento con la Norma Oficial Mexicana.<\/p>\n<p>Adem\u00e1s, como parte del fortalecimiento de los servicios, se contrat\u00f3 personal especializado, entre ellos una radi\u00f3loga certificada por el Centro Nacional de Radiolog\u00eda, dos t\u00e9cnicos radi\u00f3logos y un param\u00e9dico.<\/p>\n<p>De igual forma, en el \u00e1rea de rehabilitaci\u00f3n se restaur\u00f3 el tanque terap\u00e9utico y se incorporaron gr\u00faas de traslado para brindar mayor seguridad y dignidad a los pacientes.<\/p>\n<p>El Centro de Radiolog\u00eda DIF est\u00e1 instalado dentro del Centro de Rehabilitaci\u00f3n Integral (CRI), ubicado en Jaumave #6970, col. La Fe.<\/p>\n<p>Con esta inauguraci\u00f3n, el Gobierno Municipal y el Sistema DIF reafirman su compromiso de trabajar con visi\u00f3n social, sensibilidad y responsabilidad, priorizando la salud como un eje fundamental para el desarrollo y bienestar de las familias neolaredenses.<\/p>\n<p><img loading=\"lazy\" decoding=\"async\" class=\"aligncenter size-full wp-image-203593\" src=\"https:\/\/www.buroperiodistico.com.mx\/wp-content\/uploads\/2026\/03\/Ndlx-I.jpeg\" alt=\"\" width=\"640\" height=\"428\" srcset=\"https:\/\/www.buroperiodistico.com.mx\/wp-content\/uploads\/2026\/03\/Ndlx-I.jpeg 640w, https:\/\/www.buroperiodistico.com.mx\/wp-content\/uploads\/2026\/03\/Ndlx-I-300x201.jpeg 300w\" sizes=\"auto, (max-width: 640px) 100vw, 640px\" \/> <img loading=\"lazy\" decoding=\"async\" class=\"aligncenter size-full wp-image-203596\" src=\"https:\/\/www.buroperiodistico.com.mx\/wp-content\/uploads\/2026\/03\/Ndlx-IIII.jpeg\" alt=\"\" width=\"640\" height=\"428\" srcset=\"https:\/\/www.buroperiodistico.com.mx\/wp-content\/uploads\/2026\/03\/Ndlx-IIII.jpeg 640w, https:\/\/www.buroperiodistico.com.mx\/wp-content\/uploads\/2026\/03\/Ndlx-IIII-300x201.jpeg 300w\" sizes=\"auto, (max-width: 640px) 100vw, 640px\" \/> <img loading=\"lazy\" decoding=\"async\" class=\"aligncenter size-full wp-image-203595\" src=\"https:\/\/www.buroperiodistico.com.mx\/wp-content\/uploads\/2026\/03\/Ndlx-III.jpeg\" alt=\"\" width=\"640\" height=\"428\" srcset=\"https:\/\/www.buroperiodistico.com.mx\/wp-content\/uploads\/2026\/03\/Ndlx-III.jpeg 640w, https:\/\/www.buroperiodistico.com.mx\/wp-content\/uploads\/2026\/03\/Ndlx-III-300x201.jpeg 300w\" sizes=\"auto, (max-width: 640px) 100vw, 640px\" \/> <img loading=\"lazy\" decoding=\"async\" class=\"aligncenter size-full wp-image-203594\" src=\"https:\/\/www.buroperiodistico.com.mx\/wp-content\/uploads\/2026\/03\/Ndlx-II.jpeg\" alt=\"\" width=\"640\" height=\"428\" srcset=\"https:\/\/www.buroperiodistico.com.mx\/wp-content\/uploads\/2026\/03\/Ndlx-II.jpeg 640w, https:\/\/www.buroperiodistico.com.mx\/wp-content\/uploads\/2026\/03\/Ndlx-II-300x201.jpeg 300w\" sizes=\"auto, (max-width: 640px) 100vw, 640px\" \/><\/p>\n","protected":false},"excerpt":{"rendered":"<p>Nuevo Laredo, Tam (11-Marzo-2026).-\u00a0El Gobierno Municipal y Sistema DIF Nuevo Laredo inauguraron un tom\u00f3grafo de&#8230;<\/p>\n","protected":false},"author":1,"featured_media":203597,"comment_status":"closed","ping_status":"closed","sticky":false,"template":"","format":"standard","meta":{"footnotes":"","jetpack_publicize_message":"","jetpack_publicize_feature_enabled":true,"jetpack_social_post_already_shared":true,"jetpack_social_options":{"image_generator_settings":{"template":"highway","default_image_id":0,"font":"","enabled":false},"version":2}},"categories":[16,25],"tags":[],"class_list":["post-203592","post","type-post","status-publish","format-standard","has-post-thumbnail","hentry","category-nuevolaredo","category-portada"],"jetpack_publicize_connections":[],"_links":{"self":[{"href":"https:\/\/www.buroperiodistico.com.mx\/index.php?rest_route=\/wp\/v2\/posts\/203592","targetHints":{"allow":["GET"]}}],"collection":[{"href":"https:\/\/www.buroperiodistico.com.mx\/index.php?rest_route=\/wp\/v2\/posts"}],"about":[{"href":"https:\/\/www.buroperiodistico.com.mx\/index.php?rest_route=\/wp\/v2\/types\/post"}],"author":[{"embeddable":true,"href":"https:\/\/www.buroperiodistico.com.mx\/index.php?rest_route=\/wp\/v2\/users\/1"}],"replies":[{"embeddable":true,"href":"https:\/\/www.buroperiodistico.com.mx\/index.php?rest_route=%2Fwp%2Fv2%2Fcomments&post=203592"}],"version-history":[{"count":1,"href":"https:\/\/www.buroperiodistico.com.mx\/index.php?rest_route=\/wp\/v2\/posts\/203592\/revisions"}],"predecessor-version":[{"id":203598,"href":"https:\/\/www.buroperiodistico.com.mx\/index.php?rest_route=\/wp\/v2\/posts\/203592\/revisions\/203598"}],"wp:featuredmedia":[{"embeddable":true,"href":"https:\/\/www.buroperiodistico.com.mx\/index.php?rest_route=\/wp\/v2\/media\/203597"}],"wp:attachment":[{"href":"https:\/\/www.buroperiodistico.com.mx\/index.php?rest_route=%2Fwp%2Fv2%2Fmedia&parent=203592"}],"wp:term":[{"taxonomy":"category","embeddable":true,"href":"https:\/\/www.buroperiodistico.com.mx\/index.php?rest_route=%2Fwp%2Fv2%2Fcategories&post=203592"},{"taxonomy":"post_tag","embeddable":true,"href":"https:\/\/www.buroperiodistico.com.mx\/index.php?rest_route=%2Fwp%2Fv2%2Ftags&post=203592"}],"curies":[{"name":"wp","href":"https:\/\/api.w.org\/{rel}","templated":true}]}}