{"id":203576,"date":"2026-03-11T17:48:01","date_gmt":"2026-03-11T22:48:01","guid":{"rendered":"https:\/\/www.buroperiodistico.com.mx\/?p=203576"},"modified":"2026-03-11T17:48:01","modified_gmt":"2026-03-11T22:48:01","slug":"avanza-vacunacion-contra-el-sarampion-suman-a-la-fecha-283-mil-dosis-aplicadas","status":"publish","type":"post","link":"https:\/\/www.buroperiodistico.com.mx\/?p=203576","title":{"rendered":"Avanza vacunaci\u00f3n contra el sarampi\u00f3n; suman a la fecha 283 mil dosis aplicadas"},"content":{"rendered":"<ul>\n<li><strong><em>Con el apoyo del gobernador para reforzar acciones de prevenci\u00f3n, Tamaulipas contin\u00faa con cero casos<\/em><\/strong><\/li>\n<\/ul>\n<p><strong><img loading=\"lazy\" decoding=\"async\" class=\" wp-image-203578 alignright\" src=\"https:\/\/www.buroperiodistico.com.mx\/wp-content\/uploads\/2026\/03\/SSTaplicadas.jpeg\" alt=\"\" width=\"455\" height=\"290\" srcset=\"https:\/\/www.buroperiodistico.com.mx\/wp-content\/uploads\/2026\/03\/SSTaplicadas.jpeg 1024w, https:\/\/www.buroperiodistico.com.mx\/wp-content\/uploads\/2026\/03\/SSTaplicadas-300x191.jpeg 300w, https:\/\/www.buroperiodistico.com.mx\/wp-content\/uploads\/2026\/03\/SSTaplicadas-768x489.jpeg 768w\" sizes=\"auto, (max-width: 455px) 100vw, 455px\" \/>Ciudad Victoria, Tamaulipas (11-Marzo-2026).-<\/strong> Con un avance de casi el 50 por ciento de la meta establecida para vacunar contra el sarampi\u00f3n, Tamaulipas se posiciona como el \u00fanico estado sin casos registrados de este padecimiento en el presente a\u00f1o.<\/p>\n<p>El secretario de Salud, Vicente Joel Hern\u00e1ndez Navarro, inform\u00f3 que pese a la cercan\u00eda de transmisi\u00f3n activa en estados vecinos, los procesos para la b\u00fasqueda intencionada, detecci\u00f3n y vacunaci\u00f3n que se han realizado han evitado que se presenten nuevos pacientes.<\/p>\n<p>\u201cEstamos a 46 d\u00edas de concluir la campa\u00f1a intensiva de vacunaci\u00f3n y en este periodo, con el apoyo decidido del gobernador Am\u00e9rico Villarreal Anaya, se han aplicado m\u00e1s de 283 mil dosis de las 578 mil que marca la estrategia nacional de vacunaci\u00f3n y, para ello, gracias a las gestiones del Ejecutivo, seguimos con el abasto necesario para continuar con esta jornada\u201d, destac\u00f3 Hern\u00e1ndez Navarro.<\/p>\n<p>Inform\u00f3 que en este a\u00f1o se han analizado 78 casos probables, de los cuales 3 se mantienen en estudio y la mayor\u00eda se registra en menores de 15 a\u00f1os; por ello, las acciones se enfocan en blindar los planteles educativos con la instalaci\u00f3n de filtros, la revisi\u00f3n de las cartillas de vacunaci\u00f3n y la aplicaci\u00f3n de vacunas.<\/p>\n<p>De igual manera, se mantiene la vacunaci\u00f3n a los grupos establecidos en los lineamientos, como son los ni\u00f1os y ni\u00f1as de 6 a 11 meses como dosis cero; de 1 a 12 a\u00f1os con esquema regular de vacunaci\u00f3n, completando esquemas de dos dosis; de 13 a 49 a\u00f1os que no tengan el esquema completo; y personal de salud.<\/p>\n<p>Cabe mencionar que el personal de educaci\u00f3n tambi\u00e9n se contempla como grupo prioritario, as\u00ed como los ya establecidos como grupos vulnerables, que son los jornaleros agr\u00edcolas, personas en albergues para migrantes y rellenos sanitarios; pero quien solicite la vacuna contra el sarampi\u00f3n tambi\u00e9n podr\u00e1 recibirla.<\/p>\n<p>El secretario de Salud pidi\u00f3 a la poblaci\u00f3n no bajar la guardia y aplicarse la vacuna contra el sarampi\u00f3n, adem\u00e1s de completar esquemas para evitar las enfermedades prevenibles por vacunaci\u00f3n.<\/p>\n<p><img loading=\"lazy\" decoding=\"async\" class=\"aligncenter size-full wp-image-203577\" src=\"https:\/\/www.buroperiodistico.com.mx\/wp-content\/uploads\/2026\/03\/SSTaplicadas-I.jpeg\" alt=\"\" width=\"640\" height=\"480\" srcset=\"https:\/\/www.buroperiodistico.com.mx\/wp-content\/uploads\/2026\/03\/SSTaplicadas-I.jpeg 640w, https:\/\/www.buroperiodistico.com.mx\/wp-content\/uploads\/2026\/03\/SSTaplicadas-I-300x225.jpeg 300w\" sizes=\"auto, (max-width: 640px) 100vw, 640px\" \/><\/p>\n","protected":false},"excerpt":{"rendered":"<p>Con el apoyo del gobernador para reforzar acciones de prevenci\u00f3n, Tamaulipas contin\u00faa con cero casos&#8230;<\/p>\n","protected":false},"author":1,"featured_media":203578,"comment_status":"closed","ping_status":"closed","sticky":false,"template":"","format":"standard","meta":{"footnotes":"","jetpack_publicize_message":"","jetpack_publicize_feature_enabled":true,"jetpack_social_post_already_shared":true,"jetpack_social_options":{"image_generator_settings":{"template":"highway","default_image_id":0,"font":"","enabled":false},"version":2}},"categories":[10],"tags":[],"class_list":["post-203576","post","type-post","status-publish","format-standard","has-post-thumbnail","hentry","category-tamaulipas"],"jetpack_publicize_connections":[],"_links":{"self":[{"href":"https:\/\/www.buroperiodistico.com.mx\/index.php?rest_route=\/wp\/v2\/posts\/203576","targetHints":{"allow":["GET"]}}],"collection":[{"href":"https:\/\/www.buroperiodistico.com.mx\/index.php?rest_route=\/wp\/v2\/posts"}],"about":[{"href":"https:\/\/www.buroperiodistico.com.mx\/index.php?rest_route=\/wp\/v2\/types\/post"}],"author":[{"embeddable":true,"href":"https:\/\/www.buroperiodistico.com.mx\/index.php?rest_route=\/wp\/v2\/users\/1"}],"replies":[{"embeddable":true,"href":"https:\/\/www.buroperiodistico.com.mx\/index.php?rest_route=%2Fwp%2Fv2%2Fcomments&post=203576"}],"version-history":[{"count":1,"href":"https:\/\/www.buroperiodistico.com.mx\/index.php?rest_route=\/wp\/v2\/posts\/203576\/revisions"}],"predecessor-version":[{"id":203579,"href":"https:\/\/www.buroperiodistico.com.mx\/index.php?rest_route=\/wp\/v2\/posts\/203576\/revisions\/203579"}],"wp:featuredmedia":[{"embeddable":true,"href":"https:\/\/www.buroperiodistico.com.mx\/index.php?rest_route=\/wp\/v2\/media\/203578"}],"wp:attachment":[{"href":"https:\/\/www.buroperiodistico.com.mx\/index.php?rest_route=%2Fwp%2Fv2%2Fmedia&parent=203576"}],"wp:term":[{"taxonomy":"category","embeddable":true,"href":"https:\/\/www.buroperiodistico.com.mx\/index.php?rest_route=%2Fwp%2Fv2%2Fcategories&post=203576"},{"taxonomy":"post_tag","embeddable":true,"href":"https:\/\/www.buroperiodistico.com.mx\/index.php?rest_route=%2Fwp%2Fv2%2Ftags&post=203576"}],"curies":[{"name":"wp","href":"https:\/\/api.w.org\/{rel}","templated":true}]}}