{"id":203568,"date":"2026-03-11T17:18:19","date_gmt":"2026-03-11T22:18:19","guid":{"rendered":"https:\/\/www.buroperiodistico.com.mx\/?p=203568"},"modified":"2026-03-11T17:18:19","modified_gmt":"2026-03-11T22:18:19","slug":"repara-tamaulipas-mas-de-2-mil-escuelas-en-tres-anos-de-gobierno-estatal","status":"publish","type":"post","link":"https:\/\/www.buroperiodistico.com.mx\/?p=203568","title":{"rendered":"Repara Tamaulipas m\u00e1s de 2 mil escuelas en tres a\u00f1os de gobierno estatal"},"content":{"rendered":"<p><em><strong><img loading=\"lazy\" decoding=\"async\" class=\" wp-image-203569 alignright\" src=\"https:\/\/www.buroperiodistico.com.mx\/wp-content\/uploads\/2026\/03\/SETEstatal.jpeg\" alt=\"\" width=\"441\" height=\"278\" srcset=\"https:\/\/www.buroperiodistico.com.mx\/wp-content\/uploads\/2026\/03\/SETEstatal.jpeg 1024w, https:\/\/www.buroperiodistico.com.mx\/wp-content\/uploads\/2026\/03\/SETEstatal-300x189.jpeg 300w, https:\/\/www.buroperiodistico.com.mx\/wp-content\/uploads\/2026\/03\/SETEstatal-768x485.jpeg 768w\" sizes=\"auto, (max-width: 441px) 100vw, 441px\" \/>Ciudad Victoria, Tamaulipas (11-Marzo-2026).-<\/strong><\/em> En poco m\u00e1s de tres a\u00f1os, la administraci\u00f3n estatal liderada por el gobernador Am\u00e9rico Villarreal Anaya, a trav\u00e9s de la Secretar\u00eda de Educaci\u00f3n de Tamaulipas (SET), ha intervenido, rehabilitado o reparado m\u00e1s de 2 mil planteles educativos en la entidad, inform\u00f3 su titular, Miguel \u00c1ngel Valdez Garc\u00eda.<\/p>\n<p>\u201cAhorita llevamos alrededor de m\u00e1s de 2 mil escuelas reparadas; la inversi\u00f3n en los tres a\u00f1os es de cerca de 3 mil millones de pesos. Muy contentos y, sobre todo, que va a ser en beneficio de ni\u00f1as y ni\u00f1os\u201d, a\u00f1adi\u00f3.<\/p>\n<p>Record\u00f3 que, junto con los aprendizajes fundamentales, la infraestructura educativa es uno de los puntos clave para el mejoramiento del nivel de la educaci\u00f3n en la entidad, motivo por el cual el Gobierno del Estado, de la mano con el Gobierno Federal que dirige la presidenta Claudia Sheinbaum, ha destinado importantes recursos a este rubro.<\/p>\n<p>\u201cDel FAM (Fondo de Aportaciones M\u00faltiples) 2025 vuelve a haber una cooperaci\u00f3n con el programa La Escuela es Nuestra (LEEN) de cerca de 400 millones de pesos y, desde luego, del ITIFE (Instituto Tamaulipeco de Infraestructura F\u00edsica Educativa) otros 400 millones de pesos\u201d, puntualiz\u00f3.<\/p>\n<p>Resalt\u00f3 que, para este a\u00f1o, Tamaulipas tendr\u00e1 una inversi\u00f3n hist\u00f3rica para la construcci\u00f3n de nuevos espacios educativos, con la creaci\u00f3n de seis nuevas preparatorias: tres en Reynosa, una en Nuevo Laredo, una en Tampico y una en Altamira. Adem\u00e1s, de dos nuevas escuelas de educaci\u00f3n superior: una Universidad Rosario Castellanos y una Universidad de la Salud.<\/p>\n<p>Valdez Garc\u00eda fue entrevistado durante la entrega de obras y mobiliario al Jard\u00edn de Ni\u00f1os \u201cLocutores de Victoria\u201d, que consisti\u00f3 en la construcci\u00f3n de seis aulas, la reubicaci\u00f3n de una techumbre, la demolici\u00f3n de un edificio y la construcci\u00f3n de un andador y p\u00f3rtico de acceso, con una inversi\u00f3n de 5 millones 668 mil 611 pesos.<\/p>\n<p>Se entreg\u00f3 tambi\u00e9n mobiliario consistente en 144 sillas, 48 mesas infantiles, seis sillas para maestros, seis mesas para maestros, seis pintarrones y 12 muebles de guarda, para un total de 222 art\u00edculos, con una inversi\u00f3n de 573 mil 594 pesos en beneficio de 160 integrantes de la comunidad escolar<\/p>\n","protected":false},"excerpt":{"rendered":"<p>Ciudad Victoria, Tamaulipas (11-Marzo-2026).- En poco m\u00e1s de tres a\u00f1os, la administraci\u00f3n estatal liderada por&#8230;<\/p>\n","protected":false},"author":1,"featured_media":203569,"comment_status":"closed","ping_status":"closed","sticky":false,"template":"","format":"standard","meta":{"footnotes":"","jetpack_publicize_message":"","jetpack_publicize_feature_enabled":true,"jetpack_social_post_already_shared":true,"jetpack_social_options":{"image_generator_settings":{"template":"highway","default_image_id":0,"font":"","enabled":false},"version":2}},"categories":[10],"tags":[],"class_list":["post-203568","post","type-post","status-publish","format-standard","has-post-thumbnail","hentry","category-tamaulipas"],"jetpack_publicize_connections":[],"_links":{"self":[{"href":"https:\/\/www.buroperiodistico.com.mx\/index.php?rest_route=\/wp\/v2\/posts\/203568","targetHints":{"allow":["GET"]}}],"collection":[{"href":"https:\/\/www.buroperiodistico.com.mx\/index.php?rest_route=\/wp\/v2\/posts"}],"about":[{"href":"https:\/\/www.buroperiodistico.com.mx\/index.php?rest_route=\/wp\/v2\/types\/post"}],"author":[{"embeddable":true,"href":"https:\/\/www.buroperiodistico.com.mx\/index.php?rest_route=\/wp\/v2\/users\/1"}],"replies":[{"embeddable":true,"href":"https:\/\/www.buroperiodistico.com.mx\/index.php?rest_route=%2Fwp%2Fv2%2Fcomments&post=203568"}],"version-history":[{"count":1,"href":"https:\/\/www.buroperiodistico.com.mx\/index.php?rest_route=\/wp\/v2\/posts\/203568\/revisions"}],"predecessor-version":[{"id":203570,"href":"https:\/\/www.buroperiodistico.com.mx\/index.php?rest_route=\/wp\/v2\/posts\/203568\/revisions\/203570"}],"wp:featuredmedia":[{"embeddable":true,"href":"https:\/\/www.buroperiodistico.com.mx\/index.php?rest_route=\/wp\/v2\/media\/203569"}],"wp:attachment":[{"href":"https:\/\/www.buroperiodistico.com.mx\/index.php?rest_route=%2Fwp%2Fv2%2Fmedia&parent=203568"}],"wp:term":[{"taxonomy":"category","embeddable":true,"href":"https:\/\/www.buroperiodistico.com.mx\/index.php?rest_route=%2Fwp%2Fv2%2Fcategories&post=203568"},{"taxonomy":"post_tag","embeddable":true,"href":"https:\/\/www.buroperiodistico.com.mx\/index.php?rest_route=%2Fwp%2Fv2%2Ftags&post=203568"}],"curies":[{"name":"wp","href":"https:\/\/api.w.org\/{rel}","templated":true}]}}