{"id":203563,"date":"2026-03-11T17:14:41","date_gmt":"2026-03-11T22:14:41","guid":{"rendered":"https:\/\/www.buroperiodistico.com.mx\/?p=203563"},"modified":"2026-03-11T17:14:41","modified_gmt":"2026-03-11T22:14:41","slug":"impulsa-gobierno-de-tamaulipas-infraestructura-educativa-en-san-nicolas","status":"publish","type":"post","link":"https:\/\/www.buroperiodistico.com.mx\/?p=203563","title":{"rendered":"Impulsa Gobierno de Tamaulipas infraestructura educativa en San Nicol\u00e1s"},"content":{"rendered":"<p><em><strong><img loading=\"lazy\" decoding=\"async\" class=\" wp-image-203566 alignright\" src=\"https:\/\/www.buroperiodistico.com.mx\/wp-content\/uploads\/2026\/03\/ITINicolas.jpeg\" alt=\"\" width=\"378\" height=\"239\" srcset=\"https:\/\/www.buroperiodistico.com.mx\/wp-content\/uploads\/2026\/03\/ITINicolas.jpeg 1024w, https:\/\/www.buroperiodistico.com.mx\/wp-content\/uploads\/2026\/03\/ITINicolas-300x190.jpeg 300w, https:\/\/www.buroperiodistico.com.mx\/wp-content\/uploads\/2026\/03\/ITINicolas-768x486.jpeg 768w\" sizes=\"auto, (max-width: 378px) 100vw, 378px\" \/>San Nicol\u00e1s, Tamaulipas (11-Marzo-2026).-<\/strong><\/em> El Gobierno del Estado de Tamaulipas, encabezado por Am\u00e9rico Villarreal Anaya, contin\u00faa impulsando el fortalecimiento de la infraestructura educativa en distintos municipios de la entidad.<\/p>\n<p>En ese marco, el Instituto Tamaulipeco de Infraestructura F\u00edsica Educativa (ITIFE), organismo sectorizado a la Secretar\u00eda de Obras P\u00fablicas (SOP), inici\u00f3 trabajos de mejora en dos planteles ubicados en la cabecera municipal de San Nicol\u00e1s con una inversi\u00f3n de 2.6 millones de pesos.<\/p>\n<p>El director general del ITIFE, Sergio Castillo Sag\u00e1stegui indic\u00f3 que se llevan a cabo trabajos en la Escuela Primaria Leona Vicario con la construcci\u00f3n de un desayunador tipo Colibr\u00ed, cisterna, adem\u00e1s de la rehabilitaci\u00f3n el\u00e9ctrica, mejoramiento de servicios sanitarios y una intervenci\u00f3n general del plantel.<\/p>\n<p>Asimismo, apunt\u00f3 que en el Telebachillerato Comunitario No. 39 se rehabilitar\u00e1n aulas, con pintura, mejora de instalaciones el\u00e9ctricas, sanitarios y construcci\u00f3n de cisterna, lo que permitir\u00e1 brindar mejores condiciones para las y los estudiantes de esta escuela.<\/p>\n<p>Castillo Sag\u00e1stegui, reafirma el compromiso de la actual administraci\u00f3n estatal con la educaci\u00f3n al ser una prioridad la construcci\u00f3n y dignificaci\u00f3n de los espacios p\u00fablicos en los planteles y escuelas de todo el estado.<\/p>\n<p><img loading=\"lazy\" decoding=\"async\" class=\"aligncenter size-full wp-image-203564\" src=\"https:\/\/www.buroperiodistico.com.mx\/wp-content\/uploads\/2026\/03\/ITINicolas-I.jpeg\" alt=\"\" width=\"640\" height=\"426\" srcset=\"https:\/\/www.buroperiodistico.com.mx\/wp-content\/uploads\/2026\/03\/ITINicolas-I.jpeg 640w, https:\/\/www.buroperiodistico.com.mx\/wp-content\/uploads\/2026\/03\/ITINicolas-I-300x200.jpeg 300w\" sizes=\"auto, (max-width: 640px) 100vw, 640px\" \/> <img loading=\"lazy\" decoding=\"async\" class=\"aligncenter size-full wp-image-203565\" src=\"https:\/\/www.buroperiodistico.com.mx\/wp-content\/uploads\/2026\/03\/ITINicolas-II.jpeg\" alt=\"\" width=\"640\" height=\"426\" srcset=\"https:\/\/www.buroperiodistico.com.mx\/wp-content\/uploads\/2026\/03\/ITINicolas-II.jpeg 640w, https:\/\/www.buroperiodistico.com.mx\/wp-content\/uploads\/2026\/03\/ITINicolas-II-300x200.jpeg 300w\" sizes=\"auto, (max-width: 640px) 100vw, 640px\" \/><\/p>\n","protected":false},"excerpt":{"rendered":"<p>San Nicol\u00e1s, Tamaulipas (11-Marzo-2026).- El Gobierno del Estado de Tamaulipas, encabezado por Am\u00e9rico Villarreal Anaya,&#8230;<\/p>\n","protected":false},"author":1,"featured_media":203566,"comment_status":"closed","ping_status":"closed","sticky":false,"template":"","format":"standard","meta":{"footnotes":"","jetpack_publicize_message":"","jetpack_publicize_feature_enabled":true,"jetpack_social_post_already_shared":true,"jetpack_social_options":{"image_generator_settings":{"template":"highway","default_image_id":0,"font":"","enabled":false},"version":2}},"categories":[10],"tags":[],"class_list":["post-203563","post","type-post","status-publish","format-standard","has-post-thumbnail","hentry","category-tamaulipas"],"jetpack_publicize_connections":[],"_links":{"self":[{"href":"https:\/\/www.buroperiodistico.com.mx\/index.php?rest_route=\/wp\/v2\/posts\/203563","targetHints":{"allow":["GET"]}}],"collection":[{"href":"https:\/\/www.buroperiodistico.com.mx\/index.php?rest_route=\/wp\/v2\/posts"}],"about":[{"href":"https:\/\/www.buroperiodistico.com.mx\/index.php?rest_route=\/wp\/v2\/types\/post"}],"author":[{"embeddable":true,"href":"https:\/\/www.buroperiodistico.com.mx\/index.php?rest_route=\/wp\/v2\/users\/1"}],"replies":[{"embeddable":true,"href":"https:\/\/www.buroperiodistico.com.mx\/index.php?rest_route=%2Fwp%2Fv2%2Fcomments&post=203563"}],"version-history":[{"count":1,"href":"https:\/\/www.buroperiodistico.com.mx\/index.php?rest_route=\/wp\/v2\/posts\/203563\/revisions"}],"predecessor-version":[{"id":203567,"href":"https:\/\/www.buroperiodistico.com.mx\/index.php?rest_route=\/wp\/v2\/posts\/203563\/revisions\/203567"}],"wp:featuredmedia":[{"embeddable":true,"href":"https:\/\/www.buroperiodistico.com.mx\/index.php?rest_route=\/wp\/v2\/media\/203566"}],"wp:attachment":[{"href":"https:\/\/www.buroperiodistico.com.mx\/index.php?rest_route=%2Fwp%2Fv2%2Fmedia&parent=203563"}],"wp:term":[{"taxonomy":"category","embeddable":true,"href":"https:\/\/www.buroperiodistico.com.mx\/index.php?rest_route=%2Fwp%2Fv2%2Fcategories&post=203563"},{"taxonomy":"post_tag","embeddable":true,"href":"https:\/\/www.buroperiodistico.com.mx\/index.php?rest_route=%2Fwp%2Fv2%2Ftags&post=203563"}],"curies":[{"name":"wp","href":"https:\/\/api.w.org\/{rel}","templated":true}]}}