{"id":203557,"date":"2026-03-11T17:10:30","date_gmt":"2026-03-11T22:10:30","guid":{"rendered":"https:\/\/www.buroperiodistico.com.mx\/?p=203557"},"modified":"2026-03-11T17:10:30","modified_gmt":"2026-03-11T22:10:30","slug":"fortalece-gobierno-de-americo-infraestructura-hidraulica-en-zona-conurbada","status":"publish","type":"post","link":"https:\/\/www.buroperiodistico.com.mx\/?p=203557","title":{"rendered":"Fortalece Gobierno de Am\u00e9rico infraestructura hidr\u00e1ulica en zona conurbada"},"content":{"rendered":"<p><em><strong><img loading=\"lazy\" decoding=\"async\" class=\" wp-image-203561 alignright\" src=\"https:\/\/www.buroperiodistico.com.mx\/wp-content\/uploads\/2026\/03\/SOPconurbada.jpeg\" alt=\"\" width=\"502\" height=\"339\" srcset=\"https:\/\/www.buroperiodistico.com.mx\/wp-content\/uploads\/2026\/03\/SOPconurbada.jpeg 1024w, https:\/\/www.buroperiodistico.com.mx\/wp-content\/uploads\/2026\/03\/SOPconurbada-300x202.jpeg 300w, https:\/\/www.buroperiodistico.com.mx\/wp-content\/uploads\/2026\/03\/SOPconurbada-768x518.jpeg 768w\" sizes=\"auto, (max-width: 502px) 100vw, 502px\" \/>Ciudad Victoria, Tamaulipas (11-Marzo-2026).-<\/strong><\/em> El Gobierno de Am\u00e9rico Villarreal Anaya fortalece la infraestructura hidr\u00e1ulica de la zona conurbada de Tamaulipas, con una inversi\u00f3n mayor a los 109 millones de pesos.<\/p>\n<p>El secretario de Obras P\u00fablicas (SOP), Pedro Cepeda Anaya mencion\u00f3 que se est\u00e1n llevando a cabo trabajos en este rubro en los municipios de Altamira, Madero y Tampico, con el objetivo de impulsar el bienestar social y mejorar los servicios b\u00e1sicos en esta regi\u00f3n del estado.<\/p>\n<p>Apunt\u00f3 que, en la zona oriente de Altamira, construyen un tanque de regularizaci\u00f3n para abastecimiento de agua potable y llevan a cabo la ampliaci\u00f3n de la Planta Potabilizadora Duport de 800 a 1000 litros por segundo.<\/p>\n<p>Asimismo, dijo que en Madero realizan diversas obras de drenaje y saneamiento, adem\u00e1s de la rehabilitaci\u00f3n de drenes sanitarios, l\u00edneas de agua potable y servicios domiciliarios, mientras que, en Tampico, construyen colector y sustituyen tuber\u00edas de agua potable.<\/p>\n<p>Cepeda Anaya agreg\u00f3 que estas acciones forman parte de la estrategia del Gobierno del Estado para modernizar y fortalecer los sistemas hidr\u00e1ulicos en las principales zonas urbanas, garantizando un suministro eficiente y confiable para miles de familias que habitan en la zona sur de Tamaulipas.<\/p>\n<p><img loading=\"lazy\" decoding=\"async\" class=\"aligncenter size-full wp-image-203558\" src=\"https:\/\/www.buroperiodistico.com.mx\/wp-content\/uploads\/2026\/03\/SOPconurbada-I.jpeg\" alt=\"\" width=\"480\" height=\"640\" srcset=\"https:\/\/www.buroperiodistico.com.mx\/wp-content\/uploads\/2026\/03\/SOPconurbada-I.jpeg 480w, https:\/\/www.buroperiodistico.com.mx\/wp-content\/uploads\/2026\/03\/SOPconurbada-I-225x300.jpeg 225w\" sizes=\"auto, (max-width: 480px) 100vw, 480px\" \/> <img loading=\"lazy\" decoding=\"async\" class=\"aligncenter size-full wp-image-203560\" src=\"https:\/\/www.buroperiodistico.com.mx\/wp-content\/uploads\/2026\/03\/SOPconurbada-III.jpeg\" alt=\"\" width=\"640\" height=\"288\" srcset=\"https:\/\/www.buroperiodistico.com.mx\/wp-content\/uploads\/2026\/03\/SOPconurbada-III.jpeg 640w, https:\/\/www.buroperiodistico.com.mx\/wp-content\/uploads\/2026\/03\/SOPconurbada-III-300x135.jpeg 300w\" sizes=\"auto, (max-width: 640px) 100vw, 640px\" \/> <img loading=\"lazy\" decoding=\"async\" class=\"aligncenter size-full wp-image-203559\" src=\"https:\/\/www.buroperiodistico.com.mx\/wp-content\/uploads\/2026\/03\/SOPconurbada-II.jpeg\" alt=\"\" width=\"480\" height=\"640\" srcset=\"https:\/\/www.buroperiodistico.com.mx\/wp-content\/uploads\/2026\/03\/SOPconurbada-II.jpeg 480w, https:\/\/www.buroperiodistico.com.mx\/wp-content\/uploads\/2026\/03\/SOPconurbada-II-225x300.jpeg 225w\" sizes=\"auto, (max-width: 480px) 100vw, 480px\" \/><\/p>\n","protected":false},"excerpt":{"rendered":"<p>Ciudad Victoria, Tamaulipas (11-Marzo-2026).- El Gobierno de Am\u00e9rico Villarreal Anaya fortalece la infraestructura hidr\u00e1ulica de&#8230;<\/p>\n","protected":false},"author":1,"featured_media":203561,"comment_status":"closed","ping_status":"closed","sticky":false,"template":"","format":"standard","meta":{"footnotes":"","jetpack_publicize_message":"","jetpack_publicize_feature_enabled":true,"jetpack_social_post_already_shared":true,"jetpack_social_options":{"image_generator_settings":{"template":"highway","default_image_id":0,"font":"","enabled":false},"version":2}},"categories":[10],"tags":[],"class_list":["post-203557","post","type-post","status-publish","format-standard","has-post-thumbnail","hentry","category-tamaulipas"],"jetpack_publicize_connections":[],"_links":{"self":[{"href":"https:\/\/www.buroperiodistico.com.mx\/index.php?rest_route=\/wp\/v2\/posts\/203557","targetHints":{"allow":["GET"]}}],"collection":[{"href":"https:\/\/www.buroperiodistico.com.mx\/index.php?rest_route=\/wp\/v2\/posts"}],"about":[{"href":"https:\/\/www.buroperiodistico.com.mx\/index.php?rest_route=\/wp\/v2\/types\/post"}],"author":[{"embeddable":true,"href":"https:\/\/www.buroperiodistico.com.mx\/index.php?rest_route=\/wp\/v2\/users\/1"}],"replies":[{"embeddable":true,"href":"https:\/\/www.buroperiodistico.com.mx\/index.php?rest_route=%2Fwp%2Fv2%2Fcomments&post=203557"}],"version-history":[{"count":1,"href":"https:\/\/www.buroperiodistico.com.mx\/index.php?rest_route=\/wp\/v2\/posts\/203557\/revisions"}],"predecessor-version":[{"id":203562,"href":"https:\/\/www.buroperiodistico.com.mx\/index.php?rest_route=\/wp\/v2\/posts\/203557\/revisions\/203562"}],"wp:featuredmedia":[{"embeddable":true,"href":"https:\/\/www.buroperiodistico.com.mx\/index.php?rest_route=\/wp\/v2\/media\/203561"}],"wp:attachment":[{"href":"https:\/\/www.buroperiodistico.com.mx\/index.php?rest_route=%2Fwp%2Fv2%2Fmedia&parent=203557"}],"wp:term":[{"taxonomy":"category","embeddable":true,"href":"https:\/\/www.buroperiodistico.com.mx\/index.php?rest_route=%2Fwp%2Fv2%2Fcategories&post=203557"},{"taxonomy":"post_tag","embeddable":true,"href":"https:\/\/www.buroperiodistico.com.mx\/index.php?rest_route=%2Fwp%2Fv2%2Ftags&post=203557"}],"curies":[{"name":"wp","href":"https:\/\/api.w.org\/{rel}","templated":true}]}}