{"id":203519,"date":"2026-03-11T16:11:45","date_gmt":"2026-03-11T21:11:45","guid":{"rendered":"https:\/\/www.buroperiodistico.com.mx\/?p=203519"},"modified":"2026-03-11T16:11:45","modified_gmt":"2026-03-11T21:11:45","slug":"entrego-alcalde-carlos-pena-ortiz-unidades-de-rescate-a-proteccion-civil-y-bomberos","status":"publish","type":"post","link":"https:\/\/www.buroperiodistico.com.mx\/?p=203519","title":{"rendered":"Entreg\u00f3 Alcalde Carlos Pe\u00f1a Ortiz unidades de rescate a Protecci\u00f3n Civil y Bomberos"},"content":{"rendered":"<p><em><strong><img loading=\"lazy\" decoding=\"async\" class=\" wp-image-203526 alignright\" src=\"https:\/\/www.buroperiodistico.com.mx\/wp-content\/uploads\/2026\/03\/Pcx.jpeg\" alt=\"\" width=\"514\" height=\"313\" srcset=\"https:\/\/www.buroperiodistico.com.mx\/wp-content\/uploads\/2026\/03\/Pcx.jpeg 1024w, https:\/\/www.buroperiodistico.com.mx\/wp-content\/uploads\/2026\/03\/Pcx-300x183.jpeg 300w, https:\/\/www.buroperiodistico.com.mx\/wp-content\/uploads\/2026\/03\/Pcx-768x467.jpeg 768w\" sizes=\"auto, (max-width: 514px) 100vw, 514px\" \/>Reynosa, Tam (11-Marzo-2026).-<\/strong><\/em> El Presidente Municipal Carlos Pe\u00f1a Ortiz entreg\u00f3 a la Coordinaci\u00f3n de Protecci\u00f3n Civil y Bomberos, una ambulancia de traslados modelo 2026, un veh\u00edculo tipo Panel de traslados modelo 2026; tres camionetas utilitarias PickUp Ram 1200 4\u00d74, modelo 2026 y dos lanchas inflables de rescate con base de aluminio y motor fuera de borda 30 caballos de fuerza que elevan la eficacia en la respuesta a emergencias.<\/p>\n<p>\u00abEste equipo se da con la finalidad de mejorar toda atenci\u00f3n; tenemos ambulancias pero se requieren m\u00e1s veh\u00edculos para atender los llamados de la poblaci\u00f3n y de igual manera ya incrementamos los salarios a esta dependencia\u00bb, asegur\u00f3 el Alcalde.<\/p>\n<p>El equipo motriz fue recibido por el Coordinador Javier Iv\u00e1n Lam Cant\u00fa, acompa\u00f1ado del personal de Protecci\u00f3n Civil y Bomberos. Esta entrega y la capacitaci\u00f3n continua de los elementos fortalecen la capacidad de respuesta de la corporaci\u00f3n ante emergencias, aportando mejores resultados.<\/p>\n<p>#ReynosaImprable<br \/>\n#GobiernoMunicipalDeReynosa<\/p>\n<p><img loading=\"lazy\" decoding=\"async\" class=\"aligncenter size-full wp-image-203521\" src=\"https:\/\/www.buroperiodistico.com.mx\/wp-content\/uploads\/2026\/03\/Pcx-II.jpeg\" alt=\"\" width=\"640\" height=\"427\" srcset=\"https:\/\/www.buroperiodistico.com.mx\/wp-content\/uploads\/2026\/03\/Pcx-II.jpeg 640w, https:\/\/www.buroperiodistico.com.mx\/wp-content\/uploads\/2026\/03\/Pcx-II-300x200.jpeg 300w\" sizes=\"auto, (max-width: 640px) 100vw, 640px\" \/> <img loading=\"lazy\" decoding=\"async\" class=\"aligncenter size-full wp-image-203525\" src=\"https:\/\/www.buroperiodistico.com.mx\/wp-content\/uploads\/2026\/03\/Pcx-IIIIII.jpeg\" alt=\"\" width=\"640\" height=\"427\" srcset=\"https:\/\/www.buroperiodistico.com.mx\/wp-content\/uploads\/2026\/03\/Pcx-IIIIII.jpeg 640w, https:\/\/www.buroperiodistico.com.mx\/wp-content\/uploads\/2026\/03\/Pcx-IIIIII-300x200.jpeg 300w\" sizes=\"auto, (max-width: 640px) 100vw, 640px\" \/> <img loading=\"lazy\" decoding=\"async\" class=\"aligncenter size-full wp-image-203524\" src=\"https:\/\/www.buroperiodistico.com.mx\/wp-content\/uploads\/2026\/03\/Pcx-IIIII.jpeg\" alt=\"\" width=\"640\" height=\"427\" srcset=\"https:\/\/www.buroperiodistico.com.mx\/wp-content\/uploads\/2026\/03\/Pcx-IIIII.jpeg 640w, https:\/\/www.buroperiodistico.com.mx\/wp-content\/uploads\/2026\/03\/Pcx-IIIII-300x200.jpeg 300w\" sizes=\"auto, (max-width: 640px) 100vw, 640px\" \/> <img loading=\"lazy\" decoding=\"async\" class=\"aligncenter size-full wp-image-203523\" src=\"https:\/\/www.buroperiodistico.com.mx\/wp-content\/uploads\/2026\/03\/Pcx-IIII.jpeg\" alt=\"\" width=\"640\" height=\"427\" srcset=\"https:\/\/www.buroperiodistico.com.mx\/wp-content\/uploads\/2026\/03\/Pcx-IIII.jpeg 640w, https:\/\/www.buroperiodistico.com.mx\/wp-content\/uploads\/2026\/03\/Pcx-IIII-300x200.jpeg 300w\" sizes=\"auto, (max-width: 640px) 100vw, 640px\" \/> <img loading=\"lazy\" decoding=\"async\" class=\"aligncenter size-full wp-image-203522\" src=\"https:\/\/www.buroperiodistico.com.mx\/wp-content\/uploads\/2026\/03\/Pcx-III.jpeg\" alt=\"\" width=\"640\" height=\"427\" srcset=\"https:\/\/www.buroperiodistico.com.mx\/wp-content\/uploads\/2026\/03\/Pcx-III.jpeg 640w, https:\/\/www.buroperiodistico.com.mx\/wp-content\/uploads\/2026\/03\/Pcx-III-300x200.jpeg 300w\" sizes=\"auto, (max-width: 640px) 100vw, 640px\" \/><\/p>\n","protected":false},"excerpt":{"rendered":"<p>Reynosa, Tam (11-Marzo-2026).- El Presidente Municipal Carlos Pe\u00f1a Ortiz entreg\u00f3 a la Coordinaci\u00f3n de Protecci\u00f3n&#8230;<\/p>\n","protected":false},"author":1,"featured_media":203526,"comment_status":"closed","ping_status":"closed","sticky":false,"template":"","format":"standard","meta":{"footnotes":"","jetpack_publicize_message":"","jetpack_publicize_feature_enabled":true,"jetpack_social_post_already_shared":true,"jetpack_social_options":{"image_generator_settings":{"template":"highway","default_image_id":0,"font":"","enabled":false},"version":2}},"categories":[25,9],"tags":[],"class_list":["post-203519","post","type-post","status-publish","format-standard","has-post-thumbnail","hentry","category-portada","category-reynosa"],"jetpack_publicize_connections":[],"_links":{"self":[{"href":"https:\/\/www.buroperiodistico.com.mx\/index.php?rest_route=\/wp\/v2\/posts\/203519","targetHints":{"allow":["GET"]}}],"collection":[{"href":"https:\/\/www.buroperiodistico.com.mx\/index.php?rest_route=\/wp\/v2\/posts"}],"about":[{"href":"https:\/\/www.buroperiodistico.com.mx\/index.php?rest_route=\/wp\/v2\/types\/post"}],"author":[{"embeddable":true,"href":"https:\/\/www.buroperiodistico.com.mx\/index.php?rest_route=\/wp\/v2\/users\/1"}],"replies":[{"embeddable":true,"href":"https:\/\/www.buroperiodistico.com.mx\/index.php?rest_route=%2Fwp%2Fv2%2Fcomments&post=203519"}],"version-history":[{"count":1,"href":"https:\/\/www.buroperiodistico.com.mx\/index.php?rest_route=\/wp\/v2\/posts\/203519\/revisions"}],"predecessor-version":[{"id":203527,"href":"https:\/\/www.buroperiodistico.com.mx\/index.php?rest_route=\/wp\/v2\/posts\/203519\/revisions\/203527"}],"wp:featuredmedia":[{"embeddable":true,"href":"https:\/\/www.buroperiodistico.com.mx\/index.php?rest_route=\/wp\/v2\/media\/203526"}],"wp:attachment":[{"href":"https:\/\/www.buroperiodistico.com.mx\/index.php?rest_route=%2Fwp%2Fv2%2Fmedia&parent=203519"}],"wp:term":[{"taxonomy":"category","embeddable":true,"href":"https:\/\/www.buroperiodistico.com.mx\/index.php?rest_route=%2Fwp%2Fv2%2Fcategories&post=203519"},{"taxonomy":"post_tag","embeddable":true,"href":"https:\/\/www.buroperiodistico.com.mx\/index.php?rest_route=%2Fwp%2Fv2%2Ftags&post=203519"}],"curies":[{"name":"wp","href":"https:\/\/api.w.org\/{rel}","templated":true}]}}