{"id":203514,"date":"2026-03-11T14:10:18","date_gmt":"2026-03-11T19:10:18","guid":{"rendered":"https:\/\/www.buroperiodistico.com.mx\/?p=203514"},"modified":"2026-03-11T14:10:18","modified_gmt":"2026-03-11T19:10:18","slug":"abre-gobierno-de-nuevo-laredo-convocatoria-para-segunda-generacion-del-programa-hecho-en-nuevo-laredo","status":"publish","type":"post","link":"https:\/\/www.buroperiodistico.com.mx\/?p=203514","title":{"rendered":"ABRE GOBIERNO DE NUEVO LAREDO CONVOCATORIA PARA SEGUNDA GENERACI\u00d3N DEL PROGRAMA \u201cHECHO EN NUEVO LAREDO\u201d"},"content":{"rendered":"<p dir=\"ltr\"><em><strong><img loading=\"lazy\" decoding=\"async\" class=\" wp-image-203517 alignright\" src=\"https:\/\/www.buroperiodistico.com.mx\/wp-content\/uploads\/2026\/03\/HECHO-EN-NLD.jpeg\" alt=\"\" width=\"514\" height=\"316\" srcset=\"https:\/\/www.buroperiodistico.com.mx\/wp-content\/uploads\/2026\/03\/HECHO-EN-NLD.jpeg 1024w, https:\/\/www.buroperiodistico.com.mx\/wp-content\/uploads\/2026\/03\/HECHO-EN-NLD-300x185.jpeg 300w, https:\/\/www.buroperiodistico.com.mx\/wp-content\/uploads\/2026\/03\/HECHO-EN-NLD-768x473.jpeg 768w\" sizes=\"auto, (max-width: 514px) 100vw, 514px\" \/>Nuevo Laredo (11-Marzo-2026).-<\/strong><\/em>\u00a0El Gobierno de Nuevo Laredo, a trav\u00e9s de la Secretar\u00eda de Desarrollo Econ\u00f3mico, emiti\u00f3 la convocatoria para integrar la segunda generaci\u00f3n del Plan de Acompa\u00f1amiento \u201cHecho en Nuevo Laredo\u201d, programa dirigido a emprendedores y micro, peque\u00f1as y medianas empresas locales.<\/p>\n<p dir=\"ltr\">La iniciativa est\u00e1 enfocada a negocios que ofrecen servicios, artesan\u00edas o productos elaborados en la ciudad y tiene como prop\u00f3sito fortalecer su crecimiento y posicionamiento mediante procesos de acompa\u00f1amiento y formaci\u00f3n empresarial.<\/p>\n<p dir=\"ltr\">Las y los participantes seleccionados recibir\u00e1n capacitaci\u00f3n, asesor\u00eda, promoci\u00f3n y vinculaci\u00f3n comercial, con el objetivo de fortalecer sus capacidades y ampliar sus oportunidades de desarrollo en el mercado local.<\/p>\n<p dir=\"ltr\">El registro para participar en esta segunda generaci\u00f3n permanecer\u00e1 abierto del 11 al 20 de marzo a trav\u00e9s del portal digital habilitado por la Secretar\u00eda de Desarrollo Econ\u00f3mico. Las personas interesadas pueden realizar su inscripci\u00f3n en el sitio h<a title=\"http:\/\/www.investnld.com.mx\/REGISTRODIGITAL_WEB\/ES\/\" href=\"http:\/\/www.investnld.com.mx\/REGISTRODIGITAL_WEB\/ES\/\" data-auth=\"NotApplicable\" data-linkindex=\"0\">ttps:\/\/www.investnld.com.mx\/REGISTRODIGITAL_WEB\/ES\/<\/a>.<\/p>\n<p dir=\"ltr\">De acuerdo con la convocatoria, la primera sesi\u00f3n del programa se llevar\u00e1 a cabo el pr\u00f3ximo 25 de marzo, fecha en la que iniciar\u00e1n las actividades de acompa\u00f1amiento dirigidas a los proyectos seleccionados.<\/p>\n<p>Este plan forma parte de las acciones impulsadas por la administraci\u00f3n municipal que encabeza la presidenta municipal Carmen Lilia Canturosas Villarreal, orientadas a fortalecer el ecosistema emprendedor y el desarrollo econ\u00f3mico local mediante el respaldo a proyectos productivos generados en la ciudad.<\/p>\n<p><img loading=\"lazy\" decoding=\"async\" class=\"aligncenter size-full wp-image-203515\" src=\"https:\/\/www.buroperiodistico.com.mx\/wp-content\/uploads\/2026\/03\/HECHO-EN-NLD-I.jpeg\" alt=\"\" width=\"640\" height=\"480\" srcset=\"https:\/\/www.buroperiodistico.com.mx\/wp-content\/uploads\/2026\/03\/HECHO-EN-NLD-I.jpeg 640w, https:\/\/www.buroperiodistico.com.mx\/wp-content\/uploads\/2026\/03\/HECHO-EN-NLD-I-300x225.jpeg 300w\" sizes=\"auto, (max-width: 640px) 100vw, 640px\" \/> <img loading=\"lazy\" decoding=\"async\" class=\"aligncenter size-full wp-image-203516\" src=\"https:\/\/www.buroperiodistico.com.mx\/wp-content\/uploads\/2026\/03\/HECHO-EN-NLD-II.jpeg\" alt=\"\" width=\"640\" height=\"426\" srcset=\"https:\/\/www.buroperiodistico.com.mx\/wp-content\/uploads\/2026\/03\/HECHO-EN-NLD-II.jpeg 640w, https:\/\/www.buroperiodistico.com.mx\/wp-content\/uploads\/2026\/03\/HECHO-EN-NLD-II-300x200.jpeg 300w\" sizes=\"auto, (max-width: 640px) 100vw, 640px\" \/><\/p>\n","protected":false},"excerpt":{"rendered":"<p>Nuevo Laredo (11-Marzo-2026).-\u00a0El Gobierno de Nuevo Laredo, a trav\u00e9s de la Secretar\u00eda de Desarrollo Econ\u00f3mico,&#8230;<\/p>\n","protected":false},"author":1,"featured_media":203517,"comment_status":"closed","ping_status":"closed","sticky":false,"template":"","format":"standard","meta":{"footnotes":"","jetpack_publicize_message":"","jetpack_publicize_feature_enabled":true,"jetpack_social_post_already_shared":true,"jetpack_social_options":{"image_generator_settings":{"template":"highway","default_image_id":0,"font":"","enabled":false},"version":2}},"categories":[16],"tags":[],"class_list":["post-203514","post","type-post","status-publish","format-standard","has-post-thumbnail","hentry","category-nuevolaredo"],"jetpack_publicize_connections":[],"_links":{"self":[{"href":"https:\/\/www.buroperiodistico.com.mx\/index.php?rest_route=\/wp\/v2\/posts\/203514","targetHints":{"allow":["GET"]}}],"collection":[{"href":"https:\/\/www.buroperiodistico.com.mx\/index.php?rest_route=\/wp\/v2\/posts"}],"about":[{"href":"https:\/\/www.buroperiodistico.com.mx\/index.php?rest_route=\/wp\/v2\/types\/post"}],"author":[{"embeddable":true,"href":"https:\/\/www.buroperiodistico.com.mx\/index.php?rest_route=\/wp\/v2\/users\/1"}],"replies":[{"embeddable":true,"href":"https:\/\/www.buroperiodistico.com.mx\/index.php?rest_route=%2Fwp%2Fv2%2Fcomments&post=203514"}],"version-history":[{"count":1,"href":"https:\/\/www.buroperiodistico.com.mx\/index.php?rest_route=\/wp\/v2\/posts\/203514\/revisions"}],"predecessor-version":[{"id":203518,"href":"https:\/\/www.buroperiodistico.com.mx\/index.php?rest_route=\/wp\/v2\/posts\/203514\/revisions\/203518"}],"wp:featuredmedia":[{"embeddable":true,"href":"https:\/\/www.buroperiodistico.com.mx\/index.php?rest_route=\/wp\/v2\/media\/203517"}],"wp:attachment":[{"href":"https:\/\/www.buroperiodistico.com.mx\/index.php?rest_route=%2Fwp%2Fv2%2Fmedia&parent=203514"}],"wp:term":[{"taxonomy":"category","embeddable":true,"href":"https:\/\/www.buroperiodistico.com.mx\/index.php?rest_route=%2Fwp%2Fv2%2Fcategories&post=203514"},{"taxonomy":"post_tag","embeddable":true,"href":"https:\/\/www.buroperiodistico.com.mx\/index.php?rest_route=%2Fwp%2Fv2%2Ftags&post=203514"}],"curies":[{"name":"wp","href":"https:\/\/api.w.org\/{rel}","templated":true}]}}