{"id":203509,"date":"2026-03-11T14:07:28","date_gmt":"2026-03-11T19:07:28","guid":{"rendered":"https:\/\/www.buroperiodistico.com.mx\/?p=203509"},"modified":"2026-03-11T14:07:28","modified_gmt":"2026-03-11T19:07:28","slug":"nuevo-laredo-sera-sede-de-la-eliminatoria-estatal-de-futbol-categoria-2010-y-menores","status":"publish","type":"post","link":"https:\/\/www.buroperiodistico.com.mx\/?p=203509","title":{"rendered":"NUEVO LAREDO SER\u00c1 SEDE DE LA ELIMINATORIA ESTATAL DE FUTBOL CATEGOR\u00cdA 2010 Y MENORES"},"content":{"rendered":"<p dir=\"ltr\"><em><strong><img loading=\"lazy\" decoding=\"async\" class=\" wp-image-203512 alignright\" src=\"https:\/\/www.buroperiodistico.com.mx\/wp-content\/uploads\/2026\/03\/TORNEO-FUT.jpg\" alt=\"\" width=\"515\" height=\"326\" srcset=\"https:\/\/www.buroperiodistico.com.mx\/wp-content\/uploads\/2026\/03\/TORNEO-FUT.jpg 1024w, https:\/\/www.buroperiodistico.com.mx\/wp-content\/uploads\/2026\/03\/TORNEO-FUT-300x190.jpg 300w, https:\/\/www.buroperiodistico.com.mx\/wp-content\/uploads\/2026\/03\/TORNEO-FUT-768x486.jpg 768w\" sizes=\"auto, (max-width: 515px) 100vw, 515px\" \/>Nuevo Laredo, Tam (11-Marzo-2026).-<\/strong><\/em>\u00a0Del 13 al 15 de marzo de 2026, la ciudad de Nuevo Laredo ser\u00e1 sede de la Eliminatoria Estatal de Futbol en la categor\u00eda 2010 y menores, torneo organizado por la Asociaci\u00f3n de Futbol Federado del Estado de Tamaulipas en coordinaci\u00f3n con la Direcci\u00f3n de Deportes del Gobierno Municipal.<\/p>\n<p dir=\"ltr\">La competencia se desarrollar\u00e1 en el estadio de f\u00fatbol de la Ciudad Deportiva, donde equipos provenientes de distintas regiones del estado disputar\u00e1n su clasificaci\u00f3n a la etapa nacional, en un encuentro que reunir\u00e1 a j\u00f3venes futbolistas y cuerpos t\u00e9cnicos en uno de los espacios deportivos m\u00e1s importantes de la ciudad.<\/p>\n<p dir=\"ltr\">El equipo campe\u00f3n y el subcampe\u00f3n de esta eliminatoria obtendr\u00e1n el derecho de representar a Tamaulipas en el torneo nacional que se celebrar\u00e1 en Monclova, Coahuila.<\/p>\n<p dir=\"ltr\">La designaci\u00f3n de Nuevo Laredo como sede de esta eliminatoria estatal responde a la infraestructura deportiva con la que cuenta la ciudad, as\u00ed como a su capacidad organizativa para albergar competencias de car\u00e1cter estatal y regional.<\/p>\n<p dir=\"ltr\">En fechas recientes, la ciudad tambi\u00e9n ha sido sede de otras competencias estatales en disciplinas como rodeo y ajedrez, lo que consolida a Nuevo Laredo como un punto de encuentro para eventos deportivos y actividades que promueven la participaci\u00f3n de j\u00f3venes atletas de todo Tamaulipas.<\/p>\n<p dir=\"ltr\">La realizaci\u00f3n de este tipo de torneos contribuye adem\u00e1s a fortalecer la actividad deportiva en la regi\u00f3n y a posicionar a la ciudad como un espacio adecuado para la organizaci\u00f3n de eventos que convocan a participantes de distintos municipios del estado.<\/p>\n<p dir=\"ltr\"><img loading=\"lazy\" decoding=\"async\" class=\"aligncenter size-full wp-image-203510\" src=\"https:\/\/www.buroperiodistico.com.mx\/wp-content\/uploads\/2026\/03\/TORNEO-FUT-I.jpg\" alt=\"\" width=\"640\" height=\"427\" srcset=\"https:\/\/www.buroperiodistico.com.mx\/wp-content\/uploads\/2026\/03\/TORNEO-FUT-I.jpg 640w, https:\/\/www.buroperiodistico.com.mx\/wp-content\/uploads\/2026\/03\/TORNEO-FUT-I-300x200.jpg 300w\" sizes=\"auto, (max-width: 640px) 100vw, 640px\" \/> <img loading=\"lazy\" decoding=\"async\" class=\"aligncenter size-full wp-image-203511\" src=\"https:\/\/www.buroperiodistico.com.mx\/wp-content\/uploads\/2026\/03\/TORNEO-FUT-II.jpg\" alt=\"\" width=\"640\" height=\"369\" srcset=\"https:\/\/www.buroperiodistico.com.mx\/wp-content\/uploads\/2026\/03\/TORNEO-FUT-II.jpg 640w, https:\/\/www.buroperiodistico.com.mx\/wp-content\/uploads\/2026\/03\/TORNEO-FUT-II-300x173.jpg 300w\" sizes=\"auto, (max-width: 640px) 100vw, 640px\" \/><\/p>\n","protected":false},"excerpt":{"rendered":"<p>Nuevo Laredo, Tam (11-Marzo-2026).-\u00a0Del 13 al 15 de marzo de 2026, la ciudad de Nuevo&#8230;<\/p>\n","protected":false},"author":1,"featured_media":203512,"comment_status":"closed","ping_status":"closed","sticky":false,"template":"","format":"standard","meta":{"footnotes":"","jetpack_publicize_message":"","jetpack_publicize_feature_enabled":true,"jetpack_social_post_already_shared":true,"jetpack_social_options":{"image_generator_settings":{"template":"highway","default_image_id":0,"font":"","enabled":false},"version":2}},"categories":[16],"tags":[],"class_list":["post-203509","post","type-post","status-publish","format-standard","has-post-thumbnail","hentry","category-nuevolaredo"],"jetpack_publicize_connections":[],"_links":{"self":[{"href":"https:\/\/www.buroperiodistico.com.mx\/index.php?rest_route=\/wp\/v2\/posts\/203509","targetHints":{"allow":["GET"]}}],"collection":[{"href":"https:\/\/www.buroperiodistico.com.mx\/index.php?rest_route=\/wp\/v2\/posts"}],"about":[{"href":"https:\/\/www.buroperiodistico.com.mx\/index.php?rest_route=\/wp\/v2\/types\/post"}],"author":[{"embeddable":true,"href":"https:\/\/www.buroperiodistico.com.mx\/index.php?rest_route=\/wp\/v2\/users\/1"}],"replies":[{"embeddable":true,"href":"https:\/\/www.buroperiodistico.com.mx\/index.php?rest_route=%2Fwp%2Fv2%2Fcomments&post=203509"}],"version-history":[{"count":1,"href":"https:\/\/www.buroperiodistico.com.mx\/index.php?rest_route=\/wp\/v2\/posts\/203509\/revisions"}],"predecessor-version":[{"id":203513,"href":"https:\/\/www.buroperiodistico.com.mx\/index.php?rest_route=\/wp\/v2\/posts\/203509\/revisions\/203513"}],"wp:featuredmedia":[{"embeddable":true,"href":"https:\/\/www.buroperiodistico.com.mx\/index.php?rest_route=\/wp\/v2\/media\/203512"}],"wp:attachment":[{"href":"https:\/\/www.buroperiodistico.com.mx\/index.php?rest_route=%2Fwp%2Fv2%2Fmedia&parent=203509"}],"wp:term":[{"taxonomy":"category","embeddable":true,"href":"https:\/\/www.buroperiodistico.com.mx\/index.php?rest_route=%2Fwp%2Fv2%2Fcategories&post=203509"},{"taxonomy":"post_tag","embeddable":true,"href":"https:\/\/www.buroperiodistico.com.mx\/index.php?rest_route=%2Fwp%2Fv2%2Ftags&post=203509"}],"curies":[{"name":"wp","href":"https:\/\/api.w.org\/{rel}","templated":true}]}}