{"id":203504,"date":"2026-03-11T14:04:48","date_gmt":"2026-03-11T19:04:48","guid":{"rendered":"https:\/\/www.buroperiodistico.com.mx\/?p=203504"},"modified":"2026-03-11T14:04:48","modified_gmt":"2026-03-11T19:04:48","slug":"comapa-nuevo-laredo-realizara-actividades-en-el-marco-del-dia-mundial-del-agua","status":"publish","type":"post","link":"https:\/\/www.buroperiodistico.com.mx\/?p=203504","title":{"rendered":"COMAPA NUEVO LAREDO REALIZAR\u00c1 ACTIVIDADES EN EL MARCO DEL D\u00cdA MUNDIAL DEL AGUA"},"content":{"rendered":"<p dir=\"ltr\"><em><strong><img loading=\"lazy\" decoding=\"async\" class=\" wp-image-203507 alignright\" src=\"https:\/\/www.buroperiodistico.com.mx\/wp-content\/uploads\/2026\/03\/ACTIVIDADES-COMAPA.jpeg\" alt=\"\" width=\"454\" height=\"290\" srcset=\"https:\/\/www.buroperiodistico.com.mx\/wp-content\/uploads\/2026\/03\/ACTIVIDADES-COMAPA.jpeg 1024w, https:\/\/www.buroperiodistico.com.mx\/wp-content\/uploads\/2026\/03\/ACTIVIDADES-COMAPA-300x192.jpeg 300w, https:\/\/www.buroperiodistico.com.mx\/wp-content\/uploads\/2026\/03\/ACTIVIDADES-COMAPA-768x491.jpeg 768w\" sizes=\"auto, (max-width: 454px) 100vw, 454px\" \/>Nuevo Laredo, Tam (11-Marzo-2026).-<\/strong><\/em>\u00a0En el marco de la conmemoraci\u00f3n del D\u00eda Mundial del Agua, que se celebra cada 22 de marzo, la Comisi\u00f3n Municipal de Agua Potable y Alcantarillado (COMAPA) de Nuevo Laredo llevar\u00e1 a cabo una serie de actividades de concientizaci\u00f3n dirigidas a estudiantes y empresas de la ciudad.<\/p>\n<p dir=\"ltr\">Estas acciones se realizan alineadas al lema de este a\u00f1o promovido por la Organizaci\u00f3n de las Naciones Unidas (ONU): \u201cDonde fluye el agua, crece la igualdad\u201d, el cual resalta la importancia de garantizar el acceso al agua como un factor clave para el desarrollo, la salud y el bienestar de las comunidades.<\/p>\n<p dir=\"ltr\">Como parte de estas actividades, el organismo realizar\u00e1 recorridos guiados en la Planta Internacional de Tratamiento de Aguas Residuales (PITAR) y en la Planta Suroriente, donde alumnos y representantes de empresas podr\u00e1n conocer de cerca los procesos de tratamiento del agua, as\u00ed como la importancia de la infraestructura hidr\u00e1ulica y sanitaria que permite brindar este servicio esencial a la poblaci\u00f3n.<\/p>\n<p dir=\"ltr\">Durante estas visitas, personal de COMAPA compartir\u00e1 informaci\u00f3n sobre el funcionamiento del sistema de saneamiento, adem\u00e1s de fomentar entre los participantes la importancia del uso responsable del agua y la participaci\u00f3n ciudadana en su cuidado.<\/p>\n<p dir=\"ltr\">COMAPA Nuevo Laredo destac\u00f3 que generar conciencia en las nuevas generaciones y en los distintos sectores de la sociedad es fundamental para garantizar la disponibilidad del agua hoy y en el futuro, por lo que estas actividades forman parte de los esfuerzos permanentes del organismo para promover la educaci\u00f3n y la cultura del agua.<\/p>\n<p dir=\"ltr\">Finalmente, el organismo reiter\u00f3 el llamado a la ciudadan\u00eda a valorar y cuidar este recurso vital, recordando que el acceso al agua y su preservaci\u00f3n son responsabilidades compartidas que impactan directamente en la calidad de vida y en la igualdad de oportunidades para todos.<\/p>\n<p dir=\"ltr\">A trav\u00e9s de sus redes sociales se estar\u00e1n compartiendo y dando a conocer estas y m\u00e1s actividades realizadas por el organismo.<\/p>\n<p dir=\"ltr\"><img loading=\"lazy\" decoding=\"async\" class=\"aligncenter size-full wp-image-203506\" src=\"https:\/\/www.buroperiodistico.com.mx\/wp-content\/uploads\/2026\/03\/ACTIVIDADES-COMAPA-II.jpeg\" alt=\"\" width=\"640\" height=\"480\" srcset=\"https:\/\/www.buroperiodistico.com.mx\/wp-content\/uploads\/2026\/03\/ACTIVIDADES-COMAPA-II.jpeg 640w, https:\/\/www.buroperiodistico.com.mx\/wp-content\/uploads\/2026\/03\/ACTIVIDADES-COMAPA-II-300x225.jpeg 300w\" sizes=\"auto, (max-width: 640px) 100vw, 640px\" \/> <img loading=\"lazy\" decoding=\"async\" class=\"aligncenter size-full wp-image-203505\" src=\"https:\/\/www.buroperiodistico.com.mx\/wp-content\/uploads\/2026\/03\/ACTIVIDADES-COMAPA-I.jpeg\" alt=\"\" width=\"640\" height=\"480\" srcset=\"https:\/\/www.buroperiodistico.com.mx\/wp-content\/uploads\/2026\/03\/ACTIVIDADES-COMAPA-I.jpeg 640w, https:\/\/www.buroperiodistico.com.mx\/wp-content\/uploads\/2026\/03\/ACTIVIDADES-COMAPA-I-300x225.jpeg 300w\" sizes=\"auto, (max-width: 640px) 100vw, 640px\" \/><\/p>\n","protected":false},"excerpt":{"rendered":"<p>Nuevo Laredo, Tam (11-Marzo-2026).-\u00a0En el marco de la conmemoraci\u00f3n del D\u00eda Mundial del Agua, que&#8230;<\/p>\n","protected":false},"author":1,"featured_media":203507,"comment_status":"closed","ping_status":"closed","sticky":false,"template":"","format":"standard","meta":{"footnotes":"","jetpack_publicize_message":"","jetpack_publicize_feature_enabled":true,"jetpack_social_post_already_shared":true,"jetpack_social_options":{"image_generator_settings":{"template":"highway","default_image_id":0,"font":"","enabled":false},"version":2}},"categories":[16],"tags":[],"class_list":["post-203504","post","type-post","status-publish","format-standard","has-post-thumbnail","hentry","category-nuevolaredo"],"jetpack_publicize_connections":[],"_links":{"self":[{"href":"https:\/\/www.buroperiodistico.com.mx\/index.php?rest_route=\/wp\/v2\/posts\/203504","targetHints":{"allow":["GET"]}}],"collection":[{"href":"https:\/\/www.buroperiodistico.com.mx\/index.php?rest_route=\/wp\/v2\/posts"}],"about":[{"href":"https:\/\/www.buroperiodistico.com.mx\/index.php?rest_route=\/wp\/v2\/types\/post"}],"author":[{"embeddable":true,"href":"https:\/\/www.buroperiodistico.com.mx\/index.php?rest_route=\/wp\/v2\/users\/1"}],"replies":[{"embeddable":true,"href":"https:\/\/www.buroperiodistico.com.mx\/index.php?rest_route=%2Fwp%2Fv2%2Fcomments&post=203504"}],"version-history":[{"count":1,"href":"https:\/\/www.buroperiodistico.com.mx\/index.php?rest_route=\/wp\/v2\/posts\/203504\/revisions"}],"predecessor-version":[{"id":203508,"href":"https:\/\/www.buroperiodistico.com.mx\/index.php?rest_route=\/wp\/v2\/posts\/203504\/revisions\/203508"}],"wp:featuredmedia":[{"embeddable":true,"href":"https:\/\/www.buroperiodistico.com.mx\/index.php?rest_route=\/wp\/v2\/media\/203507"}],"wp:attachment":[{"href":"https:\/\/www.buroperiodistico.com.mx\/index.php?rest_route=%2Fwp%2Fv2%2Fmedia&parent=203504"}],"wp:term":[{"taxonomy":"category","embeddable":true,"href":"https:\/\/www.buroperiodistico.com.mx\/index.php?rest_route=%2Fwp%2Fv2%2Fcategories&post=203504"},{"taxonomy":"post_tag","embeddable":true,"href":"https:\/\/www.buroperiodistico.com.mx\/index.php?rest_route=%2Fwp%2Fv2%2Ftags&post=203504"}],"curies":[{"name":"wp","href":"https:\/\/api.w.org\/{rel}","templated":true}]}}