{"id":203497,"date":"2026-03-11T14:00:36","date_gmt":"2026-03-11T19:00:36","guid":{"rendered":"https:\/\/www.buroperiodistico.com.mx\/?p=203497"},"modified":"2026-03-11T14:00:36","modified_gmt":"2026-03-11T19:00:36","slug":"conversatorio-destaca-liderazgo-femenino-y-promueve-igualdad-de-oportunidades-en-tamaulipas","status":"publish","type":"post","link":"https:\/\/www.buroperiodistico.com.mx\/?p=203497","title":{"rendered":"Conversatorio destaca liderazgo femenino y promueve igualdad de oportunidades en Tamaulipas"},"content":{"rendered":"<p><em><strong><img loading=\"lazy\" decoding=\"async\" class=\" wp-image-203502 alignright\" src=\"https:\/\/www.buroperiodistico.com.mx\/wp-content\/uploads\/2026\/03\/STRTamaulipas-1.jpeg\" alt=\"\" width=\"571\" height=\"341\" srcset=\"https:\/\/www.buroperiodistico.com.mx\/wp-content\/uploads\/2026\/03\/STRTamaulipas-1.jpeg 1024w, https:\/\/www.buroperiodistico.com.mx\/wp-content\/uploads\/2026\/03\/STRTamaulipas-1-300x179.jpeg 300w, https:\/\/www.buroperiodistico.com.mx\/wp-content\/uploads\/2026\/03\/STRTamaulipas-1-768x458.jpeg 768w\" sizes=\"auto, (max-width: 571px) 100vw, 571px\" \/>Ciudad Victoria, Tamaulipas (11-Marzo-2026).-<\/strong><\/em> El liderazgo femenino y su impacto en el desarrollo social y econ\u00f3mico fueron el eje central del Conversatorio de Mujeres L\u00edderes \u201cMujeres que inspiran, Mujeres que transforman\u201d, un espacio de reflexi\u00f3n y di\u00e1logo que reuni\u00f3 a representantes de distintos sectores para compartir experiencias, visibilizar trayectorias de \u00e9xito y analizar los retos que a\u00fan enfrentan las mujeres en su desarrollo profesional.<\/p>\n<p>El encuentro permiti\u00f3 el intercambio de ideas entre mujeres l\u00edderes de \u00e1mbitos acad\u00e9micos, empresariales, sociales y del servicio p\u00fablico, quienes compartieron testimonios y perspectivas sobre la importancia de impulsar entornos m\u00e1s equitativos y con mayores oportunidades para las nuevas generaciones.<\/p>\n<p>Durante el evento, el secretario del Trabajo y Previsi\u00f3n Social, Luis Gerardo Illoldi Reyes, destac\u00f3 la relevancia de generar espacios de di\u00e1logo que fortalezcan el liderazgo de las mujeres y contribuyan a la construcci\u00f3n de una sociedad m\u00e1s justa, donde la igualdad de oportunidades sea un eje fundamental del desarrollo.<\/p>\n<p>El conversatorio cont\u00f3 con la participaci\u00f3n como panelistas de Mar\u00eda Fernanda Coronado Nore\u00f1a, Marcia Benavides Villafranca, Nayma Karina Balquiarena P\u00e9rez, Alicia Gonz\u00e1lez Mu\u00f1oz y Alicia Yvone G\u00f3mez Terrazas, quienes compartieron experiencias sobre su trayectoria profesional, los desaf\u00edos que han enfrentado y las acciones necesarias para seguir avanzando en la igualdad sustantiva.<\/p>\n<p>Al encuentro asistieron representantes de los poderes p\u00fablicos, instituciones educativas, organizaciones civiles y organismos empresariales, as\u00ed como legisladores, titulares de dependencias estatales, representantes de universidades, c\u00e1maras empresariales, organizaciones de mujeres y estudiantes universitarias.<\/p>\n<p>La actividad tambi\u00e9n reuni\u00f3 a integrantes del Instituto de las Mujeres en Tamaulipas, organismos defensores de derechos humanos, asociaciones civiles, universidades y dependencias estatales, consolidando un espacio plural de di\u00e1logo e intercambio de ideas en favor de la participaci\u00f3n y el empoderamiento femenino.<\/p>\n<p>Illodi Reyes dijo que estas acciones se enmarcan en la visi\u00f3n de impulsar una sociedad m\u00e1s igualitaria y con mayores oportunidades para todas, acorde con los principios del gobierno humanista y de la transformaci\u00f3n que encabeza el gobernador Am\u00e9rico Villarreal Anaya.<\/p>\n<p><img loading=\"lazy\" decoding=\"async\" class=\"aligncenter size-full wp-image-203499\" src=\"https:\/\/www.buroperiodistico.com.mx\/wp-content\/uploads\/2026\/03\/STRTamaulipas-II-1.jpeg\" alt=\"\" width=\"640\" height=\"426\" srcset=\"https:\/\/www.buroperiodistico.com.mx\/wp-content\/uploads\/2026\/03\/STRTamaulipas-II-1.jpeg 640w, https:\/\/www.buroperiodistico.com.mx\/wp-content\/uploads\/2026\/03\/STRTamaulipas-II-1-300x200.jpeg 300w\" sizes=\"auto, (max-width: 640px) 100vw, 640px\" \/> <img loading=\"lazy\" decoding=\"async\" class=\"aligncenter size-full wp-image-203501\" src=\"https:\/\/www.buroperiodistico.com.mx\/wp-content\/uploads\/2026\/03\/STRTamaulipas-IIII.jpeg\" alt=\"\" width=\"640\" height=\"426\" srcset=\"https:\/\/www.buroperiodistico.com.mx\/wp-content\/uploads\/2026\/03\/STRTamaulipas-IIII.jpeg 640w, https:\/\/www.buroperiodistico.com.mx\/wp-content\/uploads\/2026\/03\/STRTamaulipas-IIII-300x200.jpeg 300w\" sizes=\"auto, (max-width: 640px) 100vw, 640px\" \/> <img loading=\"lazy\" decoding=\"async\" class=\"aligncenter size-full wp-image-203500\" src=\"https:\/\/www.buroperiodistico.com.mx\/wp-content\/uploads\/2026\/03\/STRTamaulipas-III.jpeg\" alt=\"\" width=\"640\" height=\"426\" srcset=\"https:\/\/www.buroperiodistico.com.mx\/wp-content\/uploads\/2026\/03\/STRTamaulipas-III.jpeg 640w, https:\/\/www.buroperiodistico.com.mx\/wp-content\/uploads\/2026\/03\/STRTamaulipas-III-300x200.jpeg 300w\" sizes=\"auto, (max-width: 640px) 100vw, 640px\" \/><\/p>\n","protected":false},"excerpt":{"rendered":"<p>Ciudad Victoria, Tamaulipas (11-Marzo-2026).- El liderazgo femenino y su impacto en el desarrollo social y&#8230;<\/p>\n","protected":false},"author":1,"featured_media":203502,"comment_status":"closed","ping_status":"closed","sticky":false,"template":"","format":"standard","meta":{"footnotes":"","jetpack_publicize_message":"","jetpack_publicize_feature_enabled":true,"jetpack_social_post_already_shared":true,"jetpack_social_options":{"image_generator_settings":{"template":"highway","default_image_id":0,"font":"","enabled":false},"version":2}},"categories":[10],"tags":[],"class_list":["post-203497","post","type-post","status-publish","format-standard","has-post-thumbnail","hentry","category-tamaulipas"],"jetpack_publicize_connections":[],"_links":{"self":[{"href":"https:\/\/www.buroperiodistico.com.mx\/index.php?rest_route=\/wp\/v2\/posts\/203497","targetHints":{"allow":["GET"]}}],"collection":[{"href":"https:\/\/www.buroperiodistico.com.mx\/index.php?rest_route=\/wp\/v2\/posts"}],"about":[{"href":"https:\/\/www.buroperiodistico.com.mx\/index.php?rest_route=\/wp\/v2\/types\/post"}],"author":[{"embeddable":true,"href":"https:\/\/www.buroperiodistico.com.mx\/index.php?rest_route=\/wp\/v2\/users\/1"}],"replies":[{"embeddable":true,"href":"https:\/\/www.buroperiodistico.com.mx\/index.php?rest_route=%2Fwp%2Fv2%2Fcomments&post=203497"}],"version-history":[{"count":1,"href":"https:\/\/www.buroperiodistico.com.mx\/index.php?rest_route=\/wp\/v2\/posts\/203497\/revisions"}],"predecessor-version":[{"id":203503,"href":"https:\/\/www.buroperiodistico.com.mx\/index.php?rest_route=\/wp\/v2\/posts\/203497\/revisions\/203503"}],"wp:featuredmedia":[{"embeddable":true,"href":"https:\/\/www.buroperiodistico.com.mx\/index.php?rest_route=\/wp\/v2\/media\/203502"}],"wp:attachment":[{"href":"https:\/\/www.buroperiodistico.com.mx\/index.php?rest_route=%2Fwp%2Fv2%2Fmedia&parent=203497"}],"wp:term":[{"taxonomy":"category","embeddable":true,"href":"https:\/\/www.buroperiodistico.com.mx\/index.php?rest_route=%2Fwp%2Fv2%2Fcategories&post=203497"},{"taxonomy":"post_tag","embeddable":true,"href":"https:\/\/www.buroperiodistico.com.mx\/index.php?rest_route=%2Fwp%2Fv2%2Ftags&post=203497"}],"curies":[{"name":"wp","href":"https:\/\/api.w.org\/{rel}","templated":true}]}}