{"id":203481,"date":"2026-03-11T13:38:30","date_gmt":"2026-03-11T18:38:30","guid":{"rendered":"https:\/\/www.buroperiodistico.com.mx\/?p=203481"},"modified":"2026-03-11T13:38:30","modified_gmt":"2026-03-11T18:38:30","slug":"mc-impulsa-voto-obligatorio-y-participacion-electoral-desde-los-16-anos-juan-carlos-zertuche","status":"publish","type":"post","link":"https:\/\/www.buroperiodistico.com.mx\/?p=203481","title":{"rendered":"MC impulsa voto obligatorio y participaci\u00f3n electoral desde los 16 a\u00f1os: Juan Carlos Zertuche"},"content":{"rendered":"<p><em><strong><img loading=\"lazy\" decoding=\"async\" class=\" wp-image-203482 alignright\" src=\"https:\/\/www.buroperiodistico.com.mx\/wp-content\/uploads\/2026\/03\/Mcx.jpeg\" alt=\"\" width=\"486\" height=\"317\" srcset=\"https:\/\/www.buroperiodistico.com.mx\/wp-content\/uploads\/2026\/03\/Mcx.jpeg 1024w, https:\/\/www.buroperiodistico.com.mx\/wp-content\/uploads\/2026\/03\/Mcx-300x196.jpeg 300w, https:\/\/www.buroperiodistico.com.mx\/wp-content\/uploads\/2026\/03\/Mcx-768x501.jpeg 768w\" sizes=\"auto, (max-width: 486px) 100vw, 486px\" \/>Reynosa, Tamaulipas (11-Marzo-2026).-<\/strong><\/em> El coordinador de la bancada de Movimiento Ciudadano en el Congreso del Estado, Juan Carlos Zertuche, plante\u00f3 impulsar una reforma electoral enfocada en incrementar la participaci\u00f3n ciudadana en las elecciones, a trav\u00e9s de dos medidas centrales: el voto obligatorio y el voto desde los 16 a\u00f1os.<\/p>\n<p>Zertuche explic\u00f3 que el objetivo del voto obligatorio es fortalecer la democracia y garantizar que las decisiones p\u00fablicas reflejen verdaderamente la voluntad de la mayor\u00eda de los ciudadanos. La propuesta contempla excepciones por causas justificadas y, en caso de incumplimiento, sanciones orientadas principalmente a trabajo comunitario, buscando fomentar la participaci\u00f3n c\u00edvica.<\/p>\n<p>Asimismo, se propone reducir la edad para votar a los 16 a\u00f1os, con el prop\u00f3sito de involucrar a las nuevas generaciones en la vida democr\u00e1tica del pa\u00eds y fortalecer la cultura c\u00edvica desde edades tempranas. De acuerdo con la propuesta, esta medida permitir\u00eda incorporar m\u00e1s de 4.5 millones de nuevos votantes al padr\u00f3n electoral.<\/p>\n<p>El legislador se\u00f1al\u00f3 que estas medidas buscan fortalecer la participaci\u00f3n ciudadana, ampliar la representaci\u00f3n democr\u00e1tica y acercar a los j\u00f3venes a la toma de decisiones del pa\u00eds.<\/p>\n<div style=\"width: 480px;\" class=\"wp-video\"><video class=\"wp-video-shortcode\" id=\"video-203481-1\" width=\"480\" height=\"848\" preload=\"metadata\" controls=\"controls\"><source type=\"video\/mp4\" src=\"https:\/\/www.buroperiodistico.com.mx\/wp-content\/uploads\/2026\/03\/WhatsApp-Video-2026-03-11-at-1.18.44-PM.mp4?_=1\" \/><a href=\"https:\/\/www.buroperiodistico.com.mx\/wp-content\/uploads\/2026\/03\/WhatsApp-Video-2026-03-11-at-1.18.44-PM.mp4\">https:\/\/www.buroperiodistico.com.mx\/wp-content\/uploads\/2026\/03\/WhatsApp-Video-2026-03-11-at-1.18.44-PM.mp4<\/a><\/video><\/div>\n","protected":false},"excerpt":{"rendered":"<p>Reynosa, Tamaulipas (11-Marzo-2026).- El coordinador de la bancada de Movimiento Ciudadano en el Congreso del&#8230;<\/p>\n","protected":false},"author":1,"featured_media":203482,"comment_status":"closed","ping_status":"closed","sticky":false,"template":"","format":"standard","meta":{"footnotes":"","jetpack_publicize_message":"","jetpack_publicize_feature_enabled":true,"jetpack_social_post_already_shared":true,"jetpack_social_options":{"image_generator_settings":{"template":"highway","default_image_id":0,"font":"","enabled":false},"version":2}},"categories":[9],"tags":[],"class_list":["post-203481","post","type-post","status-publish","format-standard","has-post-thumbnail","hentry","category-reynosa"],"jetpack_publicize_connections":[],"_links":{"self":[{"href":"https:\/\/www.buroperiodistico.com.mx\/index.php?rest_route=\/wp\/v2\/posts\/203481","targetHints":{"allow":["GET"]}}],"collection":[{"href":"https:\/\/www.buroperiodistico.com.mx\/index.php?rest_route=\/wp\/v2\/posts"}],"about":[{"href":"https:\/\/www.buroperiodistico.com.mx\/index.php?rest_route=\/wp\/v2\/types\/post"}],"author":[{"embeddable":true,"href":"https:\/\/www.buroperiodistico.com.mx\/index.php?rest_route=\/wp\/v2\/users\/1"}],"replies":[{"embeddable":true,"href":"https:\/\/www.buroperiodistico.com.mx\/index.php?rest_route=%2Fwp%2Fv2%2Fcomments&post=203481"}],"version-history":[{"count":1,"href":"https:\/\/www.buroperiodistico.com.mx\/index.php?rest_route=\/wp\/v2\/posts\/203481\/revisions"}],"predecessor-version":[{"id":203484,"href":"https:\/\/www.buroperiodistico.com.mx\/index.php?rest_route=\/wp\/v2\/posts\/203481\/revisions\/203484"}],"wp:featuredmedia":[{"embeddable":true,"href":"https:\/\/www.buroperiodistico.com.mx\/index.php?rest_route=\/wp\/v2\/media\/203482"}],"wp:attachment":[{"href":"https:\/\/www.buroperiodistico.com.mx\/index.php?rest_route=%2Fwp%2Fv2%2Fmedia&parent=203481"}],"wp:term":[{"taxonomy":"category","embeddable":true,"href":"https:\/\/www.buroperiodistico.com.mx\/index.php?rest_route=%2Fwp%2Fv2%2Fcategories&post=203481"},{"taxonomy":"post_tag","embeddable":true,"href":"https:\/\/www.buroperiodistico.com.mx\/index.php?rest_route=%2Fwp%2Fv2%2Ftags&post=203481"}],"curies":[{"name":"wp","href":"https:\/\/api.w.org\/{rel}","templated":true}]}}