{"id":203454,"date":"2026-03-11T11:23:19","date_gmt":"2026-03-11T16:23:19","guid":{"rendered":"https:\/\/www.buroperiodistico.com.mx\/?p=203454"},"modified":"2026-03-11T11:23:19","modified_gmt":"2026-03-11T16:23:19","slug":"brinda-dif-reynosa-servicio-dental-gratuito-a-la-ciudadania","status":"publish","type":"post","link":"https:\/\/www.buroperiodistico.com.mx\/?p=203454","title":{"rendered":"Brinda DIF-Reynosa servicio dental gratuito a la ciudadan\u00eda"},"content":{"rendered":"<p><em><strong><img loading=\"lazy\" decoding=\"async\" class=\" wp-image-203455 alignright\" src=\"https:\/\/www.buroperiodistico.com.mx\/wp-content\/uploads\/2026\/03\/DIFxza.jpg\" alt=\"\" width=\"596\" height=\"322\" srcset=\"https:\/\/www.buroperiodistico.com.mx\/wp-content\/uploads\/2026\/03\/DIFxza.jpg 1110w, https:\/\/www.buroperiodistico.com.mx\/wp-content\/uploads\/2026\/03\/DIFxza-300x162.jpg 300w, https:\/\/www.buroperiodistico.com.mx\/wp-content\/uploads\/2026\/03\/DIFxza-1024x554.jpg 1024w, https:\/\/www.buroperiodistico.com.mx\/wp-content\/uploads\/2026\/03\/DIFxza-768x415.jpg 768w\" sizes=\"auto, (max-width: 596px) 100vw, 596px\" \/>Reynosa, Tam (11-Marzo-2026).-<\/strong><\/em> Con el objetivo de promover el cuidado de la salud bucal entre la poblaci\u00f3n, el Sistema DIF-Reynosa que preside Carlos Luis Pe\u00f1a Garza, ofrece atenci\u00f3n odontol\u00f3gica gratuita a trav\u00e9s del \u00c1rea de Servicios Dentales, contribuyendo a la prevenci\u00f3n y atenci\u00f3n de diversas afecciones.<\/p>\n<p>Entre los servicios que se proporcionan se encuentran extracciones, limpieza dental, obturaciones temporales o curaciones y obturaciones definitivas con amalgama: para mayor informaci\u00f3n, se encuentra disponible el tel\u00e9fono 899 923 0432.<\/p>\n<p>Con estas acciones, el DIF Municipal reafirma su compromiso de acercar servicios de salud que contribuyan al bienestar de las familias reynosenses, cuidando y atendiendo la salud bucal.<\/p>\n","protected":false},"excerpt":{"rendered":"<p>Reynosa, Tam (11-Marzo-2026).- Con el objetivo de promover el cuidado de la salud bucal entre&#8230;<\/p>\n","protected":false},"author":1,"featured_media":203455,"comment_status":"closed","ping_status":"closed","sticky":false,"template":"","format":"standard","meta":{"footnotes":"","jetpack_publicize_message":"","jetpack_publicize_feature_enabled":true,"jetpack_social_post_already_shared":true,"jetpack_social_options":{"image_generator_settings":{"template":"highway","default_image_id":0,"font":"","enabled":false},"version":2}},"categories":[9],"tags":[],"class_list":["post-203454","post","type-post","status-publish","format-standard","has-post-thumbnail","hentry","category-reynosa"],"jetpack_publicize_connections":[],"_links":{"self":[{"href":"https:\/\/www.buroperiodistico.com.mx\/index.php?rest_route=\/wp\/v2\/posts\/203454","targetHints":{"allow":["GET"]}}],"collection":[{"href":"https:\/\/www.buroperiodistico.com.mx\/index.php?rest_route=\/wp\/v2\/posts"}],"about":[{"href":"https:\/\/www.buroperiodistico.com.mx\/index.php?rest_route=\/wp\/v2\/types\/post"}],"author":[{"embeddable":true,"href":"https:\/\/www.buroperiodistico.com.mx\/index.php?rest_route=\/wp\/v2\/users\/1"}],"replies":[{"embeddable":true,"href":"https:\/\/www.buroperiodistico.com.mx\/index.php?rest_route=%2Fwp%2Fv2%2Fcomments&post=203454"}],"version-history":[{"count":2,"href":"https:\/\/www.buroperiodistico.com.mx\/index.php?rest_route=\/wp\/v2\/posts\/203454\/revisions"}],"predecessor-version":[{"id":203457,"href":"https:\/\/www.buroperiodistico.com.mx\/index.php?rest_route=\/wp\/v2\/posts\/203454\/revisions\/203457"}],"wp:featuredmedia":[{"embeddable":true,"href":"https:\/\/www.buroperiodistico.com.mx\/index.php?rest_route=\/wp\/v2\/media\/203455"}],"wp:attachment":[{"href":"https:\/\/www.buroperiodistico.com.mx\/index.php?rest_route=%2Fwp%2Fv2%2Fmedia&parent=203454"}],"wp:term":[{"taxonomy":"category","embeddable":true,"href":"https:\/\/www.buroperiodistico.com.mx\/index.php?rest_route=%2Fwp%2Fv2%2Fcategories&post=203454"},{"taxonomy":"post_tag","embeddable":true,"href":"https:\/\/www.buroperiodistico.com.mx\/index.php?rest_route=%2Fwp%2Fv2%2Ftags&post=203454"}],"curies":[{"name":"wp","href":"https:\/\/api.w.org\/{rel}","templated":true}]}}