{"id":203449,"date":"2026-03-11T11:16:28","date_gmt":"2026-03-11T16:16:28","guid":{"rendered":"https:\/\/www.buroperiodistico.com.mx\/?p=203449"},"modified":"2026-03-11T11:16:28","modified_gmt":"2026-03-11T16:16:28","slug":"presenta-uttn-su-modelo-de-inclusion-educativa-a-docentes-de-usaer-34","status":"publish","type":"post","link":"https:\/\/www.buroperiodistico.com.mx\/?p=203449","title":{"rendered":"Presenta UTTN su Modelo de Inclusi\u00f3n Educativa a docentes de USAER 34"},"content":{"rendered":"<p><em><strong><img loading=\"lazy\" decoding=\"async\" class=\" wp-image-203452 alignright\" src=\"https:\/\/www.buroperiodistico.com.mx\/wp-content\/uploads\/2026\/03\/UTTUSAER.jpeg\" alt=\"\" width=\"380\" height=\"222\" srcset=\"https:\/\/www.buroperiodistico.com.mx\/wp-content\/uploads\/2026\/03\/UTTUSAER.jpeg 1024w, https:\/\/www.buroperiodistico.com.mx\/wp-content\/uploads\/2026\/03\/UTTUSAER-300x175.jpeg 300w, https:\/\/www.buroperiodistico.com.mx\/wp-content\/uploads\/2026\/03\/UTTUSAER-768x449.jpeg 768w\" sizes=\"auto, (max-width: 380px) 100vw, 380px\" \/>Reynosa, Tamaulipas (11-Marzo-2026).-<\/strong><\/em> Con el prop\u00f3sito de fortalecer las pr\u00e1cticas de educaci\u00f3n inclusiva en la regi\u00f3n, la Universidad Tecnol\u00f3gica de Tamaulipas Norte (UTTN) ofreci\u00f3 a docentes de la Unidad de Servicios de Apoyo a la Educaci\u00f3n Regular (USAER) 34, el conocimiento de primera mano del Modelo de Inclusi\u00f3n Educativa que impulsa la universidad en favor de estudiantes con discapacidad.<\/p>\n<p>Edgar Garza Hern\u00e1ndez, rector de la universidad, comparti\u00f3 que las y los docentes fueron recibidos por el coordinador del Departamento de Inclusi\u00f3n y Equidad Educativa, quien present\u00f3 las estrategias, programas y servicios implementados para garantizar una educaci\u00f3n accesible, equitativa y con enfoque de derechos.<\/p>\n<p>Durante el recorrido, las y los docentes pudieron constatar la infraestructura accesible con la que cuenta la universidad, dise\u00f1ada para ofrecer condiciones adecuadas y seguras que favorecen la movilidad, la autonom\u00eda y la participaci\u00f3n plena de estudiantes con discapacidad en la vida acad\u00e9mica y universitaria.<\/p>\n<p>Enfatiz\u00f3 que uno de los puntos centrales del recorrido fue el Centro de Adaptaciones y Tecnolog\u00eda Asistiva para el Alumnado con Discapacidad, espacio especializado donde se realizan adecuaciones acad\u00e9micas personalizadas seg\u00fan las necesidades espec\u00edficas de cada estudiante.<\/p>\n<p>Inform\u00f3 que, como parte de la jornada, la int\u00e9rprete de Lengua de Se\u00f1as Mexicana (LSM), Sol Karina Soto Batalla, imparti\u00f3 una capacitaci\u00f3n pr\u00e1ctica a los docentes visitantes, quienes aprendieron a interpretar la canci\u00f3n \u201cHimno de la Alegr\u00eda\u201d en este lenguaje.<\/p>\n<p>Garza Hern\u00e1ndez reafirm\u00f3 el compromiso de la Universidad Tecnol\u00f3gica de Tamaulipas Norte de fortalecer las pol\u00edticas educativas e inclusivas que impulsan el gobernador Am\u00e9rico Villarreal Anaya y el secretario de Educaci\u00f3n, Miguel \u00c1ngel Valdez Garc\u00eda, con la construcci\u00f3n de espacios educativos m\u00e1s justos, accesibles y sensibles a la diversidad, consolid\u00e1ndose como una instituci\u00f3n referente en inclusi\u00f3n y equidad educativa en la regi\u00f3n.<\/p>\n<p><img loading=\"lazy\" decoding=\"async\" class=\"aligncenter size-full wp-image-203450\" src=\"https:\/\/www.buroperiodistico.com.mx\/wp-content\/uploads\/2026\/03\/UTTUSAER-I.jpeg\" alt=\"\" width=\"640\" height=\"406\" srcset=\"https:\/\/www.buroperiodistico.com.mx\/wp-content\/uploads\/2026\/03\/UTTUSAER-I.jpeg 640w, https:\/\/www.buroperiodistico.com.mx\/wp-content\/uploads\/2026\/03\/UTTUSAER-I-300x190.jpeg 300w\" sizes=\"auto, (max-width: 640px) 100vw, 640px\" \/> <img loading=\"lazy\" decoding=\"async\" class=\"aligncenter size-full wp-image-203451\" src=\"https:\/\/www.buroperiodistico.com.mx\/wp-content\/uploads\/2026\/03\/UTTUSAER-II.jpeg\" alt=\"\" width=\"640\" height=\"416\" srcset=\"https:\/\/www.buroperiodistico.com.mx\/wp-content\/uploads\/2026\/03\/UTTUSAER-II.jpeg 640w, https:\/\/www.buroperiodistico.com.mx\/wp-content\/uploads\/2026\/03\/UTTUSAER-II-300x195.jpeg 300w\" sizes=\"auto, (max-width: 640px) 100vw, 640px\" \/><\/p>\n","protected":false},"excerpt":{"rendered":"<p>Reynosa, Tamaulipas (11-Marzo-2026).- Con el prop\u00f3sito de fortalecer las pr\u00e1cticas de educaci\u00f3n inclusiva en la&#8230;<\/p>\n","protected":false},"author":1,"featured_media":203452,"comment_status":"closed","ping_status":"closed","sticky":false,"template":"","format":"standard","meta":{"footnotes":"","jetpack_publicize_message":"","jetpack_publicize_feature_enabled":true,"jetpack_social_post_already_shared":true,"jetpack_social_options":{"image_generator_settings":{"template":"highway","default_image_id":0,"font":"","enabled":false},"version":2}},"categories":[10],"tags":[],"class_list":["post-203449","post","type-post","status-publish","format-standard","has-post-thumbnail","hentry","category-tamaulipas"],"jetpack_publicize_connections":[],"_links":{"self":[{"href":"https:\/\/www.buroperiodistico.com.mx\/index.php?rest_route=\/wp\/v2\/posts\/203449","targetHints":{"allow":["GET"]}}],"collection":[{"href":"https:\/\/www.buroperiodistico.com.mx\/index.php?rest_route=\/wp\/v2\/posts"}],"about":[{"href":"https:\/\/www.buroperiodistico.com.mx\/index.php?rest_route=\/wp\/v2\/types\/post"}],"author":[{"embeddable":true,"href":"https:\/\/www.buroperiodistico.com.mx\/index.php?rest_route=\/wp\/v2\/users\/1"}],"replies":[{"embeddable":true,"href":"https:\/\/www.buroperiodistico.com.mx\/index.php?rest_route=%2Fwp%2Fv2%2Fcomments&post=203449"}],"version-history":[{"count":1,"href":"https:\/\/www.buroperiodistico.com.mx\/index.php?rest_route=\/wp\/v2\/posts\/203449\/revisions"}],"predecessor-version":[{"id":203453,"href":"https:\/\/www.buroperiodistico.com.mx\/index.php?rest_route=\/wp\/v2\/posts\/203449\/revisions\/203453"}],"wp:featuredmedia":[{"embeddable":true,"href":"https:\/\/www.buroperiodistico.com.mx\/index.php?rest_route=\/wp\/v2\/media\/203452"}],"wp:attachment":[{"href":"https:\/\/www.buroperiodistico.com.mx\/index.php?rest_route=%2Fwp%2Fv2%2Fmedia&parent=203449"}],"wp:term":[{"taxonomy":"category","embeddable":true,"href":"https:\/\/www.buroperiodistico.com.mx\/index.php?rest_route=%2Fwp%2Fv2%2Fcategories&post=203449"},{"taxonomy":"post_tag","embeddable":true,"href":"https:\/\/www.buroperiodistico.com.mx\/index.php?rest_route=%2Fwp%2Fv2%2Ftags&post=203449"}],"curies":[{"name":"wp","href":"https:\/\/api.w.org\/{rel}","templated":true}]}}