{"id":203332,"date":"2026-03-10T14:52:51","date_gmt":"2026-03-10T19:52:51","guid":{"rendered":"https:\/\/www.buroperiodistico.com.mx\/?p=203332"},"modified":"2026-03-10T14:52:51","modified_gmt":"2026-03-10T19:52:51","slug":"realiza-gobierno-municipal-jornada-de-limpieza-en-lomas-del-rio-en-el-marco-del-dia-mundial-de-la-naturaleza","status":"publish","type":"post","link":"https:\/\/www.buroperiodistico.com.mx\/?p=203332","title":{"rendered":"REALIZA GOBIERNO MUNICIPAL JORNADA DE LIMPIEZA EN LOMAS DEL R\u00cdO EN EL MARCO DEL D\u00cdA MUNDIAL DE LA NATURALEZA"},"content":{"rendered":"<p dir=\"ltr\"><em><strong><img loading=\"lazy\" decoding=\"async\" class=\" wp-image-203335 alignright\" src=\"https:\/\/www.buroperiodistico.com.mx\/wp-content\/uploads\/2026\/03\/JORNADA-DE-LIMPIEZA.jpg\" alt=\"\" width=\"567\" height=\"374\" srcset=\"https:\/\/www.buroperiodistico.com.mx\/wp-content\/uploads\/2026\/03\/JORNADA-DE-LIMPIEZA.jpg 1024w, https:\/\/www.buroperiodistico.com.mx\/wp-content\/uploads\/2026\/03\/JORNADA-DE-LIMPIEZA-300x198.jpg 300w, https:\/\/www.buroperiodistico.com.mx\/wp-content\/uploads\/2026\/03\/JORNADA-DE-LIMPIEZA-768x507.jpg 768w, https:\/\/www.buroperiodistico.com.mx\/wp-content\/uploads\/2026\/03\/JORNADA-DE-LIMPIEZA-720x475.jpg 720w\" sizes=\"auto, (max-width: 567px) 100vw, 567px\" \/>Nuevo Laredo, Tam (10-Marzo-2026).-<\/strong><\/em>\u00a0En el marco del D\u00eda Mundial de la Naturaleza, el Gobierno Municipal de Nuevo Laredo, a trav\u00e9s de la Coordinaci\u00f3n General de Gesti\u00f3n Ambiental, llev\u00f3 a cabo una jornada de limpieza en la colonia Lomas del R\u00edo, con el objetivo de fortalecer la cultura del cuidado ambiental y promover la participaci\u00f3n ciudadana en acciones que contribuyan a la conservaci\u00f3n del entorno.<\/p>\n<p dir=\"ltr\">La actividad reuni\u00f3 a j\u00f3venes que realizan su servicio social, as\u00ed como a representantes del Instituto Tecnol\u00f3gico de Nuevo Laredo (ITNL), la empresa Zumaya Group y la organizaci\u00f3n M\u00e9xico Unidos por el Planeta, quienes sumaron esfuerzos para realizar labores de recolecci\u00f3n de residuos y saneamiento en distintos puntos de este sector de la ciudad.<\/p>\n<p dir=\"ltr\">Durante la jornada se destac\u00f3 que el D\u00eda Mundial de la Naturaleza es una fecha que invita a reflexionar sobre la importancia de conservar los ecosistemas, proteger la biodiversidad y actuar de manera responsable frente al impacto que generan las actividades humanas en el medio ambiente.<\/p>\n<p dir=\"ltr\">Autoridades municipales se\u00f1alaron que cada acci\u00f3n, por peque\u00f1a que parezca, representa un paso importante para mantener el equilibrio ambiental y mejorar la calidad de vida de las y los neolaredenses.<\/p>\n<p dir=\"ltr\">Estas acciones forman parte de la estrategia que impulsa el Gobierno Municipal para fomentar la educaci\u00f3n ambiental y fortalecer la corresponsabilidad entre sociedad, instituciones educativas y sector privado.<\/p>\n<p dir=\"ltr\">El Gobierno de Nuevo Laredo reconoci\u00f3 la participaci\u00f3n de las y los voluntarios que se sumaron a esta jornada, demostrando que el trabajo en equipo es fundamental para construir una ciudad m\u00e1s limpia y sustentable.<\/p>\n<p dir=\"ltr\"><img loading=\"lazy\" decoding=\"async\" class=\"aligncenter size-full wp-image-203333\" src=\"https:\/\/www.buroperiodistico.com.mx\/wp-content\/uploads\/2026\/03\/JORNADA-DE-LIMPIEZA-I.jpg\" alt=\"\" width=\"640\" height=\"480\" srcset=\"https:\/\/www.buroperiodistico.com.mx\/wp-content\/uploads\/2026\/03\/JORNADA-DE-LIMPIEZA-I.jpg 640w, https:\/\/www.buroperiodistico.com.mx\/wp-content\/uploads\/2026\/03\/JORNADA-DE-LIMPIEZA-I-300x225.jpg 300w\" sizes=\"auto, (max-width: 640px) 100vw, 640px\" \/> <img loading=\"lazy\" decoding=\"async\" class=\"aligncenter size-full wp-image-203334\" src=\"https:\/\/www.buroperiodistico.com.mx\/wp-content\/uploads\/2026\/03\/JORNADA-DE-LIMPIEZA-II.jpg\" alt=\"\" width=\"485\" height=\"480\" srcset=\"https:\/\/www.buroperiodistico.com.mx\/wp-content\/uploads\/2026\/03\/JORNADA-DE-LIMPIEZA-II.jpg 485w, https:\/\/www.buroperiodistico.com.mx\/wp-content\/uploads\/2026\/03\/JORNADA-DE-LIMPIEZA-II-300x297.jpg 300w\" sizes=\"auto, (max-width: 485px) 100vw, 485px\" \/><\/p>\n","protected":false},"excerpt":{"rendered":"<p>Nuevo Laredo, Tam (10-Marzo-2026).-\u00a0En el marco del D\u00eda Mundial de la Naturaleza, el Gobierno Municipal&#8230;<\/p>\n","protected":false},"author":1,"featured_media":203335,"comment_status":"closed","ping_status":"closed","sticky":false,"template":"","format":"standard","meta":{"footnotes":"","jetpack_publicize_message":"","jetpack_publicize_feature_enabled":true,"jetpack_social_post_already_shared":true,"jetpack_social_options":{"image_generator_settings":{"template":"highway","default_image_id":0,"font":"","enabled":false},"version":2}},"categories":[16],"tags":[],"class_list":["post-203332","post","type-post","status-publish","format-standard","has-post-thumbnail","hentry","category-nuevolaredo"],"jetpack_publicize_connections":[],"_links":{"self":[{"href":"https:\/\/www.buroperiodistico.com.mx\/index.php?rest_route=\/wp\/v2\/posts\/203332","targetHints":{"allow":["GET"]}}],"collection":[{"href":"https:\/\/www.buroperiodistico.com.mx\/index.php?rest_route=\/wp\/v2\/posts"}],"about":[{"href":"https:\/\/www.buroperiodistico.com.mx\/index.php?rest_route=\/wp\/v2\/types\/post"}],"author":[{"embeddable":true,"href":"https:\/\/www.buroperiodistico.com.mx\/index.php?rest_route=\/wp\/v2\/users\/1"}],"replies":[{"embeddable":true,"href":"https:\/\/www.buroperiodistico.com.mx\/index.php?rest_route=%2Fwp%2Fv2%2Fcomments&post=203332"}],"version-history":[{"count":1,"href":"https:\/\/www.buroperiodistico.com.mx\/index.php?rest_route=\/wp\/v2\/posts\/203332\/revisions"}],"predecessor-version":[{"id":203336,"href":"https:\/\/www.buroperiodistico.com.mx\/index.php?rest_route=\/wp\/v2\/posts\/203332\/revisions\/203336"}],"wp:featuredmedia":[{"embeddable":true,"href":"https:\/\/www.buroperiodistico.com.mx\/index.php?rest_route=\/wp\/v2\/media\/203335"}],"wp:attachment":[{"href":"https:\/\/www.buroperiodistico.com.mx\/index.php?rest_route=%2Fwp%2Fv2%2Fmedia&parent=203332"}],"wp:term":[{"taxonomy":"category","embeddable":true,"href":"https:\/\/www.buroperiodistico.com.mx\/index.php?rest_route=%2Fwp%2Fv2%2Fcategories&post=203332"},{"taxonomy":"post_tag","embeddable":true,"href":"https:\/\/www.buroperiodistico.com.mx\/index.php?rest_route=%2Fwp%2Fv2%2Ftags&post=203332"}],"curies":[{"name":"wp","href":"https:\/\/api.w.org\/{rel}","templated":true}]}}