{"id":203300,"date":"2026-03-10T10:16:20","date_gmt":"2026-03-10T15:16:20","guid":{"rendered":"https:\/\/www.buroperiodistico.com.mx\/?p=203300"},"modified":"2026-03-10T10:16:20","modified_gmt":"2026-03-10T15:16:20","slug":"desdelafrontera-por-pedronatividad-69","status":"publish","type":"post","link":"https:\/\/www.buroperiodistico.com.mx\/?p=203300","title":{"rendered":"#DESDELAFRONTERA\/ POR #PEDRONATIVIDAD"},"content":{"rendered":"<p style=\"text-align: center;\"><em><strong>Alarma por escasez de agua en Tamaulipas<\/strong><\/em><\/p>\n<p><em><strong>(10-Marzo-2026).-<\/strong><\/em> Apenas vamos entrando al tercer mes del a\u00f1o y una se\u00f1al preocupante ya comienza a encender todas las alarmas en Tamaulipas, la sequ\u00eda est\u00e1 de regreso y lo hace con fuerza.<\/p>\n<p>El m\u00e1s reciente informe del Comit\u00e9 de Seguimiento y Evaluaci\u00f3n del Sem\u00e1foro del Cuidado del Agua revela un dato que deber\u00eda inquietar a todos, 30 de los 43 municipios del estado presentan alg\u00fan nivel de presi\u00f3n h\u00eddrica, es decir, dos de cada tres municipios enfrentan problemas de disponibilidad de agua.<\/p>\n<p>La radiograf\u00eda es clara y preocupante.<\/p>\n<p>En sem\u00e1foro rojo, considerado nivel cr\u00edtico por la baja disponibilidad del recurso, aparecen en la frontera, municipios como Camargo, Guerrero, Gustavo D\u00edaz Ordaz, Matamoros, Mier, Miguel Alem\u00e1n, Nuevo Laredo, Reynosa, R\u00edo Bravo, San Nicol\u00e1s, Tula, Valle Hermoso y Ciudad Victoria.<\/p>\n<p>Las diez ciudades fronterizas que dependen del agua del R\u00edo Bravo se encuentran en color rojo, una situaci\u00f3n cr\u00edtica provocada por los bajos niveles de almacenamiento en las presas internacionales y la falta de recargas recientes.<\/p>\n<p>Es decir, la principal fuente de abastecimiento de agua para esa franja del estado est\u00e1 bajo presi\u00f3n.<\/p>\n<p>Pero la crisis no se queda en el norte.<\/p>\n<p>En la zona centro, donde destaca Ciudad Victoria, la situaci\u00f3n tambi\u00e9n comienza a tensarse. El propio gobierno estatal ya anunci\u00f3 que iniciar\u00e1n los tandeos de agua, debido a que los manantiales que abastecen a la capital ya no est\u00e1n produciendo lo suficiente para cubrir la demanda de la poblaci\u00f3n.<\/p>\n<p>Un escenario que hace apenas algunos a\u00f1os habr\u00eda parecido dif\u00edcil de creer.<\/p>\n<p>Porque si algo caracterizaba hist\u00f3ricamente a Tamaulipas era su riqueza h\u00eddrica. R\u00edos, presas, cuencas y manantiales formaban parte de un sistema natural que garantizaba el abasto de agua en gran parte del estado.<\/p>\n<p>Hoy la realidad es distinta.<\/p>\n<p>En apenas unos a\u00f1os, Tamaulipas ha pasado de ser un estado privilegiado en recursos h\u00eddricos a enfrentar episodios cada vez m\u00e1s frecuentes de escasez.<\/p>\n<p>\u00bfLa raz\u00f3n?<\/p>\n<p>El fen\u00f3meno tiene varias explicaciones, pero una de ellas es imposible de ignorar, el cambio clim\u00e1tico.<\/p>\n<p>El aumento de temperaturas, la alteraci\u00f3n de los ciclos de lluvia y los periodos prolongados de sequ\u00eda est\u00e1n transformando el comportamiento natural del planeta. Y aunque muchas veces se habla del cambio clim\u00e1tico como un fen\u00f3meno lejano o abstracto, la verdad es mucho m\u00e1s inc\u00f3moda.<\/p>\n<p>En buena medida es una crisis provocada por el propio ser humano.<\/p>\n<p>La contaminaci\u00f3n desmedida, la emisi\u00f3n de gases de efecto invernadero, la deforestaci\u00f3n y el crecimiento industrial sin control han alterado el equilibrio ambiental del planeta. La Tierra responde con eventos cada vez m\u00e1s extremos, sequ\u00edas prolongadas, lluvias torrenciales, olas de calor y fen\u00f3menos meteorol\u00f3gicos m\u00e1s intensos.<\/p>\n<p>Lo que hoy ocurre en Tamaulipas no es un hecho aislado. Es parte de una tendencia global que ya comienza a sentirse con fuerza en muchas regiones del pa\u00eds.<\/p>\n<p style=\"text-align: center;\"><strong>LA CIUDAD DE LA INVERSION Y EL EMPLEO<\/strong><\/p>\n<p>Nuevo Laredo vive hoy un momento econ\u00f3mico que no es casualidad ni golpe de suerte. Es la consecuencia directa de un engranaje pol\u00edtico, econ\u00f3mico y estrat\u00e9gico que comenz\u00f3 a armarse desde la Federaci\u00f3n, se fortaleci\u00f3 con el Gobierno del Estado y encontr\u00f3 en el gobierno municipal de Carmen Lilia Canturosas Villarreal una pieza clave para que la maquinaria del desarrollo avance sin freno.<\/p>\n<p>Los n\u00fameros hablan por s\u00ed solos.<\/p>\n<p>De acuerdo con datos de la Secretar\u00eda de Desarrollo Econ\u00f3mico del Gobierno Municipal, este inicio de a\u00f1o ha tra\u00eddo un impulso importante a la actividad comercial, de servicios e industrial. La ciudad registra alrededor de 68 nuevas aperturas de empresas en lo que va del a\u00f1o, entre comercios, servicios y proveedores directos de la industria; es decir, pr\u00e1cticamente se est\u00e1 abriendo un nuevo negocio por d\u00eda, una se\u00f1al clara de la confianza que existe en el potencial econ\u00f3mico de esta frontera.<\/p>\n<p>No es poca cosa.<\/p>\n<p>Cuando los inversionistas deciden abrir negocios, lo hacen porque ven estabilidad, ven crecimiento\u2026 pero sobre todo ven futuro.<\/p>\n<p>Y en Nuevo Laredo ese futuro ya comenz\u00f3.<\/p>\n<p>La alcaldesa Carmen Lilia Canturosas lo ha dicho con claridad, cuando gobierno e iniciativa privada trabajan de la mano, los resultados se reflejan en m\u00e1s empresas, m\u00e1s empleos y mayores oportunidades para la gente. Hoy la ciudad vive un momento de confianza que se traduce directamente en bienestar para las familias neolaredenses.<\/p>\n<p>Pero detr\u00e1s de este momento econ\u00f3mico hay algo todav\u00eda m\u00e1s grande.<\/p>\n<p>Todo esto es parte del engranaje que la Federaci\u00f3n ha venido construyendo en esta frontera estrat\u00e9gica del pa\u00eds. Proyectos de gran calado como la Agencia Nacional de Aduanas de M\u00e9xico (ANAM), la construcci\u00f3n del nuevo puente ferroviario, la pr\u00f3xima ampliaci\u00f3n del Puente Internacional III y el anuncio del nuevo puente internacional, entre otras grandes obras de infraestructura, est\u00e1n redibujando el mapa econ\u00f3mico de la regi\u00f3n.<\/p>\n<p>Y cuando llegan obras de ese tama\u00f1o, llegan tambi\u00e9n las consecuencias inevitables, m\u00e1s empresas\u2026 m\u00e1s inversi\u00f3n\u2026 m\u00e1s empleo\u2026 m\u00e1s movimiento econ\u00f3mico.<\/p>\n<p>Hoy el sector maquilador y transportista mantiene una tendencia positiva con alrededor de 450 vacantes disponibles, una se\u00f1al clara de que en esta ciudad s\u00ed existen oportunidades reales de empleo y crecimiento profesional.<\/p>\n<p>Adem\u00e1s, el gobierno municipal contin\u00faa acercando esas oportunidades a la gente mediante programas como \u201cEmpleo en tu Colonia\u201d y las Ferias del Empleo, mecanismos que han permitido conectar directamente a empresas con ciudadanos que buscan trabajo.<\/p>\n<p>Tan solo en la primera Feria del Empleo del a\u00f1o se lograron m\u00e1s de 1,300 vinculaciones laborales, una cifra que refleja la alta demanda de talento local por parte del sector productivo.<\/p>\n<p>Y el impulso no se detiene.<\/p>\n<p>En los pr\u00f3ximos meses se llevar\u00e1n a cabo Ferias de Empleo Universitarias, comenzando en la Universidad Aut\u00f3noma de Tamaulipas y posteriormente en la Universidad Tecnol\u00f3gica de Nuevo Laredo, para facilitar la inserci\u00f3n laboral de estudiantes y reci\u00e9n egresados.<\/p>\n<p>Es decir, el crecimiento econ\u00f3mico no solo est\u00e1 generando empleos\u2026 tambi\u00e9n est\u00e1 preparando el terreno para las nuevas generaciones.<\/p>\n<p>En medio de este panorama, el liderazgo pol\u00edtico tambi\u00e9n cuenta. Y ah\u00ed es donde la figura de Carmen Lilia Canturosas ha sabido colocarse como una pieza fundamental para consolidar esta etapa de expansi\u00f3n econ\u00f3mica. Su visi\u00f3n de gobierno, basada en la colaboraci\u00f3n con el sector empresarial y en fortalecer las ventajas competitivas de la ciudad, ha sido determinante para aprovechar la ola de inversi\u00f3n que hoy llega a esta frontera.<\/p>\n<p>Nuevo Laredo, para decirlo sin rodeos, est\u00e1 viviendo el efecto domin\u00f3 del desarrollo&#8230; \u00bfQu\u00e9, no?, NOS LEEMOS.<\/p>\n<p>Comentarios: pedropnatividad@gmail.com<\/p>\n","protected":false},"excerpt":{"rendered":"<p>Alarma por escasez de agua en Tamaulipas (10-Marzo-2026).- Apenas vamos entrando al tercer mes del&#8230;<\/p>\n","protected":false},"author":1,"featured_media":149241,"comment_status":"closed","ping_status":"closed","sticky":false,"template":"","format":"standard","meta":{"footnotes":"","jetpack_publicize_message":"","jetpack_publicize_feature_enabled":true,"jetpack_social_post_already_shared":true,"jetpack_social_options":{"image_generator_settings":{"template":"highway","default_image_id":0,"font":"","enabled":false},"version":2}},"categories":[23],"tags":[],"class_list":["post-203300","post","type-post","status-publish","format-standard","has-post-thumbnail","hentry","category-columnas"],"jetpack_publicize_connections":[],"_links":{"self":[{"href":"https:\/\/www.buroperiodistico.com.mx\/index.php?rest_route=\/wp\/v2\/posts\/203300","targetHints":{"allow":["GET"]}}],"collection":[{"href":"https:\/\/www.buroperiodistico.com.mx\/index.php?rest_route=\/wp\/v2\/posts"}],"about":[{"href":"https:\/\/www.buroperiodistico.com.mx\/index.php?rest_route=\/wp\/v2\/types\/post"}],"author":[{"embeddable":true,"href":"https:\/\/www.buroperiodistico.com.mx\/index.php?rest_route=\/wp\/v2\/users\/1"}],"replies":[{"embeddable":true,"href":"https:\/\/www.buroperiodistico.com.mx\/index.php?rest_route=%2Fwp%2Fv2%2Fcomments&post=203300"}],"version-history":[{"count":1,"href":"https:\/\/www.buroperiodistico.com.mx\/index.php?rest_route=\/wp\/v2\/posts\/203300\/revisions"}],"predecessor-version":[{"id":203301,"href":"https:\/\/www.buroperiodistico.com.mx\/index.php?rest_route=\/wp\/v2\/posts\/203300\/revisions\/203301"}],"wp:featuredmedia":[{"embeddable":true,"href":"https:\/\/www.buroperiodistico.com.mx\/index.php?rest_route=\/wp\/v2\/media\/149241"}],"wp:attachment":[{"href":"https:\/\/www.buroperiodistico.com.mx\/index.php?rest_route=%2Fwp%2Fv2%2Fmedia&parent=203300"}],"wp:term":[{"taxonomy":"category","embeddable":true,"href":"https:\/\/www.buroperiodistico.com.mx\/index.php?rest_route=%2Fwp%2Fv2%2Fcategories&post=203300"},{"taxonomy":"post_tag","embeddable":true,"href":"https:\/\/www.buroperiodistico.com.mx\/index.php?rest_route=%2Fwp%2Fv2%2Ftags&post=203300"}],"curies":[{"name":"wp","href":"https:\/\/api.w.org\/{rel}","templated":true}]}}