{"id":203297,"date":"2026-03-09T23:41:28","date_gmt":"2026-03-10T04:41:28","guid":{"rendered":"https:\/\/www.buroperiodistico.com.mx\/?p=203297"},"modified":"2026-03-09T23:41:28","modified_gmt":"2026-03-10T04:41:28","slug":"cronicas-politicas-por-alberto-guerra-salazar-660","status":"publish","type":"post","link":"https:\/\/www.buroperiodistico.com.mx\/?p=203297","title":{"rendered":"CRONICAS POLITICAS\/ Por Alberto Guerra Salazar"},"content":{"rendered":"<p><em><strong>09 de MARZO 2026<\/strong><\/em><\/p>\n<p style=\"text-align: center;\"><em><strong>Apoya UAT la causa juvenil<\/strong><\/em><\/p>\n<p>CIUDAD VICTORIA, (ASI).\u2014 Se est\u00e1 produciendo de manera espont\u00e1nea en Nuevo Laredo una combinaci\u00f3n de esfuerzos encaminada a cimentar el emprendimiento de los j\u00f3venes, a trav\u00e9s del auspicio de pl\u00e1ticas informativas dirigidas a estudiantes universitarios.<\/p>\n<p>La secretaria municipal de desarrollo econ\u00f3mico en coordinaci\u00f3n con el Instituto Municipal de la Juventud, IMUJVE, el gobierno de Carmen Lilia Cantuross Villarreal contin\u00faa llevando a cabo una serie de pl\u00e1ticas informativas dirigidas a los universitarios.<\/p>\n<p>La jornada del d\u00eda se realiz\u00f3 en la Universidad Aut\u00f3noma de Tamaulipas, donde los alumnos de diversas carreras tuvieron la oportunidad de conocer los programas, herramientas y apoyos que el gobierno municipal pone a su alcance, para impulsar sus ideas de negocio y facilitar su integraci\u00f3n al ecosistema emprendedor fronterizo.<\/p>\n<p>Se comparti\u00f3 informaci\u00f3n sobre las distintas iniciativas y acompa\u00f1amientos que ofrece la Secretar\u00eda de Desarrollo Econ\u00f3mico de Nuevo Laredo para que los j\u00f3venes puedan transformar sus proyectos en oportunidades reales de desarrollo, contribuyendo de esta manera al crecimiento econ\u00f3mico de esa ciudad.<\/p>\n<p>En tanto que en Altamira, en el marco de la conmemoraci\u00f3n del D\u00eda Internacional de la Mujer, el Centro de Ejecuci\u00f3n de Sanciones, CEDES, de Altamira, llev\u00f3 a cabo un rally deportivo femenil y diversas actividades encaminadas a reconocer la lucha hist\u00f3rica por la igualdad de g\u00e9nero y promover valores de respeto, participaci\u00f3n y trabajo en equip\u00f3 entre mujeres privadas de la libertad.<\/p>\n<p>La actividad se desarroll\u00f3 en el campo de la fase 1 del CEDES, donde participaron 54 mujeres en diferentes din\u00e1micas deportiva y de convivencia.<\/p>\n<p>El programa incluy\u00f3 una marcha alusiva al evento, la lectura de una remembranza sobre el significado del D\u00eda Internacional de la Mujer por parte de una persona privada de la libertad, as\u00ed como una fotograf\u00eda con representativos del 8M.<\/p>\n<p>Posteriormente se realizaron competencias deportivas que formaron parte del rally, entre ellas carrera de velocidades, carrera de costales y fuerzas opuestas, adem\u00e1s de una caminata pac\u00edfica en la que las participantes portaron una manta con el mensaje \u201cPor una vida digna\u201d.<\/p>\n<p>Como parte de la conmemoraci\u00f3n, las internas tambi\u00e9n elaboraron carteles con mensajes dirigidos a la comunidad, con el prop\u00f3sito de transmitir reflexiones sobre lz importancia de la igualdad de g\u00e9nero, el respeto y la construcci\u00f3n de una vida libre de violencia.<\/p>\n<p>Las pancartas fueron colocadas en el exterior del centro penitenciario para permitir que las personas que transitan por la zona puedan conocer los mensajes elaborados por las mujeres internas, en ejercicio de su derecho a la libre expresi\u00f3n.<\/p>\n<p>La directora del CEDES Altamira, Yolanda Garibay Caballero, se\u00f1al\u00f3 que estas actividades buscan reconocer el significado hist\u00f3rico de la fecha y fomentar la participaci\u00f3n de las mujeres en din\u00e1micas que favorezcan su desarrollo personal.<\/p>\n<p>correo electr\u00f3nico: albertoguerra65@hotmail.com<\/p>\n","protected":false},"excerpt":{"rendered":"<p>09 de MARZO 2026 Apoya UAT la causa juvenil CIUDAD VICTORIA, (ASI).\u2014 Se est\u00e1 produciendo&#8230;<\/p>\n","protected":false},"author":1,"featured_media":149413,"comment_status":"closed","ping_status":"closed","sticky":false,"template":"","format":"standard","meta":{"footnotes":"","jetpack_publicize_message":"","jetpack_publicize_feature_enabled":true,"jetpack_social_post_already_shared":true,"jetpack_social_options":{"image_generator_settings":{"template":"highway","default_image_id":0,"font":"","enabled":false},"version":2}},"categories":[23],"tags":[],"class_list":["post-203297","post","type-post","status-publish","format-standard","has-post-thumbnail","hentry","category-columnas"],"jetpack_publicize_connections":[],"_links":{"self":[{"href":"https:\/\/www.buroperiodistico.com.mx\/index.php?rest_route=\/wp\/v2\/posts\/203297","targetHints":{"allow":["GET"]}}],"collection":[{"href":"https:\/\/www.buroperiodistico.com.mx\/index.php?rest_route=\/wp\/v2\/posts"}],"about":[{"href":"https:\/\/www.buroperiodistico.com.mx\/index.php?rest_route=\/wp\/v2\/types\/post"}],"author":[{"embeddable":true,"href":"https:\/\/www.buroperiodistico.com.mx\/index.php?rest_route=\/wp\/v2\/users\/1"}],"replies":[{"embeddable":true,"href":"https:\/\/www.buroperiodistico.com.mx\/index.php?rest_route=%2Fwp%2Fv2%2Fcomments&post=203297"}],"version-history":[{"count":1,"href":"https:\/\/www.buroperiodistico.com.mx\/index.php?rest_route=\/wp\/v2\/posts\/203297\/revisions"}],"predecessor-version":[{"id":203298,"href":"https:\/\/www.buroperiodistico.com.mx\/index.php?rest_route=\/wp\/v2\/posts\/203297\/revisions\/203298"}],"wp:featuredmedia":[{"embeddable":true,"href":"https:\/\/www.buroperiodistico.com.mx\/index.php?rest_route=\/wp\/v2\/media\/149413"}],"wp:attachment":[{"href":"https:\/\/www.buroperiodistico.com.mx\/index.php?rest_route=%2Fwp%2Fv2%2Fmedia&parent=203297"}],"wp:term":[{"taxonomy":"category","embeddable":true,"href":"https:\/\/www.buroperiodistico.com.mx\/index.php?rest_route=%2Fwp%2Fv2%2Fcategories&post=203297"},{"taxonomy":"post_tag","embeddable":true,"href":"https:\/\/www.buroperiodistico.com.mx\/index.php?rest_route=%2Fwp%2Fv2%2Ftags&post=203297"}],"curies":[{"name":"wp","href":"https:\/\/api.w.org\/{rel}","templated":true}]}}