{"id":203288,"date":"2026-03-09T21:35:22","date_gmt":"2026-03-10T02:35:22","guid":{"rendered":"https:\/\/www.buroperiodistico.com.mx\/?p=203288"},"modified":"2026-03-09T21:35:22","modified_gmt":"2026-03-10T02:35:22","slug":"ceav-tamaulipas-instala-unidad-movil-de-mastografias-gratuitas-en-victoria","status":"publish","type":"post","link":"https:\/\/www.buroperiodistico.com.mx\/?p=203288","title":{"rendered":"CEAV Tamaulipas instala unidad m\u00f3vil de mastograf\u00edas gratuitas en Victoria"},"content":{"rendered":"<p><em><strong><img loading=\"lazy\" decoding=\"async\" class=\" wp-image-203293 alignright\" src=\"https:\/\/www.buroperiodistico.com.mx\/wp-content\/uploads\/2026\/03\/CAVVictoria.jpeg\" alt=\"\" width=\"460\" height=\"289\" srcset=\"https:\/\/www.buroperiodistico.com.mx\/wp-content\/uploads\/2026\/03\/CAVVictoria.jpeg 1024w, https:\/\/www.buroperiodistico.com.mx\/wp-content\/uploads\/2026\/03\/CAVVictoria-300x189.jpeg 300w, https:\/\/www.buroperiodistico.com.mx\/wp-content\/uploads\/2026\/03\/CAVVictoria-768x483.jpeg 768w\" sizes=\"auto, (max-width: 460px) 100vw, 460px\" \/>Ciudad Victoria, Tamaulipas (9-Marzo-2026).-<\/strong><\/em> La Comisi\u00f3n Estatal de Atenci\u00f3n a V\u00edctimas (CEAV) de Tamaulipas llev\u00f3 a cabo la instalaci\u00f3n de la unidad m\u00f3vil de mastograf\u00edas gratuitas de la UNEME DEDICAM Victoria, la cual brindar\u00e1 atenci\u00f3n del 9 al 13 de marzo en las instalaciones de la CEAV, en beneficio de la detecci\u00f3n temprana del c\u00e1ncer de mama.<\/p>\n<p>Durante el acto inaugural, se cont\u00f3 con la presencia del director de la UNEME DEDICAM Victoria, Jorge Luis Quintero Salinas, as\u00ed como del subsecretario de Legalidad y Servicios Gubernamentales, Jorge Luis Beas G\u00e1mez, quienes realizaron el corte de list\u00f3n e inauguraron oficialmente esta jornada de salud.<\/p>\n<p>En su mensaje, Jorge Luis Beas G\u00e1mez destac\u00f3 la importancia de ofrecer una atenci\u00f3n personal y directa a las v\u00edctimas, enfatizando que la mujer constituye un sector fundamental para la sociedad y representa el mayor n\u00famero de personas que requieren de los servicios de la CEAV. \u201cLa atenci\u00f3n que debemos prestar a las mujeres debe ser profesional, sensible y constante, m\u00e1s all\u00e1 de que nos encontremos en el Mes de la Mujer\u201d, expres\u00f3.<\/p>\n<p>Esta iniciativa forma parte de la pol\u00edtica de bienestar promovida por el gobernador Am\u00e9rico Villarreal Anaya y el secretario general de Gobierno, H\u00e9ctor Joel Villegas Gonz\u00e1lez, con el prop\u00f3sito de brindar a la ciudadan\u00eda servicios accesibles de prevenci\u00f3n y detecci\u00f3n temprana del c\u00e1ncer de mama.<\/p>\n<p>En el marco del Mes de la Mujer, la CEAV Tamaulipas reafirma su compromiso de continuar impulsando acciones que promuevan la prevenci\u00f3n, el bienestar y el acceso a servicios que fortalezcan la atenci\u00f3n a las mujeres, consolidando su papel como prioridad en las pol\u00edticas de salud y apoyo social del estado.<\/p>\n<p><img loading=\"lazy\" decoding=\"async\" class=\"aligncenter size-full wp-image-203289\" src=\"https:\/\/www.buroperiodistico.com.mx\/wp-content\/uploads\/2026\/03\/CAVVictoria-I.jpeg\" alt=\"\" width=\"640\" height=\"426\" srcset=\"https:\/\/www.buroperiodistico.com.mx\/wp-content\/uploads\/2026\/03\/CAVVictoria-I.jpeg 640w, https:\/\/www.buroperiodistico.com.mx\/wp-content\/uploads\/2026\/03\/CAVVictoria-I-300x200.jpeg 300w\" sizes=\"auto, (max-width: 640px) 100vw, 640px\" \/> <img loading=\"lazy\" decoding=\"async\" class=\"aligncenter size-full wp-image-203292\" src=\"https:\/\/www.buroperiodistico.com.mx\/wp-content\/uploads\/2026\/03\/CAVVictoria-IIII.jpeg\" alt=\"\" width=\"640\" height=\"426\" srcset=\"https:\/\/www.buroperiodistico.com.mx\/wp-content\/uploads\/2026\/03\/CAVVictoria-IIII.jpeg 640w, https:\/\/www.buroperiodistico.com.mx\/wp-content\/uploads\/2026\/03\/CAVVictoria-IIII-300x200.jpeg 300w\" sizes=\"auto, (max-width: 640px) 100vw, 640px\" \/> <img loading=\"lazy\" decoding=\"async\" class=\"aligncenter size-full wp-image-203291\" src=\"https:\/\/www.buroperiodistico.com.mx\/wp-content\/uploads\/2026\/03\/CAVVictoria-III.jpeg\" alt=\"\" width=\"640\" height=\"426\" srcset=\"https:\/\/www.buroperiodistico.com.mx\/wp-content\/uploads\/2026\/03\/CAVVictoria-III.jpeg 640w, https:\/\/www.buroperiodistico.com.mx\/wp-content\/uploads\/2026\/03\/CAVVictoria-III-300x200.jpeg 300w\" sizes=\"auto, (max-width: 640px) 100vw, 640px\" \/> <img loading=\"lazy\" decoding=\"async\" class=\"aligncenter size-full wp-image-203290\" src=\"https:\/\/www.buroperiodistico.com.mx\/wp-content\/uploads\/2026\/03\/CAVVictoria-II.jpeg\" alt=\"\" width=\"640\" height=\"426\" srcset=\"https:\/\/www.buroperiodistico.com.mx\/wp-content\/uploads\/2026\/03\/CAVVictoria-II.jpeg 640w, https:\/\/www.buroperiodistico.com.mx\/wp-content\/uploads\/2026\/03\/CAVVictoria-II-300x200.jpeg 300w\" sizes=\"auto, (max-width: 640px) 100vw, 640px\" \/><\/p>\n","protected":false},"excerpt":{"rendered":"<p>Ciudad Victoria, Tamaulipas (9-Marzo-2026).- La Comisi\u00f3n Estatal de Atenci\u00f3n a V\u00edctimas (CEAV) de Tamaulipas llev\u00f3&#8230;<\/p>\n","protected":false},"author":1,"featured_media":203293,"comment_status":"closed","ping_status":"closed","sticky":false,"template":"","format":"standard","meta":{"footnotes":"","jetpack_publicize_message":"","jetpack_publicize_feature_enabled":true,"jetpack_social_post_already_shared":true,"jetpack_social_options":{"image_generator_settings":{"template":"highway","default_image_id":0,"font":"","enabled":false},"version":2}},"categories":[10],"tags":[],"class_list":["post-203288","post","type-post","status-publish","format-standard","has-post-thumbnail","hentry","category-tamaulipas"],"jetpack_publicize_connections":[],"_links":{"self":[{"href":"https:\/\/www.buroperiodistico.com.mx\/index.php?rest_route=\/wp\/v2\/posts\/203288","targetHints":{"allow":["GET"]}}],"collection":[{"href":"https:\/\/www.buroperiodistico.com.mx\/index.php?rest_route=\/wp\/v2\/posts"}],"about":[{"href":"https:\/\/www.buroperiodistico.com.mx\/index.php?rest_route=\/wp\/v2\/types\/post"}],"author":[{"embeddable":true,"href":"https:\/\/www.buroperiodistico.com.mx\/index.php?rest_route=\/wp\/v2\/users\/1"}],"replies":[{"embeddable":true,"href":"https:\/\/www.buroperiodistico.com.mx\/index.php?rest_route=%2Fwp%2Fv2%2Fcomments&post=203288"}],"version-history":[{"count":1,"href":"https:\/\/www.buroperiodistico.com.mx\/index.php?rest_route=\/wp\/v2\/posts\/203288\/revisions"}],"predecessor-version":[{"id":203294,"href":"https:\/\/www.buroperiodistico.com.mx\/index.php?rest_route=\/wp\/v2\/posts\/203288\/revisions\/203294"}],"wp:featuredmedia":[{"embeddable":true,"href":"https:\/\/www.buroperiodistico.com.mx\/index.php?rest_route=\/wp\/v2\/media\/203293"}],"wp:attachment":[{"href":"https:\/\/www.buroperiodistico.com.mx\/index.php?rest_route=%2Fwp%2Fv2%2Fmedia&parent=203288"}],"wp:term":[{"taxonomy":"category","embeddable":true,"href":"https:\/\/www.buroperiodistico.com.mx\/index.php?rest_route=%2Fwp%2Fv2%2Fcategories&post=203288"},{"taxonomy":"post_tag","embeddable":true,"href":"https:\/\/www.buroperiodistico.com.mx\/index.php?rest_route=%2Fwp%2Fv2%2Ftags&post=203288"}],"curies":[{"name":"wp","href":"https:\/\/api.w.org\/{rel}","templated":true}]}}