{"id":203278,"date":"2026-03-09T21:11:50","date_gmt":"2026-03-10T02:11:50","guid":{"rendered":"https:\/\/www.buroperiodistico.com.mx\/?p=203278"},"modified":"2026-03-09T21:11:50","modified_gmt":"2026-03-10T02:11:50","slug":"aporta-gobierno-de-carlos-pena-ortiz-labor-de-200-intendentes-con-programa-escuelas-dignas-2026","status":"publish","type":"post","link":"https:\/\/www.buroperiodistico.com.mx\/?p=203278","title":{"rendered":"Aporta Gobierno de Carlos Pe\u00f1a Ortiz labor de 200 intendentes con programa \u00abEscuelas Dignas 2026\u00bb"},"content":{"rendered":"<p><em><strong><img loading=\"lazy\" decoding=\"async\" class=\" wp-image-203284 alignright\" src=\"https:\/\/www.buroperiodistico.com.mx\/wp-content\/uploads\/2026\/03\/Ayuxwr.jpeg\" alt=\"\" width=\"442\" height=\"264\" srcset=\"https:\/\/www.buroperiodistico.com.mx\/wp-content\/uploads\/2026\/03\/Ayuxwr.jpeg 1024w, https:\/\/www.buroperiodistico.com.mx\/wp-content\/uploads\/2026\/03\/Ayuxwr-300x179.jpeg 300w, https:\/\/www.buroperiodistico.com.mx\/wp-content\/uploads\/2026\/03\/Ayuxwr-768x459.jpeg 768w\" sizes=\"auto, (max-width: 442px) 100vw, 442px\" \/>Reynosa, Tam (9-Marzo-2026).-<\/strong><\/em> Con gran entusiasmo personal de intendencia particip\u00f3 en la puesta en marcha del programa municipal \u00abEscuelas Dignas 2026\u00bb para el Mejoramiento de la Infraestructura Educativa, inaugurado por el Alcalde Carlos Pe\u00f1a Ortiz en compa\u00f1\u00eda del Profesor Jorge Guadalupe Acu\u00f1a Tov\u00edas, Secretario de Trabajo y Conflictos del SNTE y Perla Lizeth Becerra Gallegos, Directora de la escuela primaria Felipe Carrillo Puerto, turno matutino, donde fue entregado simb\u00f3licamente el cheque por 12 Millones de Pesos que cubre dicho beneficio.<\/p>\n<p>\u00abEscuelas Dignas 2026\u00bb aporta 200 intendentes pagados por el Gobierno del Alcalde Carlos Pe\u00f1a Ortiz, quien dijo ante los presentes: \u00abnosotros apostamos mucho a la educaci\u00f3n por varias razones. Este programa inici\u00f3 hace un par de a\u00f1os de una gran necesidad, sabemos que hay muchas escuelas que no cuentan con intendentes, falta personal, y es ah\u00ed donde entra el Municipio para poder subsanar esas carencias y poder crear mejores condiciones laborales y educativas en todos los rincones de Reynosa\u00bb.<\/p>\n<p>Participaron tambi\u00e9n: Regidor Arnoldo Trevi\u00f1o Azuela, Profesor Jos\u00e9 Hiram Rodr\u00edguez Lim\u00f3n representante del SNTE, H\u00e9ctor Alejandro Olivares Zavala Secretario de Bienestar Social, Profesor Jos\u00e9 Eugenio Quiroz Longoria, Director de Educaci\u00f3n; Roel Mart\u00ednez Ochoa, Director del Turno Vespertino de la Primaria, y los intendentes Ram\u00f3n Resendez Vargas. Juana Uresti Marroqu\u00edn, beneficiarios representantes del programa.<\/p>\n<p>#ReynosaImparable<br \/>\n#GobiernoMunicipalDeReynosa<\/p>\n<p><img loading=\"lazy\" decoding=\"async\" class=\"aligncenter size-full wp-image-203279\" src=\"https:\/\/www.buroperiodistico.com.mx\/wp-content\/uploads\/2026\/03\/Alcax-I-1.jpeg\" alt=\"\" width=\"640\" height=\"427\" srcset=\"https:\/\/www.buroperiodistico.com.mx\/wp-content\/uploads\/2026\/03\/Alcax-I-1.jpeg 640w, https:\/\/www.buroperiodistico.com.mx\/wp-content\/uploads\/2026\/03\/Alcax-I-1-300x200.jpeg 300w\" sizes=\"auto, (max-width: 640px) 100vw, 640px\" \/> <img loading=\"lazy\" decoding=\"async\" class=\"aligncenter size-full wp-image-203283\" src=\"https:\/\/www.buroperiodistico.com.mx\/wp-content\/uploads\/2026\/03\/Alcax-IIIII-1.jpeg\" alt=\"\" width=\"640\" height=\"427\" srcset=\"https:\/\/www.buroperiodistico.com.mx\/wp-content\/uploads\/2026\/03\/Alcax-IIIII-1.jpeg 640w, https:\/\/www.buroperiodistico.com.mx\/wp-content\/uploads\/2026\/03\/Alcax-IIIII-1-300x200.jpeg 300w\" sizes=\"auto, (max-width: 640px) 100vw, 640px\" \/> <img loading=\"lazy\" decoding=\"async\" class=\"aligncenter size-full wp-image-203282\" src=\"https:\/\/www.buroperiodistico.com.mx\/wp-content\/uploads\/2026\/03\/Alcax-IIII-1.jpeg\" alt=\"\" width=\"640\" height=\"427\" srcset=\"https:\/\/www.buroperiodistico.com.mx\/wp-content\/uploads\/2026\/03\/Alcax-IIII-1.jpeg 640w, https:\/\/www.buroperiodistico.com.mx\/wp-content\/uploads\/2026\/03\/Alcax-IIII-1-300x200.jpeg 300w\" sizes=\"auto, (max-width: 640px) 100vw, 640px\" \/> <img loading=\"lazy\" decoding=\"async\" class=\"aligncenter size-full wp-image-203281\" src=\"https:\/\/www.buroperiodistico.com.mx\/wp-content\/uploads\/2026\/03\/Alcax-III-1.jpeg\" alt=\"\" width=\"640\" height=\"427\" srcset=\"https:\/\/www.buroperiodistico.com.mx\/wp-content\/uploads\/2026\/03\/Alcax-III-1.jpeg 640w, https:\/\/www.buroperiodistico.com.mx\/wp-content\/uploads\/2026\/03\/Alcax-III-1-300x200.jpeg 300w\" sizes=\"auto, (max-width: 640px) 100vw, 640px\" \/> <img loading=\"lazy\" decoding=\"async\" class=\"aligncenter size-full wp-image-203280\" src=\"https:\/\/www.buroperiodistico.com.mx\/wp-content\/uploads\/2026\/03\/Alcax-II-1.jpeg\" alt=\"\" width=\"640\" height=\"427\" srcset=\"https:\/\/www.buroperiodistico.com.mx\/wp-content\/uploads\/2026\/03\/Alcax-II-1.jpeg 640w, https:\/\/www.buroperiodistico.com.mx\/wp-content\/uploads\/2026\/03\/Alcax-II-1-300x200.jpeg 300w\" sizes=\"auto, (max-width: 640px) 100vw, 640px\" \/><\/p>\n","protected":false},"excerpt":{"rendered":"<p>Reynosa, Tam (9-Marzo-2026).- Con gran entusiasmo personal de intendencia particip\u00f3 en la puesta en marcha&#8230;<\/p>\n","protected":false},"author":1,"featured_media":203284,"comment_status":"closed","ping_status":"closed","sticky":false,"template":"","format":"standard","meta":{"footnotes":"","jetpack_publicize_message":"","jetpack_publicize_feature_enabled":true,"jetpack_social_post_already_shared":true,"jetpack_social_options":{"image_generator_settings":{"template":"highway","default_image_id":0,"font":"","enabled":false},"version":2}},"categories":[25,9],"tags":[],"class_list":["post-203278","post","type-post","status-publish","format-standard","has-post-thumbnail","hentry","category-portada","category-reynosa"],"jetpack_publicize_connections":[],"_links":{"self":[{"href":"https:\/\/www.buroperiodistico.com.mx\/index.php?rest_route=\/wp\/v2\/posts\/203278","targetHints":{"allow":["GET"]}}],"collection":[{"href":"https:\/\/www.buroperiodistico.com.mx\/index.php?rest_route=\/wp\/v2\/posts"}],"about":[{"href":"https:\/\/www.buroperiodistico.com.mx\/index.php?rest_route=\/wp\/v2\/types\/post"}],"author":[{"embeddable":true,"href":"https:\/\/www.buroperiodistico.com.mx\/index.php?rest_route=\/wp\/v2\/users\/1"}],"replies":[{"embeddable":true,"href":"https:\/\/www.buroperiodistico.com.mx\/index.php?rest_route=%2Fwp%2Fv2%2Fcomments&post=203278"}],"version-history":[{"count":1,"href":"https:\/\/www.buroperiodistico.com.mx\/index.php?rest_route=\/wp\/v2\/posts\/203278\/revisions"}],"predecessor-version":[{"id":203285,"href":"https:\/\/www.buroperiodistico.com.mx\/index.php?rest_route=\/wp\/v2\/posts\/203278\/revisions\/203285"}],"wp:featuredmedia":[{"embeddable":true,"href":"https:\/\/www.buroperiodistico.com.mx\/index.php?rest_route=\/wp\/v2\/media\/203284"}],"wp:attachment":[{"href":"https:\/\/www.buroperiodistico.com.mx\/index.php?rest_route=%2Fwp%2Fv2%2Fmedia&parent=203278"}],"wp:term":[{"taxonomy":"category","embeddable":true,"href":"https:\/\/www.buroperiodistico.com.mx\/index.php?rest_route=%2Fwp%2Fv2%2Fcategories&post=203278"},{"taxonomy":"post_tag","embeddable":true,"href":"https:\/\/www.buroperiodistico.com.mx\/index.php?rest_route=%2Fwp%2Fv2%2Ftags&post=203278"}],"curies":[{"name":"wp","href":"https:\/\/api.w.org\/{rel}","templated":true}]}}