{"id":203120,"date":"2026-03-09T00:30:22","date_gmt":"2026-03-09T05:30:22","guid":{"rendered":"https:\/\/www.buroperiodistico.com.mx\/?p=203120"},"modified":"2026-03-09T00:30:22","modified_gmt":"2026-03-09T05:30:22","slug":"con-el-reconocimiento-a-las-mujeres-de-las-fuerzas-armadas-la-presidenta-claudia-sheinbaum-inicia-encuentros-con-quienes-tejen-la-patria","status":"publish","type":"post","link":"https:\/\/www.buroperiodistico.com.mx\/?p=203120","title":{"rendered":"Con el reconocimiento a las mujeres de las Fuerzas Armadas, la Presidenta Claudia Sheinbaum inicia encuentros con quienes tejen la patria"},"content":{"rendered":"<ul>\n<li><strong><em>Senadora Olga Sosa Ruiz, asiste a la ceremonia de Conmemoraci\u00f3n del D\u00eda Internacional.<\/em><\/strong><\/li>\n<\/ul>\n<p><strong><img loading=\"lazy\" decoding=\"async\" class=\" wp-image-203123 alignright\" src=\"https:\/\/www.buroperiodistico.com.mx\/wp-content\/uploads\/2026\/03\/Olgax-2.jpeg\" alt=\"\" width=\"482\" height=\"322\" srcset=\"https:\/\/www.buroperiodistico.com.mx\/wp-content\/uploads\/2026\/03\/Olgax-2.jpeg 1024w, https:\/\/www.buroperiodistico.com.mx\/wp-content\/uploads\/2026\/03\/Olgax-2-300x200.jpeg 300w, https:\/\/www.buroperiodistico.com.mx\/wp-content\/uploads\/2026\/03\/Olgax-2-768x513.jpeg 768w\" sizes=\"auto, (max-width: 482px) 100vw, 482px\" \/>Cdmx (9-Marzo-2026).-<\/strong> La primera mujer presidenta de la Rep\u00fablica y comandanta suprema de las Fuerzas Armadas, Dra. Claudia Sheinbaum Pardo, encabez\u00f3 la ceremonia de conmemoraci\u00f3n con motivo del D\u00eda Internacional en el campo Marte, en la que se\u00f1al\u00f3, \u201csi alguna vez dudan de la grandeza de lo que hacen, recuerden esto: detr\u00e1s de cada paso suyo, late el coraz\u00f3n agradecido de todo un pueblo y de toda una naci\u00f3n. Sigamos avanzando juntas. Sigamos construyendo un M\u00e9xico donde ninguna mujer tenga l\u00edmites; un M\u00e9xico donde la igualdad sea una realidad cotidiana; un M\u00e9xico donde la historia, el talento y la vocaci\u00f3n de cada mujer encuentren siempre un espacio para florecer.\u201d<\/p>\n<p>La senadora tamaulipeca Olga Sosa al asistir a emotiva ceremonia por los derechos, por el reconocimiento y la igualdad, refiri\u00f3 que el mensaje es altamente simb\u00f3lico e inspirador, ahora muchas ni\u00f1as aspiran a servir, con valent\u00eda y disciplina, en las Fuerzas Armadas y en la protecci\u00f3n de nuestra naci\u00f3n. Resalt\u00f3 que la presidenta es motivo de orgullo, al incluir a mujeres hero\u00ednas e impulsoras de las transformaciones de M\u00e9xico en las p\u00e1ginas vivas de la historia, \u201clas mujeres han sido tejedoras de la patria\u201d como Leona Vicario, Margarita Maza, Hermila Galindo, en la independencia, reforma y en la revoluci\u00f3n.<\/p>\n<p>Reconoci\u00f3 la fuerza y visi\u00f3n de la presidenta, record\u00f3 que de los 10 compromisos del 8 Marzo del 2025, pr\u00e1cticamente todos forman parte del legado del segundo piso de la cuarta transformaci\u00f3n: inclusi\u00f3n de efem\u00e9rides, entrega de la cartilla de los derechos de las mujeres, apertura de los centros LIBRES; la senadora Sosa Ru\u00edz agradeci\u00f3 a la presidenta ser inspiraci\u00f3n para ni\u00f1as y ejemplo para mujeres.<\/p>\n<p>La presidenta Claudia Sheinbaum tambi\u00e9n valor\u00f3 el compromiso de las mujeres del ej\u00e9rcito, la marina armada y fuerza a\u00e9rea con M\u00e9xico que las hace portar con orgullo el uniforme. Lealtad, inspiraci\u00f3n total y completa. Al finalizar su intervenci\u00f3n argument\u00f3 que \u201ccuando reconocemos el valor de las mujeres en nuestra historia, en nuestro presente y en nuestro futuro, estamos construyendo un pa\u00eds m\u00e1s justo. Y un pa\u00eds m\u00e1s justo es, sin duda, un pa\u00eds m\u00e1s fuerte. Un pa\u00eds que todos los d\u00edas teje con sus mujeres, libertad, democracia, justicia. Un pa\u00eds que todos los d\u00edas tejemos juntas y juntos, una naci\u00f3n que teje con sus mujeres independencia y soberan\u00eda\u201d<\/p>\n<p><img loading=\"lazy\" decoding=\"async\" class=\"aligncenter size-full wp-image-203121\" src=\"https:\/\/www.buroperiodistico.com.mx\/wp-content\/uploads\/2026\/03\/Olgax-I-2.jpeg\" alt=\"\" width=\"640\" height=\"427\" srcset=\"https:\/\/www.buroperiodistico.com.mx\/wp-content\/uploads\/2026\/03\/Olgax-I-2.jpeg 640w, https:\/\/www.buroperiodistico.com.mx\/wp-content\/uploads\/2026\/03\/Olgax-I-2-300x200.jpeg 300w\" sizes=\"auto, (max-width: 640px) 100vw, 640px\" \/> <img loading=\"lazy\" decoding=\"async\" class=\"aligncenter size-full wp-image-203122\" src=\"https:\/\/www.buroperiodistico.com.mx\/wp-content\/uploads\/2026\/03\/Olgax-II-2.jpeg\" alt=\"\" width=\"640\" height=\"427\" srcset=\"https:\/\/www.buroperiodistico.com.mx\/wp-content\/uploads\/2026\/03\/Olgax-II-2.jpeg 640w, https:\/\/www.buroperiodistico.com.mx\/wp-content\/uploads\/2026\/03\/Olgax-II-2-300x200.jpeg 300w\" sizes=\"auto, (max-width: 640px) 100vw, 640px\" \/><\/p>\n","protected":false},"excerpt":{"rendered":"<p>Senadora Olga Sosa Ruiz, asiste a la ceremonia de Conmemoraci\u00f3n del D\u00eda Internacional. Cdmx (9-Marzo-2026).-&#8230;<\/p>\n","protected":false},"author":1,"featured_media":203123,"comment_status":"closed","ping_status":"closed","sticky":false,"template":"","format":"standard","meta":{"footnotes":"","jetpack_publicize_message":"","jetpack_publicize_feature_enabled":true,"jetpack_social_post_already_shared":true,"jetpack_social_options":{"image_generator_settings":{"template":"highway","default_image_id":0,"font":"","enabled":false},"version":2}},"categories":[11],"tags":[],"class_list":["post-203120","post","type-post","status-publish","format-standard","has-post-thumbnail","hentry","category-nacional"],"jetpack_publicize_connections":[],"_links":{"self":[{"href":"https:\/\/www.buroperiodistico.com.mx\/index.php?rest_route=\/wp\/v2\/posts\/203120","targetHints":{"allow":["GET"]}}],"collection":[{"href":"https:\/\/www.buroperiodistico.com.mx\/index.php?rest_route=\/wp\/v2\/posts"}],"about":[{"href":"https:\/\/www.buroperiodistico.com.mx\/index.php?rest_route=\/wp\/v2\/types\/post"}],"author":[{"embeddable":true,"href":"https:\/\/www.buroperiodistico.com.mx\/index.php?rest_route=\/wp\/v2\/users\/1"}],"replies":[{"embeddable":true,"href":"https:\/\/www.buroperiodistico.com.mx\/index.php?rest_route=%2Fwp%2Fv2%2Fcomments&post=203120"}],"version-history":[{"count":1,"href":"https:\/\/www.buroperiodistico.com.mx\/index.php?rest_route=\/wp\/v2\/posts\/203120\/revisions"}],"predecessor-version":[{"id":203124,"href":"https:\/\/www.buroperiodistico.com.mx\/index.php?rest_route=\/wp\/v2\/posts\/203120\/revisions\/203124"}],"wp:featuredmedia":[{"embeddable":true,"href":"https:\/\/www.buroperiodistico.com.mx\/index.php?rest_route=\/wp\/v2\/media\/203123"}],"wp:attachment":[{"href":"https:\/\/www.buroperiodistico.com.mx\/index.php?rest_route=%2Fwp%2Fv2%2Fmedia&parent=203120"}],"wp:term":[{"taxonomy":"category","embeddable":true,"href":"https:\/\/www.buroperiodistico.com.mx\/index.php?rest_route=%2Fwp%2Fv2%2Fcategories&post=203120"},{"taxonomy":"post_tag","embeddable":true,"href":"https:\/\/www.buroperiodistico.com.mx\/index.php?rest_route=%2Fwp%2Fv2%2Ftags&post=203120"}],"curies":[{"name":"wp","href":"https:\/\/api.w.org\/{rel}","templated":true}]}}