{"id":202066,"date":"2026-03-02T12:02:48","date_gmt":"2026-03-02T18:02:48","guid":{"rendered":"https:\/\/www.buroperiodistico.com.mx\/?p=202066"},"modified":"2026-03-02T12:02:48","modified_gmt":"2026-03-02T18:02:48","slug":"prieto-respalda-a-villarreal-no-es-tiempo-electoral-es-tiempo-de-trabajar","status":"publish","type":"post","link":"https:\/\/www.buroperiodistico.com.mx\/?p=202066","title":{"rendered":"Prieto Respalda a Villarreal: \u00abNo es tiempo electoral, es tiempo de trabajar\u00bb"},"content":{"rendered":"<p><em><strong><img loading=\"lazy\" decoding=\"async\" class=\" wp-image-202067 alignright\" src=\"https:\/\/www.buroperiodistico.com.mx\/wp-content\/uploads\/2026\/03\/Hpx.jpeg\" alt=\"\" width=\"597\" height=\"372\" srcset=\"https:\/\/www.buroperiodistico.com.mx\/wp-content\/uploads\/2026\/03\/Hpx.jpeg 1024w, https:\/\/www.buroperiodistico.com.mx\/wp-content\/uploads\/2026\/03\/Hpx-300x187.jpeg 300w, https:\/\/www.buroperiodistico.com.mx\/wp-content\/uploads\/2026\/03\/Hpx-768x479.jpeg 768w\" sizes=\"auto, (max-width: 597px) 100vw, 597px\" \/>Cd. Victoria, Tam (2-Marzo-2026).-<\/strong><\/em> El presidente del Congreso local, Humberto Prieto Herrera, respald\u00f3 el llamado del gobernador Am\u00e9rico Villarreal Anaya a no adelantar los tiempos electorales y mantener la unidad en torno al proyecto de transformaci\u00f3n que encabeza Morena.<\/p>\n<p>En entrevista, el legislador subray\u00f3 que la prioridad debe ser el trabajo legislativo y territorial, sin distraerse en aspiraciones anticipadas. \u201cHay que enfocarnos en nuestra chamba\u201d, afirm\u00f3, al insistir en que la cercan\u00eda con la ciudadan\u00eda no debe confundirse con promoci\u00f3n pol\u00edtica.<\/p>\n<p>Prieto Herrera defendi\u00f3 que las y los diputados regresen a sus distritos, recorran colonias y atiendan peticiones. Sostuvo que cumplir compromisos de campa\u00f1a y gestionar apoyos forma parte de la responsabilidad p\u00fablica, no de una estrategia electoral adelantada.<\/p>\n<p>\u201cSi no vas a las colonias, te reclaman; si vas, dicen que te promocionas\u201d, plante\u00f3, al se\u00f1alar que la presencia en territorio responde a exigencias ciudadanas y no a intereses personales.<\/p>\n<p>El l\u00edder del Poder Legislativo asegur\u00f3 que en el Congreso no observa una carrera anticipada por alcald\u00edas u otros cargos. Afirm\u00f3 que ve a diputadas y diputados concentrados en su trabajo y alineados con el proyecto nacional que impulsa la presidenta Claudia Sheinbaum Pardo.<\/p>\n<p>Finalmente, reiter\u00f3 el llamado a la unidad interna y a mantener el foco en la agenda legislativa. \u201cYa vendr\u00e1n los tiempos electorales; hoy es momento de trabajar y fortalecer el proyecto de la transformaci\u00f3n\u201d, concluy\u00f3.<\/p>\n","protected":false},"excerpt":{"rendered":"<p>Cd. Victoria, Tam (2-Marzo-2026).- El presidente del Congreso local, Humberto Prieto Herrera, respald\u00f3 el llamado&#8230;<\/p>\n","protected":false},"author":1,"featured_media":202067,"comment_status":"closed","ping_status":"closed","sticky":false,"template":"","format":"standard","meta":{"footnotes":"","jetpack_publicize_message":"","jetpack_publicize_feature_enabled":true,"jetpack_social_post_already_shared":true,"jetpack_social_options":{"image_generator_settings":{"template":"highway","default_image_id":0,"font":"","enabled":false},"version":2}},"categories":[17],"tags":[],"class_list":["post-202066","post","type-post","status-publish","format-standard","has-post-thumbnail","hentry","category-ciudadvictoria"],"jetpack_publicize_connections":[],"_links":{"self":[{"href":"https:\/\/www.buroperiodistico.com.mx\/index.php?rest_route=\/wp\/v2\/posts\/202066","targetHints":{"allow":["GET"]}}],"collection":[{"href":"https:\/\/www.buroperiodistico.com.mx\/index.php?rest_route=\/wp\/v2\/posts"}],"about":[{"href":"https:\/\/www.buroperiodistico.com.mx\/index.php?rest_route=\/wp\/v2\/types\/post"}],"author":[{"embeddable":true,"href":"https:\/\/www.buroperiodistico.com.mx\/index.php?rest_route=\/wp\/v2\/users\/1"}],"replies":[{"embeddable":true,"href":"https:\/\/www.buroperiodistico.com.mx\/index.php?rest_route=%2Fwp%2Fv2%2Fcomments&post=202066"}],"version-history":[{"count":1,"href":"https:\/\/www.buroperiodistico.com.mx\/index.php?rest_route=\/wp\/v2\/posts\/202066\/revisions"}],"predecessor-version":[{"id":202068,"href":"https:\/\/www.buroperiodistico.com.mx\/index.php?rest_route=\/wp\/v2\/posts\/202066\/revisions\/202068"}],"wp:featuredmedia":[{"embeddable":true,"href":"https:\/\/www.buroperiodistico.com.mx\/index.php?rest_route=\/wp\/v2\/media\/202067"}],"wp:attachment":[{"href":"https:\/\/www.buroperiodistico.com.mx\/index.php?rest_route=%2Fwp%2Fv2%2Fmedia&parent=202066"}],"wp:term":[{"taxonomy":"category","embeddable":true,"href":"https:\/\/www.buroperiodistico.com.mx\/index.php?rest_route=%2Fwp%2Fv2%2Fcategories&post=202066"},{"taxonomy":"post_tag","embeddable":true,"href":"https:\/\/www.buroperiodistico.com.mx\/index.php?rest_route=%2Fwp%2Fv2%2Ftags&post=202066"}],"curies":[{"name":"wp","href":"https:\/\/api.w.org\/{rel}","templated":true}]}}