{"id":200519,"date":"2026-02-19T14:57:52","date_gmt":"2026-02-19T20:57:52","guid":{"rendered":"https:\/\/www.buroperiodistico.com.mx\/?p=200519"},"modified":"2026-02-19T14:57:52","modified_gmt":"2026-02-19T20:57:52","slug":"fortalece-stps-movilidad-laboral-32-personas-colocadas-de-enero-de-2026-a-la-fecha","status":"publish","type":"post","link":"https:\/\/www.buroperiodistico.com.mx\/?p=200519","title":{"rendered":"Fortalece STPS movilidad laboral; 32 personas colocadas de enero de 2026 a la fecha"},"content":{"rendered":"<p><em><strong><img loading=\"lazy\" decoding=\"async\" class=\" wp-image-200522 alignright\" src=\"https:\/\/www.buroperiodistico.com.mx\/wp-content\/uploads\/2026\/02\/STRfecha.jpeg\" alt=\"\" width=\"474\" height=\"267\" srcset=\"https:\/\/www.buroperiodistico.com.mx\/wp-content\/uploads\/2026\/02\/STRfecha.jpeg 1024w, https:\/\/www.buroperiodistico.com.mx\/wp-content\/uploads\/2026\/02\/STRfecha-300x169.jpeg 300w, https:\/\/www.buroperiodistico.com.mx\/wp-content\/uploads\/2026\/02\/STRfecha-768x433.jpeg 768w\" sizes=\"auto, (max-width: 474px) 100vw, 474px\" \/>Ciudad Victoria, Tamaulipas (19-Febrero-2026).-<\/strong><\/em> La Secretar\u00eda del Trabajo y Previsi\u00f3n Social del Estado dio a conocer que, de enero de 2026 a la fecha, un total de 32 personas han sido colocadas en empleos formales a trav\u00e9s del programa de Movilidad Laboral, estrategia que vincula de manera efectiva a trabajadores tamaulipecos con oportunidades productivas en el sector agr\u00edcola y otros sectores estrat\u00e9gicos.<\/p>\n<p>El secretario del Trabajo y Previsi\u00f3n Social, Luis Gerardo Illoldi Reyes, destac\u00f3 que estos resultados reflejan el compromiso permanente de la dependencia por ampliar las oportunidades de empleo digno y seguro para la poblaci\u00f3n, mediante mecanismos de vinculaci\u00f3n que garantizan condiciones laborales formales y con apego a la ley.<\/p>\n<p>Subray\u00f3 que la movilidad laboral representa una alternativa real para quienes buscan mejorar sus ingresos y calidad de vida.<\/p>\n<p>A trav\u00e9s de este programa, la dependencia facilita el proceso de reclutamiento, orientaci\u00f3n y acompa\u00f1amiento de las y los trabajadores, asegurando que las vacantes ofertadas cumplan con las condiciones establecidas por la normatividad laboral vigente.<\/p>\n<p>Asimismo, se brinda informaci\u00f3n clara sobre salarios, prestaciones y duraci\u00f3n de los contratos.<\/p>\n<p>La Secretar\u00eda del Trabajo y Previsi\u00f3n Social inform\u00f3 que los trabajos de movilidad contin\u00faan desarroll\u00e1ndose de manera constante, fortaleciendo la coordinaci\u00f3n con empresas y productores que demandan mano de obra formal, lo que permite ampliar el alcance del programa en beneficio de m\u00e1s familias tamaulipecas.<\/p>\n<p>Illoldi Reyes dijo que la STPS, seguir\u00e1 generando oportunidades laborales bajo la visi\u00f3n del gobierno humanista y de la transformaci\u00f3n que encabeza el gobernador Am\u00e9rico Villarreal Anaya, priorizando el bienestar y el desarrollo integral de las y los trabajadores de Tamaulipas.<\/p>\n","protected":false},"excerpt":{"rendered":"<p>Ciudad Victoria, Tamaulipas (19-Febrero-2026).- La Secretar\u00eda del Trabajo y Previsi\u00f3n Social del Estado dio a&#8230;<\/p>\n","protected":false},"author":1,"featured_media":200521,"comment_status":"closed","ping_status":"closed","sticky":false,"template":"","format":"standard","meta":{"footnotes":"","jetpack_publicize_message":"","jetpack_publicize_feature_enabled":true,"jetpack_social_post_already_shared":true,"jetpack_social_options":{"image_generator_settings":{"template":"highway","default_image_id":0,"font":"","enabled":false},"version":2}},"categories":[10],"tags":[],"class_list":["post-200519","post","type-post","status-publish","format-standard","has-post-thumbnail","hentry","category-tamaulipas"],"jetpack_publicize_connections":[],"_links":{"self":[{"href":"https:\/\/www.buroperiodistico.com.mx\/index.php?rest_route=\/wp\/v2\/posts\/200519","targetHints":{"allow":["GET"]}}],"collection":[{"href":"https:\/\/www.buroperiodistico.com.mx\/index.php?rest_route=\/wp\/v2\/posts"}],"about":[{"href":"https:\/\/www.buroperiodistico.com.mx\/index.php?rest_route=\/wp\/v2\/types\/post"}],"author":[{"embeddable":true,"href":"https:\/\/www.buroperiodistico.com.mx\/index.php?rest_route=\/wp\/v2\/users\/1"}],"replies":[{"embeddable":true,"href":"https:\/\/www.buroperiodistico.com.mx\/index.php?rest_route=%2Fwp%2Fv2%2Fcomments&post=200519"}],"version-history":[{"count":1,"href":"https:\/\/www.buroperiodistico.com.mx\/index.php?rest_route=\/wp\/v2\/posts\/200519\/revisions"}],"predecessor-version":[{"id":200523,"href":"https:\/\/www.buroperiodistico.com.mx\/index.php?rest_route=\/wp\/v2\/posts\/200519\/revisions\/200523"}],"wp:featuredmedia":[{"embeddable":true,"href":"https:\/\/www.buroperiodistico.com.mx\/index.php?rest_route=\/wp\/v2\/media\/200521"}],"wp:attachment":[{"href":"https:\/\/www.buroperiodistico.com.mx\/index.php?rest_route=%2Fwp%2Fv2%2Fmedia&parent=200519"}],"wp:term":[{"taxonomy":"category","embeddable":true,"href":"https:\/\/www.buroperiodistico.com.mx\/index.php?rest_route=%2Fwp%2Fv2%2Fcategories&post=200519"},{"taxonomy":"post_tag","embeddable":true,"href":"https:\/\/www.buroperiodistico.com.mx\/index.php?rest_route=%2Fwp%2Fv2%2Ftags&post=200519"}],"curies":[{"name":"wp","href":"https:\/\/api.w.org\/{rel}","templated":true}]}}