{"id":200429,"date":"2026-02-18T20:48:38","date_gmt":"2026-02-19T02:48:38","guid":{"rendered":"https:\/\/www.buroperiodistico.com.mx\/?p=200429"},"modified":"2026-02-18T20:48:49","modified_gmt":"2026-02-19T02:48:49","slug":"respalda-semar-desarrollo-del-puerto-del-norte-en-matamoros","status":"publish","type":"post","link":"https:\/\/www.buroperiodistico.com.mx\/?p=200429","title":{"rendered":"Respalda SEMAR desarrollo del Puerto del Norte en Matamoros"},"content":{"rendered":"<ul>\n<li><strong><em>Acuerdan Am\u00e9rico Villarreal y el almirante Raymundo Pedro Morales \u00c1ngeles, consolidar la transformaci\u00f3n de ese proyecto estrat\u00e9gico<\/em><\/strong><\/li>\n<\/ul>\n<p><strong><img loading=\"lazy\" decoding=\"async\" class=\"size-full wp-image-200430 alignright\" src=\"https:\/\/www.buroperiodistico.com.mx\/wp-content\/uploads\/2026\/02\/RespaldaSEMAR-I.jpeg\" alt=\"\" width=\"640\" height=\"480\" srcset=\"https:\/\/www.buroperiodistico.com.mx\/wp-content\/uploads\/2026\/02\/RespaldaSEMAR-I.jpeg 640w, https:\/\/www.buroperiodistico.com.mx\/wp-content\/uploads\/2026\/02\/RespaldaSEMAR-I-300x225.jpeg 300w\" sizes=\"auto, (max-width: 640px) 100vw, 640px\" \/>Ciudad de M\u00e9xico (18-Febrero-2026).-<\/strong> El desarrollo del Puerto del Norte, en Matamoros, es una prioridad nacional y seguir\u00e1 contando con todo el respaldo de la Secretar\u00eda de Marina para consolidar la transformaci\u00f3n de este proyecto estrat\u00e9gico, acordaron el gobernador de Tamaulipas, Am\u00e9rico Villarreal Anaya, y el almirante Raymundo Pedro Morales \u00c1ngeles.<\/p>\n<p>Durante una reuni\u00f3n de trabajo con el mandatario tamaulipeco, el titular de SEMAR reconoci\u00f3 que la dependencia a su cargo seguir\u00e1 trabajando tambi\u00e9n en las tareas de dragado del Puerto del Norte y respaldar\u00e1 la obra ferroviaria que se tiene prevista para contribuir al desarrollo de las operaciones portuarias.<\/p>\n<p>El ejecutivo estatal destac\u00f3 que el Puerto de Matamoros ha recibido ya las primeras embarcaciones y que se llevan a cabo nuevas acciones de infraestructura, lo que permite a Tamaulipas contar con el tercer puerto de altura, adem\u00e1s de Tampico y Altamira, y convertirse en una puerta m\u00e1s segura y eficiente al comercio exterior mexicano y en la primera frontera mar\u00edtima del pa\u00eds.<\/p>\n","protected":false},"excerpt":{"rendered":"<p>Acuerdan Am\u00e9rico Villarreal y el almirante Raymundo Pedro Morales \u00c1ngeles, consolidar la transformaci\u00f3n de ese&#8230;<\/p>\n","protected":false},"author":1,"featured_media":200431,"comment_status":"closed","ping_status":"closed","sticky":false,"template":"","format":"standard","meta":{"footnotes":"","jetpack_publicize_message":"","jetpack_publicize_feature_enabled":true,"jetpack_social_post_already_shared":true,"jetpack_social_options":{"image_generator_settings":{"template":"highway","default_image_id":0,"font":"","enabled":false},"version":2}},"categories":[25,10],"tags":[],"class_list":["post-200429","post","type-post","status-publish","format-standard","has-post-thumbnail","hentry","category-portada","category-tamaulipas"],"jetpack_publicize_connections":[],"_links":{"self":[{"href":"https:\/\/www.buroperiodistico.com.mx\/index.php?rest_route=\/wp\/v2\/posts\/200429","targetHints":{"allow":["GET"]}}],"collection":[{"href":"https:\/\/www.buroperiodistico.com.mx\/index.php?rest_route=\/wp\/v2\/posts"}],"about":[{"href":"https:\/\/www.buroperiodistico.com.mx\/index.php?rest_route=\/wp\/v2\/types\/post"}],"author":[{"embeddable":true,"href":"https:\/\/www.buroperiodistico.com.mx\/index.php?rest_route=\/wp\/v2\/users\/1"}],"replies":[{"embeddable":true,"href":"https:\/\/www.buroperiodistico.com.mx\/index.php?rest_route=%2Fwp%2Fv2%2Fcomments&post=200429"}],"version-history":[{"count":1,"href":"https:\/\/www.buroperiodistico.com.mx\/index.php?rest_route=\/wp\/v2\/posts\/200429\/revisions"}],"predecessor-version":[{"id":200432,"href":"https:\/\/www.buroperiodistico.com.mx\/index.php?rest_route=\/wp\/v2\/posts\/200429\/revisions\/200432"}],"wp:featuredmedia":[{"embeddable":true,"href":"https:\/\/www.buroperiodistico.com.mx\/index.php?rest_route=\/wp\/v2\/media\/200431"}],"wp:attachment":[{"href":"https:\/\/www.buroperiodistico.com.mx\/index.php?rest_route=%2Fwp%2Fv2%2Fmedia&parent=200429"}],"wp:term":[{"taxonomy":"category","embeddable":true,"href":"https:\/\/www.buroperiodistico.com.mx\/index.php?rest_route=%2Fwp%2Fv2%2Fcategories&post=200429"},{"taxonomy":"post_tag","embeddable":true,"href":"https:\/\/www.buroperiodistico.com.mx\/index.php?rest_route=%2Fwp%2Fv2%2Ftags&post=200429"}],"curies":[{"name":"wp","href":"https:\/\/api.w.org\/{rel}","templated":true}]}}