{"id":200427,"date":"2026-02-18T20:40:50","date_gmt":"2026-02-19T02:40:50","guid":{"rendered":"https:\/\/www.buroperiodistico.com.mx\/?p=200427"},"modified":"2026-02-18T20:40:50","modified_gmt":"2026-02-19T02:40:50","slug":"agenda-fronteriza-por-humberto-gutierrez-693","status":"publish","type":"post","link":"https:\/\/www.buroperiodistico.com.mx\/?p=200427","title":{"rendered":"AGENDA FRONTERIZA\/ POR HUMBERTO GUTIERREZ"},"content":{"rendered":"<p style=\"text-align: center;\"><em><strong>SIGUE SIN HABER CORRIDO PARA CDV<\/strong><\/em><\/p>\n<p><em><strong>(18-Febrero-2026).-<\/strong><\/em> El uso de la Inteligencia Artificial (IA) est\u00e1 haciendo muchos males en materia de comunicaci\u00f3n, desinformar parece ser la meta, el objetivo producto de la revoluci\u00f3n tecnol\u00f3gica, produce una inmediatez de la noticia real para desvirtuarla con personajes y voces clonadas, escenarios que parecen reales utilizadas para defenderse del sistema judicial o ataques para desvirtuar y\/o malinterpretar la imagen p\u00fablica, sobre todo, de personajes de vida p\u00fablica.<\/p>\n<p>En ese sentido, el caso es que en tema de Cabeza de Vaca existen voces, reales o creadas, im\u00e1genes, reales o creadas que difunden en escenarios creados, alguna condici\u00f3n o situaci\u00f3n desinformando a mundo y medio.<\/p>\n<p>\u00bfQue hay de cierto?<\/p>\n<p>Lo m\u00e1s sensato es escuchar a las voces documentadas que tienen un inter\u00e9s real es dar a conocer su punto de vista.<\/p>\n<p>No hay nada m\u00e1s cierto que escucharlo de viva voz, en persona, face to face, para evitar cacofon\u00edas.<\/p>\n<p>Escuch\u00e9 con atenci\u00f3n la rueda de prensa que me invit\u00f3 la presidenta estatal del Movimiento de Regeneraci\u00f3n Nacional, LUPITA G\u00d3MEZ NU\u00d1EZ sobre el caso del exgobernador de Tamaulipas y su posible extradici\u00f3n a M\u00e9xico.<\/p>\n<p>Dijo que toda persona debe responder ante la ley y que los asuntos deben resolverse en tribunales y que el proceso del exgobernador Francisco Garc\u00eda Cabeza de Vaca, habla de una realidad: Y hoy queda claro que durante a\u00f1os intentaron burlar la justicia.<\/p>\n<p>A manera de ejemplo cita la resoluci\u00f3n de hace unos d\u00edas del Tribunal de Disciplina Judicial en la Suprema Corte de Justicia de la Naci\u00f3n (SCJN) confirma que hubo un juez que actu\u00f3 ilegalmente para proteger al exgobernador FGCV, y no fue por error ni confusi\u00f3n, fue una actuaci\u00f3n parcial que obstaculiz\u00f3 la justicia durante cuatro a\u00f1os y hoy est\u00e1n inhabilitado.<\/p>\n<p>\u201cMientras el pueblo exig\u00eda cuentas con la justicia, jueces corruptos dictaban suspensiones judiciales que frenaban procesos que interfer\u00edan el proceso y que pretend\u00edan devolver derechos pol\u00edticos a quien enfrenta \u00f3rdenes de aprehensi\u00f3n por delitos graves y eso tiene nombre, red de corrupci\u00f3n y hoy esa red comienza a caer\u201d. Dijo la l\u00edder del Partido Morena.<\/p>\n<p>A\u00f1adi\u00f3 con firmeza: \u00abLa inhabilitaci\u00f3n del juez es una se\u00f1al de que el pa\u00eds est\u00e1 cambiando; La impunidad no puede ser eterna, La justicia no puede servir a intereses de grupos en Morena lo decimos claro, nadie est\u00e1 por encima de la ley, ni exgobernadores, ni jueces, ni funcionarios, si hubo complicidad, que se investigue.<\/p>\n<p>La transformaci\u00f3n significa limpiar las instituciones. y Tamaulipas merece un poder judicial que sirva al pueblo, no a intereses particulares. La justicia tarda, pero llega, y cuando llega marca un antes y un despu\u00e9s \u00ab.<\/p>\n<p>Por lo pronto, el caso CdV, mantiene zozobra en la clase pol\u00edtica de Tamaulipas.<\/p>\n<p>Y sigue sin haber corrido para Cabeza.<\/p>\n<p>Hay muy buena relaci\u00f3n de colaboraci\u00f3n entre las autoridades mexicanas y americanas, se juega con el T-MEC la consolidaci\u00f3n de los mercados en que occidente quiere ser el l\u00edder.<\/p>\n<p>Basado en estos antecedentes de colaboraci\u00f3n no se duda que pronto veremos a CdV en M\u00e9xico.<\/p>\n<p>De Cabeza de Vaca hay muchos que lo acusan, los amigos que los utiliz\u00f3 como gente de uso para llevarlo a ocupar la gubernatura de Tamaulipas, a\u00fan sus vecinos en la ciudad del Valle de Texas se expresan mal, de los panistas sobresalientes nada m\u00e1s quedaron sus empleados neopanistas, los otros, los panistas originales optaron por el resguardo a esperar los tiempos justicieros, lo esperan pronto.<\/p>\n<p>Vaya, hasta se enoj\u00f3 con el Presidente AMLO. \u00bflo recuerdan?<\/p>\n<p>Se dice que CdV est\u00e1 solo con sus achichinques que les cambio la vida, los que ahora despliegan perfume caro.<\/p>\n<p>En noticias agradables que ven por el desarrollo econ\u00f3mico de Tamaulipas, que est\u00e1n generando empleos y bienestar para sus habitantes.<\/p>\n<p>Les comento el antecedente:<\/p>\n<p>La Presidenta CLAUDIA SHEINBAUM y el Gobernador AMERICO VILLARREAL ven que Tamaulipas es la puerta de M\u00e9xico con Estados Unidos, el punto m\u00e1s cercano para el tr\u00e1nsito de mercanc\u00edas por tierra, de tal manera se percibe que todas, todas las carreteras de todas las regiones productivas, conducen a Tamaulipas.<\/p>\n<p>Y la zona sur, ni se diga.<\/p>\n<p>Que Tamaulipas sea considerado un polo de desarrollo estrat\u00e9gico por el equipo econ\u00f3mico de la Presidenta el gobernador y el secretario de econom\u00eda federal firmaron un acuerdo con sus respectivos equipos de trabajo tendientes a agilizar ese macro acuerdo de impulsar los proyectos que detonar\u00e1n el desarrollo econ\u00f3mico de las regiones del estado.<\/p>\n<p>Como el Puerto Interior de Ciudad Victoria y el Puerto Norte de Matamoros, piezas clave para potenciar la vocaci\u00f3n log\u00edstica, industrial y comercial de Tamaulipas.<\/p>\n<p>Que se de este paso es muy importante, debemos comentar los comunicadores la relaci\u00f3n institucional se estrecha cuando consolida una visi\u00f3n compartida y productiva para generar empleos mejor pagados y fortalecer las cadenas de valor.<\/p>\n<p>La UAT mantiene una cercan\u00eda constante y efectiva para apoyar los esfuerzos para el desarrollo econ\u00f3mico de las regiones de Tamaulipas, es por ello que ha establecido un compromiso con la formaci\u00f3n de estudiantes con m\u00e1s competencias en el mercado laboral.<\/p>\n<p>Bien que sabe el Rector DAMASO ANAYA que en la actualidad ya no va el que se suba primero, sino el que toma mejores decisiones.<\/p>\n<p>Una noticia buena es conocer que en la ciudad capital ya no habr\u00e1 tandeos de agua mientras las fuentes de abastecimiento sean suficientes en el suministro diario.<\/p>\n<p>Hay tanta agua que existen demasiadas fugas.<\/p>\n<p>Pero la administraci\u00f3n de LALO GATTAS sigue sufriendo en las calles por las fugas de agua que no se controlan.<\/p>\n<p>El reporte indica que m\u00e1s 550 fugas de agua afean la ciudad, m\u00e1s de una por colonia.<\/p>\n<p>AGENDA FRONTERIZA es una colaboraci\u00f3n de temas relacionados con el desarrollo econ\u00f3mico del estado de Tamaulipas y sus municipios. Se distribuye a trav\u00e9s de la Agencia Informaci\u00f3n y An\u00e1lisis Estad\u00edstico.<\/p>\n<p>MI CORREO: humbertografico@yahoo.com.mx<\/p>\n","protected":false},"excerpt":{"rendered":"<p>SIGUE SIN HABER CORRIDO PARA CDV (18-Febrero-2026).- El uso de la Inteligencia Artificial (IA) est\u00e1&#8230;<\/p>\n","protected":false},"author":1,"featured_media":149410,"comment_status":"closed","ping_status":"closed","sticky":false,"template":"","format":"standard","meta":{"footnotes":"","jetpack_publicize_message":"","jetpack_publicize_feature_enabled":true,"jetpack_social_post_already_shared":true,"jetpack_social_options":{"image_generator_settings":{"template":"highway","default_image_id":0,"font":"","enabled":false},"version":2}},"categories":[23],"tags":[],"class_list":["post-200427","post","type-post","status-publish","format-standard","has-post-thumbnail","hentry","category-columnas"],"jetpack_publicize_connections":[],"_links":{"self":[{"href":"https:\/\/www.buroperiodistico.com.mx\/index.php?rest_route=\/wp\/v2\/posts\/200427","targetHints":{"allow":["GET"]}}],"collection":[{"href":"https:\/\/www.buroperiodistico.com.mx\/index.php?rest_route=\/wp\/v2\/posts"}],"about":[{"href":"https:\/\/www.buroperiodistico.com.mx\/index.php?rest_route=\/wp\/v2\/types\/post"}],"author":[{"embeddable":true,"href":"https:\/\/www.buroperiodistico.com.mx\/index.php?rest_route=\/wp\/v2\/users\/1"}],"replies":[{"embeddable":true,"href":"https:\/\/www.buroperiodistico.com.mx\/index.php?rest_route=%2Fwp%2Fv2%2Fcomments&post=200427"}],"version-history":[{"count":1,"href":"https:\/\/www.buroperiodistico.com.mx\/index.php?rest_route=\/wp\/v2\/posts\/200427\/revisions"}],"predecessor-version":[{"id":200428,"href":"https:\/\/www.buroperiodistico.com.mx\/index.php?rest_route=\/wp\/v2\/posts\/200427\/revisions\/200428"}],"wp:featuredmedia":[{"embeddable":true,"href":"https:\/\/www.buroperiodistico.com.mx\/index.php?rest_route=\/wp\/v2\/media\/149410"}],"wp:attachment":[{"href":"https:\/\/www.buroperiodistico.com.mx\/index.php?rest_route=%2Fwp%2Fv2%2Fmedia&parent=200427"}],"wp:term":[{"taxonomy":"category","embeddable":true,"href":"https:\/\/www.buroperiodistico.com.mx\/index.php?rest_route=%2Fwp%2Fv2%2Fcategories&post=200427"},{"taxonomy":"post_tag","embeddable":true,"href":"https:\/\/www.buroperiodistico.com.mx\/index.php?rest_route=%2Fwp%2Fv2%2Ftags&post=200427"}],"curies":[{"name":"wp","href":"https:\/\/api.w.org\/{rel}","templated":true}]}}