{"id":200185,"date":"2026-02-17T14:22:21","date_gmt":"2026-02-17T20:22:21","guid":{"rendered":"https:\/\/www.buroperiodistico.com.mx\/?p=200185"},"modified":"2026-02-17T14:22:21","modified_gmt":"2026-02-17T20:22:21","slug":"con-gran-exito-celebran-el-festival-musical-juntos-en-armonia-en-nuevo-laredo","status":"publish","type":"post","link":"https:\/\/www.buroperiodistico.com.mx\/?p=200185","title":{"rendered":"CON GRAN \u00c9XITO CELEBRAN EL FESTIVAL MUSICAL \u201cJUNTOS EN ARMON\u00cdA\u201d EN NUEVO LAREDO"},"content":{"rendered":"<p dir=\"ltr\"><em><strong><img loading=\"lazy\" decoding=\"async\" class=\" wp-image-200188 alignright\" src=\"https:\/\/www.buroperiodistico.com.mx\/wp-content\/uploads\/2026\/02\/CONCIERTOx.jpg\" alt=\"\" width=\"509\" height=\"298\" srcset=\"https:\/\/www.buroperiodistico.com.mx\/wp-content\/uploads\/2026\/02\/CONCIERTOx.jpg 1024w, https:\/\/www.buroperiodistico.com.mx\/wp-content\/uploads\/2026\/02\/CONCIERTOx-300x176.jpg 300w, https:\/\/www.buroperiodistico.com.mx\/wp-content\/uploads\/2026\/02\/CONCIERTOx-768x450.jpg 768w\" sizes=\"auto, (max-width: 509px) 100vw, 509px\" \/>Nuevo Laredo, Tam (17-Febrero-2026).-<\/strong><\/em> En un ambiente lleno de romanticismo y sensibilidad art\u00edstica, la Direcci\u00f3n de Arte y Cultura llev\u00f3 a cabo con gran \u00e9xito el Festival Musical \u201cJuntos en Armon\u00eda\u201d, como parte de las actividades organizadas para que las familias neolaredenses celebraran el D\u00eda de San Valent\u00edn.<\/p>\n<p dir=\"ltr\">La velada se realiz\u00f3 en la Sala Sergio Pe\u00f1a, que luci\u00f3 completamente llena, consolid\u00e1ndose como un espacio de encuentro para quienes disfrutan de la m\u00fasica rom\u00e1ntica y las expresiones culturales que fortalecen el tejido social.<\/p>\n<p dir=\"ltr\">El escenario fue engalanado por la Rondalla Romances de Nuevo Laredo, la Rondalla Un Nuevo Amor y el grupo femenil \u201cEllas en Armon\u00eda\u201d del IMSS, quienes ofrecieron un repertorio cuidadosamente seleccionado con interpretaciones que evocaron recuerdos, emociones y aplausos constantes del p\u00fablico asistente.<\/p>\n<p dir=\"ltr\">Durante la noche, las y los espectadores disfrutaron de canciones que tocaron el coraz\u00f3n de todas y todos, en un ambiente de convivencia sana, armon\u00eda y celebraci\u00f3n del amor y la amistad.<\/p>\n<p dir=\"ltr\">Con este tipo de actividades, la Direcci\u00f3n de Arte y Cultura refrenda su compromiso de promover espacios culturales accesibles para la comunidad, impulsando el talento local y fomentando la participaci\u00f3n de las familias en eventos que enriquecen la vida cultural de la ciudad.<\/p>\n<p dir=\"ltr\"><img loading=\"lazy\" decoding=\"async\" class=\"aligncenter size-full wp-image-200186\" src=\"https:\/\/www.buroperiodistico.com.mx\/wp-content\/uploads\/2026\/02\/CONCIERTOx-I.jpg\" alt=\"\" width=\"640\" height=\"428\" srcset=\"https:\/\/www.buroperiodistico.com.mx\/wp-content\/uploads\/2026\/02\/CONCIERTOx-I.jpg 640w, https:\/\/www.buroperiodistico.com.mx\/wp-content\/uploads\/2026\/02\/CONCIERTOx-I-300x201.jpg 300w\" sizes=\"auto, (max-width: 640px) 100vw, 640px\" \/> <img loading=\"lazy\" decoding=\"async\" class=\"aligncenter size-full wp-image-200187\" src=\"https:\/\/www.buroperiodistico.com.mx\/wp-content\/uploads\/2026\/02\/CONCIERTOx-II.jpg\" alt=\"\" width=\"640\" height=\"428\" srcset=\"https:\/\/www.buroperiodistico.com.mx\/wp-content\/uploads\/2026\/02\/CONCIERTOx-II.jpg 640w, https:\/\/www.buroperiodistico.com.mx\/wp-content\/uploads\/2026\/02\/CONCIERTOx-II-300x201.jpg 300w\" sizes=\"auto, (max-width: 640px) 100vw, 640px\" \/><\/p>\n","protected":false},"excerpt":{"rendered":"<p>Nuevo Laredo, Tam (17-Febrero-2026).- En un ambiente lleno de romanticismo y sensibilidad art\u00edstica, la Direcci\u00f3n&#8230;<\/p>\n","protected":false},"author":1,"featured_media":200188,"comment_status":"closed","ping_status":"closed","sticky":false,"template":"","format":"standard","meta":{"footnotes":"","jetpack_publicize_message":"","jetpack_publicize_feature_enabled":true,"jetpack_social_post_already_shared":true,"jetpack_social_options":{"image_generator_settings":{"template":"highway","default_image_id":0,"font":"","enabled":false},"version":2}},"categories":[16],"tags":[],"class_list":["post-200185","post","type-post","status-publish","format-standard","has-post-thumbnail","hentry","category-nuevolaredo"],"jetpack_publicize_connections":[],"_links":{"self":[{"href":"https:\/\/www.buroperiodistico.com.mx\/index.php?rest_route=\/wp\/v2\/posts\/200185","targetHints":{"allow":["GET"]}}],"collection":[{"href":"https:\/\/www.buroperiodistico.com.mx\/index.php?rest_route=\/wp\/v2\/posts"}],"about":[{"href":"https:\/\/www.buroperiodistico.com.mx\/index.php?rest_route=\/wp\/v2\/types\/post"}],"author":[{"embeddable":true,"href":"https:\/\/www.buroperiodistico.com.mx\/index.php?rest_route=\/wp\/v2\/users\/1"}],"replies":[{"embeddable":true,"href":"https:\/\/www.buroperiodistico.com.mx\/index.php?rest_route=%2Fwp%2Fv2%2Fcomments&post=200185"}],"version-history":[{"count":1,"href":"https:\/\/www.buroperiodistico.com.mx\/index.php?rest_route=\/wp\/v2\/posts\/200185\/revisions"}],"predecessor-version":[{"id":200189,"href":"https:\/\/www.buroperiodistico.com.mx\/index.php?rest_route=\/wp\/v2\/posts\/200185\/revisions\/200189"}],"wp:featuredmedia":[{"embeddable":true,"href":"https:\/\/www.buroperiodistico.com.mx\/index.php?rest_route=\/wp\/v2\/media\/200188"}],"wp:attachment":[{"href":"https:\/\/www.buroperiodistico.com.mx\/index.php?rest_route=%2Fwp%2Fv2%2Fmedia&parent=200185"}],"wp:term":[{"taxonomy":"category","embeddable":true,"href":"https:\/\/www.buroperiodistico.com.mx\/index.php?rest_route=%2Fwp%2Fv2%2Fcategories&post=200185"},{"taxonomy":"post_tag","embeddable":true,"href":"https:\/\/www.buroperiodistico.com.mx\/index.php?rest_route=%2Fwp%2Fv2%2Ftags&post=200185"}],"curies":[{"name":"wp","href":"https:\/\/api.w.org\/{rel}","templated":true}]}}