{"id":200130,"date":"2026-02-17T10:38:39","date_gmt":"2026-02-17T16:38:39","guid":{"rendered":"https:\/\/www.buroperiodistico.com.mx\/?p=200130"},"modified":"2026-02-17T10:38:39","modified_gmt":"2026-02-17T16:38:39","slug":"tiempos-de-guerra-por-chano-rangel-497","status":"publish","type":"post","link":"https:\/\/www.buroperiodistico.com.mx\/?p=200130","title":{"rendered":"Tiempos de Guerra\/ Por: Chano Rangel"},"content":{"rendered":"<p style=\"text-align: center;\"><em><strong>\u00a1Cr\u00f3nicas de una tribu!<\/strong><\/em><\/p>\n<p><em><strong>(17-Febrero-2026).-<\/strong><\/em> Si todo pareciera como se ve, entonces la vista esta empezando a fallar, no hay manera de justificar los enfrentamientos internos del gobierno federal, la famosa 4T, si no se pone como base el dinero y el poder, ese maldito dinero, que combinado con lo econ\u00f3mico transforma y trastoca cimientos endebles, como ser visto como redentor (Fern\u00e1ndez Noro\u00f1a) y creerse en si mismo, en una forma de narcisismo pol\u00edtico, como el salvador de la patria.<\/p>\n<p>En la vida como en la pol\u00edtica no hay nada escrito, nada, absolutamente nada puede pasar desapercibido para quien vive en Palacio Nacional, ahora si de manera literal, ah\u00ed vive la mandataria, y vive ah\u00ed por una raz\u00f3n de simbolismo pol\u00edtico, es donde est\u00e1 el epicentro del poder en Mexico, desde que Hernan Cortes decidi\u00f3 construir ese palacio y vivir ah\u00ed, y desde el centro econ\u00f3mico del virreinato ser el todo poderoso de la conquista.<\/p>\n<p>Cortes vivi\u00f3 como rey, no como virrey, tuco mujeres bellas de la clase gobernante azteca y de los reinos que el quiso, tuvo hijos y familia con estas princesas, entonces pedir permiso a una autoridad que est\u00e1 a m\u00e1s de 9 mil kil\u00f3metros, era una nimiedad.<\/p>\n<p>Por eso el ex mandatario L\u00f3pez Obrador, decidi\u00f3 vivir en Palacio Nacional, como centro estrat\u00e9gico de poder, como s\u00edmbolo m\u00e1ximo del poder\u00edo pol\u00edtico, econ\u00f3mico y social, para el cual el ex presidente fomento una narrativa, de Palacio Nacional, argumentando excesos de lujo en la antigua residencia oficial Los Pinos, enclavada en la segunda secci\u00f3n del Bosque de Chapultepec, pero en lujo y excesos solo Palacio nacional esta muy por encima de cualquier residencia oficial, Hernan Cortes la mando construir expresamente para \u00e9l y su demostraci\u00f3n de quien mandaba en la Nueva Espa\u00f1a.<\/p>\n<p>Pero Cortes no someti\u00f3 a las tribus, las hizo sus aliados, sus c\u00f3mplices, emparento y los acerco a ser parte del poder, sobre todo a los descendientes de la familia real azteca, que siguieron gozando de privilegios de alcurnia aun despu\u00e9s de la conquista.<\/p>\n<p>Ahora no pasa lo mismo, el pastel del poder del equipo zurdo a desatado una guerra intr\u00ednseca en el interior del morenismo, sin cabezas y son mano dura, la 4T, depende aun de la debilidad del expresidente, que, con los expedientes abiertos en Estados Unidos, por sus presuntos v\u00ednculos con grupos delincuenciales, este col\u00e9rico y las viejas formas de pol\u00edtica mexicana de no intervenci\u00f3n en asuntos p\u00fablicos de todos los expedientes las ha pasado de largo.<\/p>\n<p>La lucha externa entre buenos y malos a dejado de ser la plataforma de Jes\u00fas Ram\u00edrez Cuevas, jefe de asesores de Claudia Sheinbaum, de Jenaro Villamil, o de Rafael Barajas, porque al grito de s\u00e1lvese quien pueda, las tribus han dejado claro sus verdaderas intenciones, el poder y el dinero, no se comparten, y claro han dejado su filosof\u00eda pol\u00edtica, el neoliberalismo y sus lujos era muy malo, hasta que la izquierda tuvo acceso a esos lujos entonces, solo entonces, lo que era el origen de todos los males del pa\u00eds, se convirti\u00f3 en la peor adaptaci\u00f3n del nuevo sistema mexicano, donde de manera c\u00ednica las tribus internas del poder, no solo se regodean de los lujos, los hacen p\u00fablicos y manifiesta su benepl\u00e1cito por tenerlos, gastarse el dinero que uno gana no es malo dice Noro\u00f1a, es producto de mi trabajo, como lo defiende Luisa Mar\u00eda Alcalde, y ambos en cuesti\u00f3n de semanas pasaron de ser alfiles de la presidenta a ser fichas de reemplazo relegados y poco \u00fatiles en un sistema que se gangrena desde adentro y sus piezas duras y suaves, empiezan a brotar con sus intenciones personales.<\/p>\n<p>Adan Augusto renuncio a la Junta de coordinaci\u00f3n pol\u00edtica del senado, pero no a ser senador, de dejar el esca\u00f1o seria apresado por sus v\u00ednculos con los delincuentes, y eso no es un lujo que se pueda dar el tabasque\u00f1o, que en los pasillos se asegura que es el l\u00edder de la resistencia en contra de la presidenta, y usa el chantaje como forma de negociar espacios pol\u00edticos.<\/p>\n<p>Las tribus est\u00e1n en guerra, y la oposici\u00f3n de espectador.<\/p>\n<p>De Aquello y lo dem\u00e1s\u2026<\/p>\n<p>En Tamaulipas sonaron los tambores, Omar Garc\u00eda Harfuch, el poderoso secretario de seguridad puso en marcha su plan enjambre donde se han ido al agua m\u00e1s de tres alcaldes de ciudades importantes, como el de tequila Jalisco.<\/p>\n<p>Cuando estos problemas surgen en la entidad y por si hace falta distracci\u00f3n, entonces quien m\u00e1s podr\u00e1 ocupar los espacios de la nota roja o amarilla, Francisco Javier Garc\u00eda Cabeza de Vaca, el ex gobernador de la entidad y blanco perfecto para que las miradas se vayan por otro lado.<\/p>\n<p>Hace ya casi 4 a\u00f1os, que Cabeza de Vaca de dejo la m\u00e1xima magistratura de Tamaulipas, pero aun ocupa las primeras planas, aunque en la actualidad ya no le cuestan a su bolsilla, cuando era gobernador tampoco, pero ahora son patrocinadas por sus adversarios pol\u00edticos.<\/p>\n<p>Es cu\u00e1nto.<\/p>\n","protected":false},"excerpt":{"rendered":"<p>\u00a1Cr\u00f3nicas de una tribu! (17-Febrero-2026).- Si todo pareciera como se ve, entonces la vista esta&#8230;<\/p>\n","protected":false},"author":1,"featured_media":149238,"comment_status":"closed","ping_status":"closed","sticky":false,"template":"","format":"standard","meta":{"footnotes":"","jetpack_publicize_message":"","jetpack_publicize_feature_enabled":true,"jetpack_social_post_already_shared":true,"jetpack_social_options":{"image_generator_settings":{"template":"highway","default_image_id":0,"font":"","enabled":false},"version":2}},"categories":[23],"tags":[],"class_list":["post-200130","post","type-post","status-publish","format-standard","has-post-thumbnail","hentry","category-columnas"],"jetpack_publicize_connections":[],"_links":{"self":[{"href":"https:\/\/www.buroperiodistico.com.mx\/index.php?rest_route=\/wp\/v2\/posts\/200130","targetHints":{"allow":["GET"]}}],"collection":[{"href":"https:\/\/www.buroperiodistico.com.mx\/index.php?rest_route=\/wp\/v2\/posts"}],"about":[{"href":"https:\/\/www.buroperiodistico.com.mx\/index.php?rest_route=\/wp\/v2\/types\/post"}],"author":[{"embeddable":true,"href":"https:\/\/www.buroperiodistico.com.mx\/index.php?rest_route=\/wp\/v2\/users\/1"}],"replies":[{"embeddable":true,"href":"https:\/\/www.buroperiodistico.com.mx\/index.php?rest_route=%2Fwp%2Fv2%2Fcomments&post=200130"}],"version-history":[{"count":1,"href":"https:\/\/www.buroperiodistico.com.mx\/index.php?rest_route=\/wp\/v2\/posts\/200130\/revisions"}],"predecessor-version":[{"id":200131,"href":"https:\/\/www.buroperiodistico.com.mx\/index.php?rest_route=\/wp\/v2\/posts\/200130\/revisions\/200131"}],"wp:featuredmedia":[{"embeddable":true,"href":"https:\/\/www.buroperiodistico.com.mx\/index.php?rest_route=\/wp\/v2\/media\/149238"}],"wp:attachment":[{"href":"https:\/\/www.buroperiodistico.com.mx\/index.php?rest_route=%2Fwp%2Fv2%2Fmedia&parent=200130"}],"wp:term":[{"taxonomy":"category","embeddable":true,"href":"https:\/\/www.buroperiodistico.com.mx\/index.php?rest_route=%2Fwp%2Fv2%2Fcategories&post=200130"},{"taxonomy":"post_tag","embeddable":true,"href":"https:\/\/www.buroperiodistico.com.mx\/index.php?rest_route=%2Fwp%2Fv2%2Ftags&post=200130"}],"curies":[{"name":"wp","href":"https:\/\/api.w.org\/{rel}","templated":true}]}}