{"id":200110,"date":"2026-02-16T18:41:55","date_gmt":"2026-02-17T00:41:55","guid":{"rendered":"https:\/\/www.buroperiodistico.com.mx\/?p=200110"},"modified":"2026-02-16T18:41:55","modified_gmt":"2026-02-17T00:41:55","slug":"fortalece-secretaria-de-finanzas-la-coordinacion-interna-para-brindar-atencion-humanista-y-eficiente-al-contribuyente","status":"publish","type":"post","link":"https:\/\/www.buroperiodistico.com.mx\/?p=200110","title":{"rendered":"Fortalece Secretar\u00eda de Finanzas la coordinaci\u00f3n interna para brindar atenci\u00f3n humanista y eficiente al contribuyente"},"content":{"rendered":"<ul>\n<li><strong><em>\u201cLa instrucci\u00f3n de nuestro gobernador es brindar siempre un servicio humanista y de calidad a las y los tamaulipecos\u201d, se\u00f1al\u00f3 el secretario de Finanzas, Carlos Ir\u00e1n Ram\u00edrez Gonz\u00e1lez<\/em><\/strong><\/li>\n<\/ul>\n<p><strong><img loading=\"lazy\" decoding=\"async\" class=\" wp-image-200112 alignright\" src=\"https:\/\/www.buroperiodistico.com.mx\/wp-content\/uploads\/2026\/02\/SFTcontribuyente.jpeg\" alt=\"\" width=\"405\" height=\"245\" srcset=\"https:\/\/www.buroperiodistico.com.mx\/wp-content\/uploads\/2026\/02\/SFTcontribuyente.jpeg 1024w, https:\/\/www.buroperiodistico.com.mx\/wp-content\/uploads\/2026\/02\/SFTcontribuyente-300x182.jpeg 300w, https:\/\/www.buroperiodistico.com.mx\/wp-content\/uploads\/2026\/02\/SFTcontribuyente-768x465.jpeg 768w\" sizes=\"auto, (max-width: 405px) 100vw, 405px\" \/>Ciudad Victoria, Tamaulipas (16-Febrero-2026).-<\/strong> El secretario de Finanzas, Carlos Ir\u00e1n Ram\u00edrez Gonz\u00e1lez, encabez\u00f3 una reuni\u00f3n de trabajo en la que se reforz\u00f3 la articulaci\u00f3n entre las Coordinaciones de Recaudaci\u00f3n y la propia secretar\u00eda, a fin de mantener la presencia fiscal ante las y los contribuyentes, incentivar el cumplimiento voluntario de sus obligaciones e incrementar la recaudaci\u00f3n tributaria.<\/p>\n<p>En su mensaje a las y los funcionarios convocados, el secretario de Finanzas subray\u00f3 que \u201clo m\u00e1s importante es brindar un servicio humanista y eficiente\u201d, al considerar que la atenci\u00f3n al contribuyente debe realizarse con respeto, claridad y disposici\u00f3n para orientar a la ciudadan\u00eda en el cumplimiento de sus responsabilidades fiscales.<\/p>\n<p>Asimismo, exhort\u00f3 a desempe\u00f1ar las funciones con los m\u00e1s altos est\u00e1ndares de servicio que impulsa el gobernador Am\u00e9rico Villarreal Anaya, privilegiando en todo momento un trato digno, profesional y cercano en cada punto de atenci\u00f3n.<\/p>\n<p>Durante el encuentro, el subsecretario de ingresos, Carlos Ibarra Hern\u00e1ndez, abord\u00f3 la necesidad de mantener una comunicaci\u00f3n asertiva entre las \u00e1reas operativas y la secretar\u00eda, encaminada a consolidar mecanismos de colaboraci\u00f3n que permitan mejorar procesos, fortalecer la operaci\u00f3n diaria y dar seguimiento a acciones coordinadas en territorio.<\/p>\n<p>El secretario de Finanzas reafirm\u00f3 el compromiso de trabajo conjunto con las Coordinaciones de Recaudaci\u00f3n para asegurar una atenci\u00f3n ordenada y eficiente, as\u00ed como promover una cultura de cumplimiento voluntario mediante informaci\u00f3n accesible y acompa\u00f1amiento institucional.<\/p>\n<p>Con estas acciones, dijo, la Secretar\u00eda de Finanzas fortalece su estrategia de coordinaci\u00f3n interna para mejorar la atenci\u00f3n a las y los contribuyentes y avanzar en los objetivos de recaudaci\u00f3n, en beneficio de la administraci\u00f3n p\u00fablica y la prestaci\u00f3n de servicios a la poblaci\u00f3n.<\/p>\n<p><img loading=\"lazy\" decoding=\"async\" class=\"aligncenter size-full wp-image-200111\" src=\"https:\/\/www.buroperiodistico.com.mx\/wp-content\/uploads\/2026\/02\/SFTcontribuyente-I.jpeg\" alt=\"\" width=\"640\" height=\"426\" srcset=\"https:\/\/www.buroperiodistico.com.mx\/wp-content\/uploads\/2026\/02\/SFTcontribuyente-I.jpeg 640w, https:\/\/www.buroperiodistico.com.mx\/wp-content\/uploads\/2026\/02\/SFTcontribuyente-I-300x200.jpeg 300w\" sizes=\"auto, (max-width: 640px) 100vw, 640px\" \/><\/p>\n","protected":false},"excerpt":{"rendered":"<p>\u201cLa instrucci\u00f3n de nuestro gobernador es brindar siempre un servicio humanista y de calidad a&#8230;<\/p>\n","protected":false},"author":1,"featured_media":200112,"comment_status":"closed","ping_status":"closed","sticky":false,"template":"","format":"standard","meta":{"footnotes":"","jetpack_publicize_message":"","jetpack_publicize_feature_enabled":true,"jetpack_social_post_already_shared":true,"jetpack_social_options":{"image_generator_settings":{"template":"highway","default_image_id":0,"font":"","enabled":false},"version":2}},"categories":[10],"tags":[],"class_list":["post-200110","post","type-post","status-publish","format-standard","has-post-thumbnail","hentry","category-tamaulipas"],"jetpack_publicize_connections":[],"_links":{"self":[{"href":"https:\/\/www.buroperiodistico.com.mx\/index.php?rest_route=\/wp\/v2\/posts\/200110","targetHints":{"allow":["GET"]}}],"collection":[{"href":"https:\/\/www.buroperiodistico.com.mx\/index.php?rest_route=\/wp\/v2\/posts"}],"about":[{"href":"https:\/\/www.buroperiodistico.com.mx\/index.php?rest_route=\/wp\/v2\/types\/post"}],"author":[{"embeddable":true,"href":"https:\/\/www.buroperiodistico.com.mx\/index.php?rest_route=\/wp\/v2\/users\/1"}],"replies":[{"embeddable":true,"href":"https:\/\/www.buroperiodistico.com.mx\/index.php?rest_route=%2Fwp%2Fv2%2Fcomments&post=200110"}],"version-history":[{"count":1,"href":"https:\/\/www.buroperiodistico.com.mx\/index.php?rest_route=\/wp\/v2\/posts\/200110\/revisions"}],"predecessor-version":[{"id":200113,"href":"https:\/\/www.buroperiodistico.com.mx\/index.php?rest_route=\/wp\/v2\/posts\/200110\/revisions\/200113"}],"wp:featuredmedia":[{"embeddable":true,"href":"https:\/\/www.buroperiodistico.com.mx\/index.php?rest_route=\/wp\/v2\/media\/200112"}],"wp:attachment":[{"href":"https:\/\/www.buroperiodistico.com.mx\/index.php?rest_route=%2Fwp%2Fv2%2Fmedia&parent=200110"}],"wp:term":[{"taxonomy":"category","embeddable":true,"href":"https:\/\/www.buroperiodistico.com.mx\/index.php?rest_route=%2Fwp%2Fv2%2Fcategories&post=200110"},{"taxonomy":"post_tag","embeddable":true,"href":"https:\/\/www.buroperiodistico.com.mx\/index.php?rest_route=%2Fwp%2Fv2%2Ftags&post=200110"}],"curies":[{"name":"wp","href":"https:\/\/api.w.org\/{rel}","templated":true}]}}