{"id":196222,"date":"2026-01-19T13:21:57","date_gmt":"2026-01-19T19:21:57","guid":{"rendered":"https:\/\/www.buroperiodistico.com.mx\/?p=196222"},"modified":"2026-01-19T13:21:57","modified_gmt":"2026-01-19T19:21:57","slug":"valia-energia-y-gobierno-de-tamaulipas-fortalecen-la-atencion-al-jaguar-cpbt","status":"publish","type":"post","link":"https:\/\/www.buroperiodistico.com.mx\/?p=196222","title":{"rendered":"Val\u00eda Energ\u00eda y Gobierno de Tamaulipas fortalecen la atenci\u00f3n al jaguar: CPBT"},"content":{"rendered":"<ul>\n<li><strong><em>Recibi\u00f3 Comisi\u00f3n de Parques equipo nuevo en donaci\u00f3n de rayos X, ultrasonido y m\u00e1s para mejorar el bienestar de los ejemplares<\/em><\/strong><\/li>\n<\/ul>\n<p><strong><img loading=\"lazy\" decoding=\"async\" class=\" wp-image-196225 alignright\" src=\"https:\/\/www.buroperiodistico.com.mx\/wp-content\/uploads\/2026\/01\/CPBjaguar.jpeg\" alt=\"\" width=\"505\" height=\"341\" srcset=\"https:\/\/www.buroperiodistico.com.mx\/wp-content\/uploads\/2026\/01\/CPBjaguar.jpeg 1024w, https:\/\/www.buroperiodistico.com.mx\/wp-content\/uploads\/2026\/01\/CPBjaguar-300x202.jpeg 300w, https:\/\/www.buroperiodistico.com.mx\/wp-content\/uploads\/2026\/01\/CPBjaguar-768x518.jpeg 768w\" sizes=\"auto, (max-width: 505px) 100vw, 505px\" \/>Ciudad Victoria, Tamaulipas (19-Enero-2026).-<\/strong> Derivado de la alianza estrat\u00e9gica entre Val\u00eda Energ\u00eda y el Gobierno de Tamaulipas, a trav\u00e9s de la Comisi\u00f3n de Parques y Biodiversidad de Tamaulipas (CPBT), se recibi\u00f3 equipo especializado para el trabajo en campo y el seguimiento del jaguar.<\/p>\n<p>Estos equipos complementan el esfuerzo por modernizar y equipar el quir\u00f3fano del Zool\u00f3gico Tamat\u00e1n, permitiendo contar con tecnolog\u00eda de punta para realizar cirug\u00edas, diagn\u00f3sticos precisos y atenci\u00f3n veterinaria especializada.<\/p>\n<p>El beneficio directo impacta al jaguar (Panthera onca), especie emblem\u00e1tica y clave para la salud de los ecosistemas, as\u00ed como a las dem\u00e1s especies del recinto, superando un rezago hist\u00f3rico de m\u00e1s de dos d\u00e9cadas en infraestructura veterinaria.<\/p>\n<p>Eduardo Rocha Orozco, vocal de la Comisi\u00f3n de Parques y Biodiversidad, enfatiz\u00f3: \u201cEl equipo veterinario llevaba m\u00e1s de 20 a\u00f1os sin actualizaci\u00f3n. Gracias a esta alianza, ahora contamos con tecnolog\u00eda nueva y de vanguardia que representa un salto significativo para el monitoreo, diagn\u00f3stico y cuidado del jaguar y de toda la fauna\u201d.<\/p>\n<p>Refiri\u00f3 que el equipo entregado, de alta tecnolog\u00eda y especializado para el trabajo en campo y el seguimiento del jaguar, consiste en un ultrasonido port\u00e1til con transductor convexo, ideal para exploraciones generales en cualquier terreno; un equipo de rayos X port\u00e1til veterinario de uso rudo, dise\u00f1ado para resistir las condiciones del trabajo en campo; y un digitalizador port\u00e1til que permite capturar im\u00e1genes digitales al instante, con resistencia a entornos adversos y bater\u00eda de larga duraci\u00f3n.<\/p>\n<p>Estos avances, dijo, permiten la observaci\u00f3n, el diagn\u00f3stico r\u00e1pido y la protecci\u00f3n en tiempo real, fortaleciendo la capacidad de respuesta ante cualquier necesidad de la especie. Rocha Orozco afirm\u00f3 que por instrucciones del gobernador Am\u00e9rico Villarreal Anaya, se coordinan esfuerzos con diversos centros para impulsar la investigaci\u00f3n cient\u00edfica, el monitoreo con c\u00e1maras trampa, la capacitaci\u00f3n comunitaria, el fortalecimiento de \u00e1reas naturales protegidas, la ampliaci\u00f3n de corredores ecol\u00f3gicos y la generaci\u00f3n de datos clave para estrategias regionales de conservaci\u00f3n del jaguar.<\/p>\n<p>En las reuniones de esta alianza participaron, por parte de Val\u00eda Energ\u00eda, Jonathan Pinz\u00f3n Kuhn, director de Asuntos Externos y Desarrollo de Negocios, y Paulina Ch\u00e1vez, directora de Sostenibilidad; mientras que por parte del Gobierno de Tamaulipas asistieron Martha Alejandra Enr\u00edquez Escamilla, representante del Gobierno del Estado en la Ciudad de M\u00e9xico, y Karina Sald\u00edvar Lartigue, titular de la SEDUMA.<\/p>\n<p><img loading=\"lazy\" decoding=\"async\" class=\"aligncenter size-full wp-image-196223\" src=\"https:\/\/www.buroperiodistico.com.mx\/wp-content\/uploads\/2026\/01\/CPBjaguar-I.jpeg\" alt=\"\" width=\"560\" height=\"480\" srcset=\"https:\/\/www.buroperiodistico.com.mx\/wp-content\/uploads\/2026\/01\/CPBjaguar-I.jpeg 560w, https:\/\/www.buroperiodistico.com.mx\/wp-content\/uploads\/2026\/01\/CPBjaguar-I-300x257.jpeg 300w\" sizes=\"auto, (max-width: 560px) 100vw, 560px\" \/> <img loading=\"lazy\" decoding=\"async\" class=\"aligncenter size-full wp-image-196224\" src=\"https:\/\/www.buroperiodistico.com.mx\/wp-content\/uploads\/2026\/01\/CPBjaguar-II.jpeg\" alt=\"\" width=\"480\" height=\"640\" srcset=\"https:\/\/www.buroperiodistico.com.mx\/wp-content\/uploads\/2026\/01\/CPBjaguar-II.jpeg 480w, https:\/\/www.buroperiodistico.com.mx\/wp-content\/uploads\/2026\/01\/CPBjaguar-II-225x300.jpeg 225w\" sizes=\"auto, (max-width: 480px) 100vw, 480px\" \/><\/p>\n","protected":false},"excerpt":{"rendered":"<p>Recibi\u00f3 Comisi\u00f3n de Parques equipo nuevo en donaci\u00f3n de rayos X, ultrasonido y m\u00e1s para&#8230;<\/p>\n","protected":false},"author":1,"featured_media":196225,"comment_status":"closed","ping_status":"closed","sticky":false,"template":"","format":"standard","meta":{"footnotes":"","jetpack_publicize_message":"","jetpack_publicize_feature_enabled":true,"jetpack_social_post_already_shared":true,"jetpack_social_options":{"image_generator_settings":{"template":"highway","default_image_id":0,"font":"","enabled":false},"version":2}},"categories":[10],"tags":[],"class_list":["post-196222","post","type-post","status-publish","format-standard","has-post-thumbnail","hentry","category-tamaulipas"],"jetpack_publicize_connections":[],"_links":{"self":[{"href":"https:\/\/www.buroperiodistico.com.mx\/index.php?rest_route=\/wp\/v2\/posts\/196222","targetHints":{"allow":["GET"]}}],"collection":[{"href":"https:\/\/www.buroperiodistico.com.mx\/index.php?rest_route=\/wp\/v2\/posts"}],"about":[{"href":"https:\/\/www.buroperiodistico.com.mx\/index.php?rest_route=\/wp\/v2\/types\/post"}],"author":[{"embeddable":true,"href":"https:\/\/www.buroperiodistico.com.mx\/index.php?rest_route=\/wp\/v2\/users\/1"}],"replies":[{"embeddable":true,"href":"https:\/\/www.buroperiodistico.com.mx\/index.php?rest_route=%2Fwp%2Fv2%2Fcomments&post=196222"}],"version-history":[{"count":1,"href":"https:\/\/www.buroperiodistico.com.mx\/index.php?rest_route=\/wp\/v2\/posts\/196222\/revisions"}],"predecessor-version":[{"id":196226,"href":"https:\/\/www.buroperiodistico.com.mx\/index.php?rest_route=\/wp\/v2\/posts\/196222\/revisions\/196226"}],"wp:featuredmedia":[{"embeddable":true,"href":"https:\/\/www.buroperiodistico.com.mx\/index.php?rest_route=\/wp\/v2\/media\/196225"}],"wp:attachment":[{"href":"https:\/\/www.buroperiodistico.com.mx\/index.php?rest_route=%2Fwp%2Fv2%2Fmedia&parent=196222"}],"wp:term":[{"taxonomy":"category","embeddable":true,"href":"https:\/\/www.buroperiodistico.com.mx\/index.php?rest_route=%2Fwp%2Fv2%2Fcategories&post=196222"},{"taxonomy":"post_tag","embeddable":true,"href":"https:\/\/www.buroperiodistico.com.mx\/index.php?rest_route=%2Fwp%2Fv2%2Ftags&post=196222"}],"curies":[{"name":"wp","href":"https:\/\/api.w.org\/{rel}","templated":true}]}}