{"id":196205,"date":"2026-01-19T13:02:24","date_gmt":"2026-01-19T19:02:24","guid":{"rendered":"https:\/\/www.buroperiodistico.com.mx\/?p=196205"},"modified":"2026-01-19T13:02:24","modified_gmt":"2026-01-19T19:02:24","slug":"desdelafrontera-por-fin-al-pan-le-cayo-el-veinte","status":"publish","type":"post","link":"https:\/\/www.buroperiodistico.com.mx\/?p=196205","title":{"rendered":"#DESDELAFRONTERA\/ Por fin al PAN le cay\u00f3 el veinte"},"content":{"rendered":"<p><em><strong>POR #PEDRONATIVIDAD<\/strong><\/em><\/p>\n<p>Al Partido Acci\u00f3n Nacional en Tamaulipas le tom\u00f3 a\u00f1os, derrotas y migajas entender lo obvio, dividido, el PAN no gana ni la rifa del domingo. Por fin alguien prendi\u00f3 la luz en el cuarto oscuro donde se encerraron durante el largo y est\u00e9ril reinado de Ren\u00e9 \u201cEl Cachorro\u201d Cant\u00fa, una etapa que hoy muchos prefieren llamar liderazgo, pero que en los hechos fue tiempo perdido\u2026 y caro.<\/p>\n<p>La nota pol\u00edtica del fin de semana la dio un panismo que parec\u00eda extraviado. Dirigentes municipales, alcaldes, diputados, militantes y liderazgos decidieron cerrar filas. No por nostalgia, sino por supervivencia. La f\u00f3rmula Gloria Garza y C\u00e9sar \u201cTruko\u201d Ver\u00e1stegui se convirti\u00f3 en el punto de coincidencia de un partido que ya entendi\u00f3 que seguir pele\u00e1ndose entre s\u00ed solo los condena a seguir recogiendo sobras del poder.<\/p>\n<p>Porque hay que decirlo claro, mientras el PAN se consum\u00eda en pleitos internos, otros avanzaron, ocuparon espacios y se quedaron con todo. El saldo del \u201ccachorrismo\u201d est\u00e1 a la vista, municipios perdidos, estructura desfondada y una militancia cansada de promesas que nunca llegaron a las urnas.<\/p>\n<p>Hoy el discurso cambia. C\u00e9sar Ver\u00e1stegui habla de unidad, de territorio y de abrirse a la gente. Un mensaje que suena b\u00e1sico, pero que para el PAN tamaulipeco es casi revolucionario despu\u00e9s de a\u00f1os de soberbia y simulaci\u00f3n. Gloria Garza, por su parte, vende futuro, 2026 como preparaci\u00f3n, 2027 como objetivo y 2028 como ambici\u00f3n. Al menos ahora hay calendario y no ocurrencias.<\/p>\n<p>El respaldo no fue menor. Voces de peso como Lety Salazar, Enrique Rivas, Gerardo Pe\u00f1a, alcaldes en funciones y ex alcaldes coincidieron en lo mismo, al PAN le urge resurgir. No por romanticismo ideol\u00f3gico, sino porque sin liderazgo real el partido estaba condenado a la irrelevancia.<\/p>\n<p>La escena fue reveladora. Militantes pidiendo ser representados, liderazgos hablando de confianza, alcaldes exigiendo visi\u00f3n de Estado. Todo eso no se escucha cuando un partido est\u00e1 c\u00f3modo. Se escucha cuando ya toc\u00f3 fondo.<\/p>\n<p>La exigencia de que la dirigencia estatal se elija por voto directo de la militancia tambi\u00e9n manda mensaje. No quieren m\u00e1s imposiciones ni decisiones de escritorio. Quieren democracia interna, aunque llegue tarde.<\/p>\n<p>El PAN no est\u00e1 de regreso todav\u00eda. Apenas est\u00e1 despertando. Pero al menos ya entendi\u00f3 que la soberbia cuesta elecciones y que la divisi\u00f3n no da poder, solo migajas.<\/p>\n<p style=\"text-align: center;\"><strong>CARMEN LILIA MODERNIZA EL TRANSPORTE PUBLICO<\/strong><\/p>\n<p>En Nuevo Laredo algo est\u00e1 cambiando, y no es discurso. Es metal nuevo, aire acondicionado y motores que ya no amenazan con dejar tirado al usuario a media ruta. La alcaldesa Carmen Lilia Canturosas volvi\u00f3 a mandar un mensaje claro, aqu\u00ed se gobierna mirando al futuro, no reciclando el pasado.<\/p>\n<p>El banderazo de salida de 12 nuevas unidades de transporte p\u00fablico es la confirmaci\u00f3n de que la modernidad tambi\u00e9n se construye desde lo cotidiano, desde ese cami\u00f3n que usan a diario obreros, estudiantes, madres de familia y adultos mayores. En una ciudad que mueve su econom\u00eda a ritmo fronterizo, seguir trasladando a la gente en verdaderas chatarras era una deuda hist\u00f3rica.<\/p>\n<p>Hoy ruedan camiones \u00faltimo modelo. Diez unidades International modelo 2026 y dos Volkswagen tipo Crafter, todos con aire acondicionado y calefacci\u00f3n. Un lujo para algunos, una necesidad para una ciudad que ya no acepta viajar entre fierros viejos, calor sofocante y riesgos innecesarios.<\/p>\n<p>Carmen Lilia no camin\u00f3 sola este tramo. Reconoci\u00f3, con tino pol\u00edtico, el respaldo del gobernador Am\u00e9rico Villarreal Anaya, porque cuando hay coordinaci\u00f3n, los proyectos se convierten en realidad. El Convenio para la Modernizaci\u00f3n del Transporte Urbano no se qued\u00f3 en papel, se tradujo en inversi\u00f3n, resultados y n\u00fameros que hablan por s\u00ed solos.<\/p>\n<p>Ah\u00ed est\u00e1n los datos duros, m\u00e1s de 12.9 millones de pesos destinados al apoyo en combustible para concesionarios, casi medio mill\u00f3n de litros de di\u00e9sel que permitieron mantener las unidades en operaci\u00f3n. Treinta y dos camiones nuevos ya est\u00e1n en las calles, cinco rutas nuevas, ocho reorganizadas, 29 por ciento m\u00e1s unidades y un aumento del 52 por ciento en pasajeros. Cuando el servicio mejora, la gente responde.<\/p>\n<p>Nuevo Laredo apuesta a la modernidad, y eso se nota. Poco a poco se van quedando atr\u00e1s esas unidades que parec\u00edan salidas de un museo del abandono, esas que durante a\u00f1os movieron al pueblo con m\u00e1s fe que seguridad.<\/p>\n<p>Hoy el transporte p\u00fablico empieza a parecerse a la ciudad que los neolaredenses merecen, din\u00e1mica, moderna y digna.<\/p>\n<p style=\"text-align: center;\"><strong>SHEINBAUM A CIUDAD VICTORIA<\/strong><\/p>\n<p>Este fin de semana pr\u00f3ximo, la presidenta de M\u00e9xico, Claudia Sheinbaum, realizar\u00e1 una visita a Ciudad Victoria como parte de sus recorridos de seguimiento por distintas regiones del pa\u00eds. As\u00ed lo confirm\u00f3 el gobernador Am\u00e9rico Villarreal Anaya, quien destac\u00f3 que el objetivo principal ser\u00e1 la supervisi\u00f3n y revisi\u00f3n de diversas obras p\u00fablicas en la capital tamaulipeca.<\/p>\n<p>Se trata de una visita de trabajo que forma parte del esquema de supervisi\u00f3n directa que la mandataria federal mantiene para dar seguimiento puntual al avance de las obras.<\/p>\n<p>La presencia de la presidenta en Tamaulipas reafirma la coordinaci\u00f3n entre los gobiernos federal y estatal, as\u00ed como el inter\u00e9s por mantener en marcha los proyectos que impactan en el desarrollo de la entidad&#8230; \u00bfQu\u00e9, no?, NOS LEEMOS.<\/p>\n<p>Comentarios: pedropnatividad@gmail.com<\/p>\n","protected":false},"excerpt":{"rendered":"<p>POR #PEDRONATIVIDAD Al Partido Acci\u00f3n Nacional en Tamaulipas le tom\u00f3 a\u00f1os, derrotas y migajas entender&#8230;<\/p>\n","protected":false},"author":1,"featured_media":149241,"comment_status":"closed","ping_status":"closed","sticky":false,"template":"","format":"standard","meta":{"footnotes":"","jetpack_publicize_message":"","jetpack_publicize_feature_enabled":true,"jetpack_social_post_already_shared":true,"jetpack_social_options":{"image_generator_settings":{"template":"highway","default_image_id":0,"font":"","enabled":false},"version":2}},"categories":[23],"tags":[],"class_list":["post-196205","post","type-post","status-publish","format-standard","has-post-thumbnail","hentry","category-columnas"],"jetpack_publicize_connections":[],"_links":{"self":[{"href":"https:\/\/www.buroperiodistico.com.mx\/index.php?rest_route=\/wp\/v2\/posts\/196205","targetHints":{"allow":["GET"]}}],"collection":[{"href":"https:\/\/www.buroperiodistico.com.mx\/index.php?rest_route=\/wp\/v2\/posts"}],"about":[{"href":"https:\/\/www.buroperiodistico.com.mx\/index.php?rest_route=\/wp\/v2\/types\/post"}],"author":[{"embeddable":true,"href":"https:\/\/www.buroperiodistico.com.mx\/index.php?rest_route=\/wp\/v2\/users\/1"}],"replies":[{"embeddable":true,"href":"https:\/\/www.buroperiodistico.com.mx\/index.php?rest_route=%2Fwp%2Fv2%2Fcomments&post=196205"}],"version-history":[{"count":1,"href":"https:\/\/www.buroperiodistico.com.mx\/index.php?rest_route=\/wp\/v2\/posts\/196205\/revisions"}],"predecessor-version":[{"id":196206,"href":"https:\/\/www.buroperiodistico.com.mx\/index.php?rest_route=\/wp\/v2\/posts\/196205\/revisions\/196206"}],"wp:featuredmedia":[{"embeddable":true,"href":"https:\/\/www.buroperiodistico.com.mx\/index.php?rest_route=\/wp\/v2\/media\/149241"}],"wp:attachment":[{"href":"https:\/\/www.buroperiodistico.com.mx\/index.php?rest_route=%2Fwp%2Fv2%2Fmedia&parent=196205"}],"wp:term":[{"taxonomy":"category","embeddable":true,"href":"https:\/\/www.buroperiodistico.com.mx\/index.php?rest_route=%2Fwp%2Fv2%2Fcategories&post=196205"},{"taxonomy":"post_tag","embeddable":true,"href":"https:\/\/www.buroperiodistico.com.mx\/index.php?rest_route=%2Fwp%2Fv2%2Ftags&post=196205"}],"curies":[{"name":"wp","href":"https:\/\/api.w.org\/{rel}","templated":true}]}}