{"id":196198,"date":"2026-01-19T13:00:47","date_gmt":"2026-01-19T19:00:47","guid":{"rendered":"https:\/\/www.buroperiodistico.com.mx\/?p=196198"},"modified":"2026-01-19T13:00:47","modified_gmt":"2026-01-19T19:00:47","slug":"exhiben-cimientos-de-la-casa-del-pueblo-inaugura-ava-museo-legislativo","status":"publish","type":"post","link":"https:\/\/www.buroperiodistico.com.mx\/?p=196198","title":{"rendered":"Exhiben cimientos de la Casa del Pueblo; inaugura AVA museo legislativo"},"content":{"rendered":"<p><strong><em><img loading=\"lazy\" decoding=\"async\" class=\" wp-image-196203 alignright\" src=\"https:\/\/www.buroperiodistico.com.mx\/wp-content\/uploads\/2026\/01\/Muxex.jpeg\" alt=\"\" width=\"425\" height=\"258\" srcset=\"https:\/\/www.buroperiodistico.com.mx\/wp-content\/uploads\/2026\/01\/Muxex.jpeg 1024w, https:\/\/www.buroperiodistico.com.mx\/wp-content\/uploads\/2026\/01\/Muxex-300x182.jpeg 300w, https:\/\/www.buroperiodistico.com.mx\/wp-content\/uploads\/2026\/01\/Muxex-768x467.jpeg 768w\" sizes=\"auto, (max-width: 425px) 100vw, 425px\" \/>Cd. Victoria, Tam (19-Enero-2026).-<\/em><\/strong> El Gobernador del Estado acompa\u00f1\u00f3 este lunes, la inauguraci\u00f3n del Museo Legislativo, como un espacio permanente dentro del Congreso Local, que resguarda y difunde la memoria hist\u00f3rica de la representaci\u00f3n popular tamaulipeca, para fortalecer la identidad institucional y el respeto por la vida democr\u00e1tica de la entidad.<\/p>\n<p>Am\u00e9rico Villarreal Anaya, celebr\u00f3 la apertura de la muestra, al considerar que fortalece el acervo hist\u00f3rico, cultural y c\u00edvico de Tamaulipas; record\u00f3 que el Congreso tiene m\u00e1s de dos siglos de historia, surgida en un contexto complejo para la naci\u00f3n, y subray\u00f3 que conocer ese origen brinda identidad, arraigo y sentido de pertenencia.<\/p>\n<p>\u201cEste museo nos da presencia, ra\u00edces, historia y cultura; nos recuerda el compromiso diario que tenemos con la tierra que nos vio nacer y con las futuras generaciones\u201d, se\u00f1al\u00f3 el mandatario estatal, al felicitar a la Legislatura 66 por impulsar este tipo de acciones institucionales.<\/p>\n<p>Durante el acto inaugural, el diputado presidente de la Junta de Gobierno del Congreso, Humberto Armando Prieto Herrera, destac\u00f3 que el museo representa \u201cun espacio de memoria, de identidad y de responsabilidad institucional\u201d, al tiempo que subray\u00f3 que su ubicaci\u00f3n, a la entrada del Sal\u00f3n de Sesiones, no es casual.<\/p>\n<p>\u201cAqu\u00ed es donde se toman las decisiones que marcan el rumbo de Tamaulipas, donde se expresa la pluralidad, se debate, se construyen acuerdos y se honra la palabra\u201d.<\/p>\n<p>Dijo que el Museo Legislativo abre un di\u00e1logo entre el pasado y el presente, \u201centre quienes nos antecedieron y quienes hoy tenemos el encargo de vigilar y legislar en nombre del pueblo. Colocar aqu\u00ed nuestra memoria legislativa es recordar, todos los d\u00edas, que nuestras decisiones forman parte de una historia mucho m\u00e1s grande que cualquiera de nosotros\u201d, expres\u00f3.<\/p>\n<p>El legislador explic\u00f3 que las piezas que integran el museo dan cuenta de los cimientos hist\u00f3ricos del Congreso del Estado, como la primera piedra del edificio legislativo; las distintas modificaciones al Escudo de Tamaulipas; el primer decreto expedido en la entidad; las colecciones de leyes y decretos del Congreso Constituyente de 1824 y 1825; la primera concesi\u00f3n pol\u00edtica del Estado y el primer reglamento para el gobierno interior del Congreso.<\/p>\n<p>Asimismo, resalt\u00f3 la relevancia de s\u00edmbolos como el Himno a Tamaulipas y su partitura original, adem\u00e1s del homenaje a personajes ilustres que contribuyeron a la conformaci\u00f3n del Estado y de sus instituciones.<\/p>\n<p>\u201cEl museo no mira al pasado con nostalgia, sino con respeto. Sirve para recordar que las instituciones no nacen solas: se construyen, se fortalecen y se cuidan\u201d, afirm\u00f3.<\/p>\n<p>En su mensaje, el presidente de la Junta de Gobierno agradeci\u00f3 el respaldo del gobernador Am\u00e9rico Villarreal Anaya, as\u00ed como la colaboraci\u00f3n de diversas dependencias estatales y del sector cultural, cuyo apoyo hizo posible la consolidaci\u00f3n de este proyecto.<\/p>\n<p>De igual forma, reconoci\u00f3 la iniciativa y compromiso del personal del Congreso, destacando de manera especial al licenciado Ra\u00fal Tizoc Tobar, por su impulso decisivo para la creaci\u00f3n del museo.<\/p>\n<p>Al t\u00e9rmino de los mensajes, se realiz\u00f3 el corte simb\u00f3lico del list\u00f3n y la develaci\u00f3n de la placa conmemorativa, en la que se consigna la incorporaci\u00f3n oficial del Museo Legislativo.<\/p>\n<p>Posteriormente, autoridades e invitados realizaron un recorrido guiado por el museo, donde se expusieron documentos, objetos hist\u00f3ricos y materiales que narran la evoluci\u00f3n del Congreso del Estado, desde el Constituyente de 1824 hasta la actualidad, consolidando este recinto como un espacio vivo, abierto y cercano a la ciudadan\u00eda.<\/p>\n<p><img loading=\"lazy\" decoding=\"async\" class=\"aligncenter size-full wp-image-196199\" src=\"https:\/\/www.buroperiodistico.com.mx\/wp-content\/uploads\/2026\/01\/Muxex-I.jpeg\" alt=\"\" width=\"640\" height=\"427\" srcset=\"https:\/\/www.buroperiodistico.com.mx\/wp-content\/uploads\/2026\/01\/Muxex-I.jpeg 640w, https:\/\/www.buroperiodistico.com.mx\/wp-content\/uploads\/2026\/01\/Muxex-I-300x200.jpeg 300w\" sizes=\"auto, (max-width: 640px) 100vw, 640px\" \/> <img loading=\"lazy\" decoding=\"async\" class=\"aligncenter size-full wp-image-196202\" src=\"https:\/\/www.buroperiodistico.com.mx\/wp-content\/uploads\/2026\/01\/Muxex-IIII.jpeg\" alt=\"\" width=\"640\" height=\"427\" srcset=\"https:\/\/www.buroperiodistico.com.mx\/wp-content\/uploads\/2026\/01\/Muxex-IIII.jpeg 640w, https:\/\/www.buroperiodistico.com.mx\/wp-content\/uploads\/2026\/01\/Muxex-IIII-300x200.jpeg 300w\" sizes=\"auto, (max-width: 640px) 100vw, 640px\" \/> <img loading=\"lazy\" decoding=\"async\" class=\"aligncenter size-full wp-image-196201\" src=\"https:\/\/www.buroperiodistico.com.mx\/wp-content\/uploads\/2026\/01\/Muxex-III.jpeg\" alt=\"\" width=\"640\" height=\"427\" srcset=\"https:\/\/www.buroperiodistico.com.mx\/wp-content\/uploads\/2026\/01\/Muxex-III.jpeg 640w, https:\/\/www.buroperiodistico.com.mx\/wp-content\/uploads\/2026\/01\/Muxex-III-300x200.jpeg 300w\" sizes=\"auto, (max-width: 640px) 100vw, 640px\" \/> <img loading=\"lazy\" decoding=\"async\" class=\"aligncenter size-full wp-image-196200\" src=\"https:\/\/www.buroperiodistico.com.mx\/wp-content\/uploads\/2026\/01\/Muxex-II.jpeg\" alt=\"\" width=\"640\" height=\"427\" srcset=\"https:\/\/www.buroperiodistico.com.mx\/wp-content\/uploads\/2026\/01\/Muxex-II.jpeg 640w, https:\/\/www.buroperiodistico.com.mx\/wp-content\/uploads\/2026\/01\/Muxex-II-300x200.jpeg 300w\" sizes=\"auto, (max-width: 640px) 100vw, 640px\" \/><\/p>\n","protected":false},"excerpt":{"rendered":"<p>Cd. Victoria, Tam (19-Enero-2026).- El Gobernador del Estado acompa\u00f1\u00f3 este lunes, la inauguraci\u00f3n del Museo&#8230;<\/p>\n","protected":false},"author":1,"featured_media":196203,"comment_status":"closed","ping_status":"closed","sticky":false,"template":"","format":"standard","meta":{"footnotes":"","jetpack_publicize_message":"","jetpack_publicize_feature_enabled":true,"jetpack_social_post_already_shared":true,"jetpack_social_options":{"image_generator_settings":{"template":"highway","default_image_id":0,"font":"","enabled":false},"version":2}},"categories":[17,25],"tags":[],"class_list":["post-196198","post","type-post","status-publish","format-standard","has-post-thumbnail","hentry","category-ciudadvictoria","category-portada"],"jetpack_publicize_connections":[],"_links":{"self":[{"href":"https:\/\/www.buroperiodistico.com.mx\/index.php?rest_route=\/wp\/v2\/posts\/196198","targetHints":{"allow":["GET"]}}],"collection":[{"href":"https:\/\/www.buroperiodistico.com.mx\/index.php?rest_route=\/wp\/v2\/posts"}],"about":[{"href":"https:\/\/www.buroperiodistico.com.mx\/index.php?rest_route=\/wp\/v2\/types\/post"}],"author":[{"embeddable":true,"href":"https:\/\/www.buroperiodistico.com.mx\/index.php?rest_route=\/wp\/v2\/users\/1"}],"replies":[{"embeddable":true,"href":"https:\/\/www.buroperiodistico.com.mx\/index.php?rest_route=%2Fwp%2Fv2%2Fcomments&post=196198"}],"version-history":[{"count":1,"href":"https:\/\/www.buroperiodistico.com.mx\/index.php?rest_route=\/wp\/v2\/posts\/196198\/revisions"}],"predecessor-version":[{"id":196204,"href":"https:\/\/www.buroperiodistico.com.mx\/index.php?rest_route=\/wp\/v2\/posts\/196198\/revisions\/196204"}],"wp:featuredmedia":[{"embeddable":true,"href":"https:\/\/www.buroperiodistico.com.mx\/index.php?rest_route=\/wp\/v2\/media\/196203"}],"wp:attachment":[{"href":"https:\/\/www.buroperiodistico.com.mx\/index.php?rest_route=%2Fwp%2Fv2%2Fmedia&parent=196198"}],"wp:term":[{"taxonomy":"category","embeddable":true,"href":"https:\/\/www.buroperiodistico.com.mx\/index.php?rest_route=%2Fwp%2Fv2%2Fcategories&post=196198"},{"taxonomy":"post_tag","embeddable":true,"href":"https:\/\/www.buroperiodistico.com.mx\/index.php?rest_route=%2Fwp%2Fv2%2Ftags&post=196198"}],"curies":[{"name":"wp","href":"https:\/\/api.w.org\/{rel}","templated":true}]}}