{"id":196184,"date":"2026-01-19T12:52:04","date_gmt":"2026-01-19T18:52:04","guid":{"rendered":"https:\/\/www.buroperiodistico.com.mx\/?p=196184"},"modified":"2026-01-19T12:54:11","modified_gmt":"2026-01-19T18:54:11","slug":"poderes-del-estado-unidos-en-la-transforacion-de-tamaulipas","status":"publish","type":"post","link":"https:\/\/www.buroperiodistico.com.mx\/?p=196184","title":{"rendered":"Poderes del Estado unidos en la transforaci\u00f3n de Tamaulipas"},"content":{"rendered":"<ul>\n<li><strong><em>\u201cHonores\u201d en la Casa de Pueblo<\/em><\/strong><\/li>\n<\/ul>\n<p><strong><em><img loading=\"lazy\" decoding=\"async\" class=\" wp-image-196194 alignright\" src=\"https:\/\/www.buroperiodistico.com.mx\/wp-content\/uploads\/2026\/01\/Honox.jpeg\" alt=\"\" width=\"539\" height=\"333\" srcset=\"https:\/\/www.buroperiodistico.com.mx\/wp-content\/uploads\/2026\/01\/Honox.jpeg 1024w, https:\/\/www.buroperiodistico.com.mx\/wp-content\/uploads\/2026\/01\/Honox-300x185.jpeg 300w, https:\/\/www.buroperiodistico.com.mx\/wp-content\/uploads\/2026\/01\/Honox-768x475.jpeg 768w\" sizes=\"auto, (max-width: 539px) 100vw, 539px\" \/>Cd. Victoria, Tam (19-Enero-2026).-<\/em><\/strong> En un marco de respeto, unidad institucional y fortalecimiento de los valores c\u00edvicos, las y los diputados locales, as\u00ed como servidoras y servidores p\u00fablicos del Congreso del Estado, realizaron la ceremonia c\u00edvica de honores a la Bandera Nacional y al Escudo de Armas de Tamaulipas, en presencia del Gobernador Am\u00e9rico Villarreal Anaya y su gabinete, as\u00ed como el pleno del Poder Judicial encabezado por la Magistrada Tania Contreras.<\/p>\n<p>La ceremonia tuvo lugar en el recinto legislativo, la Casa del Pueblo, y refrend\u00f3 el respeto y amor a los s\u00edmbolos patrios, as\u00ed como el compromiso de los poderes p\u00fablicos del Estado con la historia, la identidad y el bienestar del pueblo tamaulipeco.<\/p>\n<p>Al dar la bienvenida, el presidente de la Junta de Gobierno del Congreso del Estado, diputado Humberto Armando Prieto Herrera, expres\u00f3 el orgullo de esta Soberan\u00eda por recibir al titular del Poder Ejecutivo y del Poder Judicial, subrayando que es una clara muestra de respeto, coordinaci\u00f3n y cercan\u00eda entre poderes.<\/p>\n<p>\u201cSomos poderes distintos, pero no distantes. La unidad que hoy se manifiesta aqu\u00ed es por el bienestar de nuestro pueblo\u201d, afirm\u00f3 el legislador, al reconocer la conducci\u00f3n del Gobernador y el rumbo claro que ha tomado Tamaulipas, con un enfoque humanista y centrado en la gente.<\/p>\n<p>Durante su mensaje, el diputado Prieto Herrera resalt\u00f3 el trabajo legislativo desarrollado en coordinaci\u00f3n con el Ejecutivo, haciendo \u00e9nfasis en reformas de gran calado, como la transformaci\u00f3n hist\u00f3rica del Poder Judicial, que hoy es m\u00e1s cercano a la ciudadan\u00eda, as\u00ed como en el intenso trabajo del Congreso, cuyo reciente r\u00e9cord ah\u00ed repas\u00f3:<\/p>\n<p>Ha resuelto 556 asuntos en definitiva, en materias clave como justicia, educaci\u00f3n, igualdad, salud, seguridad, desarrollo sustentable, transparencia, cultura y bienestar social, alineados con la Agenda 2030 de Naciones Unidas; ha celebrado 44 reuniones de comisiones y 27 sesiones legislativas en el periodo reciente.<\/p>\n<p><img loading=\"lazy\" decoding=\"async\" class=\"size-full wp-image-196185 alignleft\" src=\"https:\/\/www.buroperiodistico.com.mx\/wp-content\/uploads\/2026\/01\/Honox-I.jpeg\" alt=\"\" width=\"640\" height=\"427\" srcset=\"https:\/\/www.buroperiodistico.com.mx\/wp-content\/uploads\/2026\/01\/Honox-I.jpeg 640w, https:\/\/www.buroperiodistico.com.mx\/wp-content\/uploads\/2026\/01\/Honox-I-300x200.jpeg 300w\" sizes=\"auto, (max-width: 640px) 100vw, 640px\" \/>El Presidente de la Junta de Gobierno tambi\u00e9n inform\u00f3 sobre los reconocimientos nacionales obtenidos por el desempe\u00f1o legislativo de esta Legislatura 66, que colocan a Tamaulipas entre los congresos mejor evaluados del pa\u00eds.<\/p>\n<p>\u201cPuedo decir con toda claridad, que estamos trabajando, seguiremos trabajando y vamos a continuar poniendo por delante a la gente. \u00a1Tamaulipas tiene un Congreso dentro de los primeros lugares del Pa\u00eds!\u201d, resalt\u00f3.<\/p>\n<p>En su oportunidad, el Gobernador Am\u00e9rico Villarreal Anaya expres\u00f3 su satisfacci\u00f3n por participar nuevamente en este acto c\u00edvico en el Congreso del Estado, destacando la unidad de trabajo entre los tres Poderes.<\/p>\n<p>El mandatario estatal reconoci\u00f3 la labor del Legislativo y su contribuci\u00f3n a la regeneraci\u00f3n de la vida p\u00fablica del estado ,mediante un marco jur\u00eddico s\u00f3lido que fortalece la democracia, la justicia, la paz y la prosperidad.<\/p>\n<p>Subray\u00f3 que una de las grandes fortalezas del Tamaulipas actual es la decisi\u00f3n de acercarse a la gente, ampliar el di\u00e1logo y gobernar de cara a la ciudadan\u00eda.<\/p>\n<p>En su mensaje, el Gobernador reconoci\u00f3 de manera especial el papel del Congreso en la aprobaci\u00f3n de reformas clave, como la creaci\u00f3n de la Guardia Estatal, el fortalecimiento de la Fiscal\u00eda General de Justicia y la hist\u00f3rica reforma al Poder Judicial.<\/p>\n<p>Finalmente, Villarreal Anaya llam\u00f3 a mantener la unidad, el di\u00e1logo y el compromiso \u00e9tico con el pueblo de Tamaulipas, reiterando que los avances logrados son resultado del trabajo conjunto entre poderes y de una visi\u00f3n compartida de transformaci\u00f3n, justicia social y bienestar.<\/p>\n<p>\u201cCelebramos tambi\u00e9n la unidad que existe en nuestro estado, al coincidir en este acto la representaci\u00f3n de los tres poderes, quienes servimos al pueblo de Tamaulipas con la misma entrega y determinaci\u00f3n, para que la transformaci\u00f3n que nos propusimos contin\u00fae entregando resultados positivos\u201d, se\u00f1al\u00f3.<\/p>\n<p>En el acto estuvieron presentes autoridades civiles y militares, integrantes del gabinete estatal, representantes del Poder Judicial, legisladores federales y locales, as\u00ed como personal del Congreso.<\/p>\n<p><img loading=\"lazy\" decoding=\"async\" class=\"aligncenter size-full wp-image-196186\" src=\"https:\/\/www.buroperiodistico.com.mx\/wp-content\/uploads\/2026\/01\/Honox-II.jpeg\" alt=\"\" width=\"640\" height=\"427\" srcset=\"https:\/\/www.buroperiodistico.com.mx\/wp-content\/uploads\/2026\/01\/Honox-II.jpeg 640w, https:\/\/www.buroperiodistico.com.mx\/wp-content\/uploads\/2026\/01\/Honox-II-300x200.jpeg 300w\" sizes=\"auto, (max-width: 640px) 100vw, 640px\" \/> <img loading=\"lazy\" decoding=\"async\" class=\"aligncenter size-full wp-image-196188\" src=\"https:\/\/www.buroperiodistico.com.mx\/wp-content\/uploads\/2026\/01\/Honox-IIII.jpeg\" alt=\"\" width=\"640\" height=\"427\" srcset=\"https:\/\/www.buroperiodistico.com.mx\/wp-content\/uploads\/2026\/01\/Honox-IIII.jpeg 640w, https:\/\/www.buroperiodistico.com.mx\/wp-content\/uploads\/2026\/01\/Honox-IIII-300x200.jpeg 300w\" sizes=\"auto, (max-width: 640px) 100vw, 640px\" \/><\/p>\n","protected":false},"excerpt":{"rendered":"<p>\u201cHonores\u201d en la Casa de Pueblo Cd. Victoria, Tam (19-Enero-2026).- En un marco de respeto,&#8230;<\/p>\n","protected":false},"author":1,"featured_media":196194,"comment_status":"closed","ping_status":"closed","sticky":false,"template":"","format":"standard","meta":{"footnotes":"","jetpack_publicize_message":"","jetpack_publicize_feature_enabled":true,"jetpack_social_post_already_shared":true,"jetpack_social_options":{"image_generator_settings":{"template":"highway","default_image_id":0,"font":"","enabled":false},"version":2}},"categories":[17],"tags":[],"class_list":["post-196184","post","type-post","status-publish","format-standard","has-post-thumbnail","hentry","category-ciudadvictoria"],"jetpack_publicize_connections":[],"_links":{"self":[{"href":"https:\/\/www.buroperiodistico.com.mx\/index.php?rest_route=\/wp\/v2\/posts\/196184","targetHints":{"allow":["GET"]}}],"collection":[{"href":"https:\/\/www.buroperiodistico.com.mx\/index.php?rest_route=\/wp\/v2\/posts"}],"about":[{"href":"https:\/\/www.buroperiodistico.com.mx\/index.php?rest_route=\/wp\/v2\/types\/post"}],"author":[{"embeddable":true,"href":"https:\/\/www.buroperiodistico.com.mx\/index.php?rest_route=\/wp\/v2\/users\/1"}],"replies":[{"embeddable":true,"href":"https:\/\/www.buroperiodistico.com.mx\/index.php?rest_route=%2Fwp%2Fv2%2Fcomments&post=196184"}],"version-history":[{"count":2,"href":"https:\/\/www.buroperiodistico.com.mx\/index.php?rest_route=\/wp\/v2\/posts\/196184\/revisions"}],"predecessor-version":[{"id":196197,"href":"https:\/\/www.buroperiodistico.com.mx\/index.php?rest_route=\/wp\/v2\/posts\/196184\/revisions\/196197"}],"wp:featuredmedia":[{"embeddable":true,"href":"https:\/\/www.buroperiodistico.com.mx\/index.php?rest_route=\/wp\/v2\/media\/196194"}],"wp:attachment":[{"href":"https:\/\/www.buroperiodistico.com.mx\/index.php?rest_route=%2Fwp%2Fv2%2Fmedia&parent=196184"}],"wp:term":[{"taxonomy":"category","embeddable":true,"href":"https:\/\/www.buroperiodistico.com.mx\/index.php?rest_route=%2Fwp%2Fv2%2Fcategories&post=196184"},{"taxonomy":"post_tag","embeddable":true,"href":"https:\/\/www.buroperiodistico.com.mx\/index.php?rest_route=%2Fwp%2Fv2%2Ftags&post=196184"}],"curies":[{"name":"wp","href":"https:\/\/api.w.org\/{rel}","templated":true}]}}