{"id":196174,"date":"2026-01-19T12:34:35","date_gmt":"2026-01-19T18:34:35","guid":{"rendered":"https:\/\/www.buroperiodistico.com.mx\/?p=196174"},"modified":"2026-01-19T12:34:35","modified_gmt":"2026-01-19T18:34:35","slug":"instalan-dif-reynosa-y-voluntariado-percheros-comunitarios-en-apoyo-a-personas-vulnerables","status":"publish","type":"post","link":"https:\/\/www.buroperiodistico.com.mx\/?p=196174","title":{"rendered":"Instalan DIF-Reynosa y Voluntariado, percheros comunitarios en apoyo a personas vulnerables"},"content":{"rendered":"<p><em><strong><img loading=\"lazy\" decoding=\"async\" class=\" wp-image-196176 alignright\" src=\"https:\/\/www.buroperiodistico.com.mx\/wp-content\/uploads\/2026\/01\/Instalax.jpeg\" alt=\"\" width=\"505\" height=\"327\" srcset=\"https:\/\/www.buroperiodistico.com.mx\/wp-content\/uploads\/2026\/01\/Instalax.jpeg 1024w, https:\/\/www.buroperiodistico.com.mx\/wp-content\/uploads\/2026\/01\/Instalax-300x194.jpeg 300w, https:\/\/www.buroperiodistico.com.mx\/wp-content\/uploads\/2026\/01\/Instalax-768x497.jpeg 768w\" sizes=\"auto, (max-width: 505px) 100vw, 505px\" \/>Reynosa, Tam (19-Enero-2026).-<\/strong><\/em> El Sistema DIF-Reynosa que preside Carlos Luis Pe\u00f1a Garza, a trav\u00e9s del Voluntariado que encabeza Alejandra Yelitza Garza, instal\u00f3 percheros comunitarios, una iniciativa ciudadana que brinda abrigo a personas vulnerables o en situaci\u00f3n de calle durante la temporada invernal, uniendo esfuerzos junto al colectivo Proa31, que tiene esta actividad en diversos estados del pa\u00eds.<\/p>\n<p>La persona puede tomar una prenda si la necesita o bien, donar ropa nueva o en buen estado, fomentando una cultura de empat\u00eda y corresponsabilidad social, los percheros se mantienen activos mientras contin\u00fae su uso por parte de la poblaci\u00f3n.<\/p>\n<p>En Reynosa, la Presidenta del Voluntariado DIF-Reynosa, Alejandra Yelitza Garza, llev\u00f3 a cabo la instalaci\u00f3n de un perchero comunitario en el DIF Municipal, ubicado en bulevar Hidalgo n\u00famero 1900, en la colonia Miguel Hidalgo, as\u00ed como en la Plaza Principal.<\/p>\n<p><img loading=\"lazy\" decoding=\"async\" class=\"aligncenter size-full wp-image-196175\" src=\"https:\/\/www.buroperiodistico.com.mx\/wp-content\/uploads\/2026\/01\/Instalax-I.jpeg\" alt=\"\" width=\"640\" height=\"427\" srcset=\"https:\/\/www.buroperiodistico.com.mx\/wp-content\/uploads\/2026\/01\/Instalax-I.jpeg 640w, https:\/\/www.buroperiodistico.com.mx\/wp-content\/uploads\/2026\/01\/Instalax-I-300x200.jpeg 300w\" sizes=\"auto, (max-width: 640px) 100vw, 640px\" \/><\/p>\n","protected":false},"excerpt":{"rendered":"<p>Reynosa, Tam (19-Enero-2026).- El Sistema DIF-Reynosa que preside Carlos Luis Pe\u00f1a Garza, a trav\u00e9s del&#8230;<\/p>\n","protected":false},"author":1,"featured_media":196176,"comment_status":"closed","ping_status":"closed","sticky":false,"template":"","format":"standard","meta":{"footnotes":"","jetpack_publicize_message":"","jetpack_publicize_feature_enabled":true,"jetpack_social_post_already_shared":true,"jetpack_social_options":{"image_generator_settings":{"template":"highway","default_image_id":0,"font":"","enabled":false},"version":2}},"categories":[9],"tags":[],"class_list":["post-196174","post","type-post","status-publish","format-standard","has-post-thumbnail","hentry","category-reynosa"],"jetpack_publicize_connections":[],"_links":{"self":[{"href":"https:\/\/www.buroperiodistico.com.mx\/index.php?rest_route=\/wp\/v2\/posts\/196174","targetHints":{"allow":["GET"]}}],"collection":[{"href":"https:\/\/www.buroperiodistico.com.mx\/index.php?rest_route=\/wp\/v2\/posts"}],"about":[{"href":"https:\/\/www.buroperiodistico.com.mx\/index.php?rest_route=\/wp\/v2\/types\/post"}],"author":[{"embeddable":true,"href":"https:\/\/www.buroperiodistico.com.mx\/index.php?rest_route=\/wp\/v2\/users\/1"}],"replies":[{"embeddable":true,"href":"https:\/\/www.buroperiodistico.com.mx\/index.php?rest_route=%2Fwp%2Fv2%2Fcomments&post=196174"}],"version-history":[{"count":1,"href":"https:\/\/www.buroperiodistico.com.mx\/index.php?rest_route=\/wp\/v2\/posts\/196174\/revisions"}],"predecessor-version":[{"id":196177,"href":"https:\/\/www.buroperiodistico.com.mx\/index.php?rest_route=\/wp\/v2\/posts\/196174\/revisions\/196177"}],"wp:featuredmedia":[{"embeddable":true,"href":"https:\/\/www.buroperiodistico.com.mx\/index.php?rest_route=\/wp\/v2\/media\/196176"}],"wp:attachment":[{"href":"https:\/\/www.buroperiodistico.com.mx\/index.php?rest_route=%2Fwp%2Fv2%2Fmedia&parent=196174"}],"wp:term":[{"taxonomy":"category","embeddable":true,"href":"https:\/\/www.buroperiodistico.com.mx\/index.php?rest_route=%2Fwp%2Fv2%2Fcategories&post=196174"},{"taxonomy":"post_tag","embeddable":true,"href":"https:\/\/www.buroperiodistico.com.mx\/index.php?rest_route=%2Fwp%2Fv2%2Ftags&post=196174"}],"curies":[{"name":"wp","href":"https:\/\/api.w.org\/{rel}","templated":true}]}}