{"id":196122,"date":"2026-01-18T14:50:37","date_gmt":"2026-01-18T20:50:37","guid":{"rendered":"https:\/\/www.buroperiodistico.com.mx\/?p=196122"},"modified":"2026-01-18T14:50:37","modified_gmt":"2026-01-18T20:50:37","slug":"ampliara-la-uat-a-mas-municipios-sus-programas-educativos","status":"publish","type":"post","link":"https:\/\/www.buroperiodistico.com.mx\/?p=196122","title":{"rendered":"Ampliar\u00e1 la UAT a m\u00e1s municipios sus programas educativos"},"content":{"rendered":"<p><em><strong><img loading=\"lazy\" decoding=\"async\" class=\" wp-image-196123 alignright\" src=\"https:\/\/www.buroperiodistico.com.mx\/wp-content\/uploads\/2026\/01\/UATx-7.jpg\" alt=\"\" width=\"455\" height=\"290\" srcset=\"https:\/\/www.buroperiodistico.com.mx\/wp-content\/uploads\/2026\/01\/UATx-7.jpg 1024w, https:\/\/www.buroperiodistico.com.mx\/wp-content\/uploads\/2026\/01\/UATx-7-300x191.jpg 300w, https:\/\/www.buroperiodistico.com.mx\/wp-content\/uploads\/2026\/01\/UATx-7-768x489.jpg 768w\" sizes=\"auto, (max-width: 455px) 100vw, 455px\" \/>Ciudad Victoria, Tam (18-Enero-2026).-<\/strong><\/em> Con la reactivaci\u00f3n de sus Unidades Regionales de Transferencia del Conocimiento (URTC) en cuatro municipios del estado, la Universidad Aut\u00f3noma de Tamaulipas (UAT) ampliar\u00e1 su cobertura educativa mediante licenciaturas, posgrados y cursos en l\u00ednea que estar\u00e1n al alcance de un mayor n\u00famero de j\u00f3venes que no tienen la posibilidad de estudiar de manera presencial.<\/p>\n<p>Al respecto, el rector D\u00e1maso Anaya Alvarado refiri\u00f3 que la intenci\u00f3n es acercar la educaci\u00f3n universitaria de manera virtual a comunidades alejadas de Tamaulipas, respondiendo con ello a las pol\u00edticas nacionales que marcan la inclusi\u00f3n acad\u00e9mica como prioridad.<\/p>\n<p>Explic\u00f3 que, para este proyecto, se reactivaron las Unidades Regionales en los municipios de Gonz\u00e1lez, Tula, Jim\u00e9nez y San Fernando, con el prop\u00f3sito de acercar oportunidades de estudio a j\u00f3venes que deseen cursar una carrera profesional.<\/p>\n<p>Las carreras que se ofrecer\u00e1n en l\u00ednea son:\u00a0 Educaci\u00f3n y Tecnolog\u00edas para el Aprendizaje; Dise\u00f1o Gr\u00e1fico y Animaci\u00f3n Digital; Ingenier\u00eda en Ciencia de Datos; Ingenier\u00eda en Energ\u00edas Renovables; adem\u00e1s de la Maestr\u00eda en Innovaci\u00f3n Educativa y Tecnolog\u00edas para el Aprendizaje.<\/p>\n<p>Se\u00f1al\u00f3 que otra de las oportunidades de estudio para estas regiones es el Bachillerato Virtual UAT, que se pondr\u00e1 en marcha este mes de enero y que ha tenido una alta demanda a nivel estatal y nacional.<\/p>\n<p>A\u00f1adi\u00f3 que las instalaciones y equipamiento de las URTC est\u00e1n disponibles tambi\u00e9n para quienes no cuenten con las herramientas tecnol\u00f3gicas en l\u00ednea, o que consideren necesario acudir a estas sedes.<\/p>\n<p>Destac\u00f3 que en este proyecto se cont\u00f3 con el valioso apoyo de las autoridades municipales, y que la propuesta de trabajo es ofrecer tambi\u00e9n cursos, diplomados y talleres completamente en l\u00ednea.<\/p>\n<p>Puntualiz\u00f3 que otra de las metas es llevar a las comunidades la cultura, las artes y los deportes de la UAT, consolidando con ello la presencia universitaria en la mayor parte del territorio tamaulipeco.<\/p>\n","protected":false},"excerpt":{"rendered":"<p>Ciudad Victoria, Tam (18-Enero-2026).- Con la reactivaci\u00f3n de sus Unidades Regionales de Transferencia del Conocimiento&#8230;<\/p>\n","protected":false},"author":1,"featured_media":196123,"comment_status":"closed","ping_status":"closed","sticky":false,"template":"","format":"standard","meta":{"footnotes":"","jetpack_publicize_message":"","jetpack_publicize_feature_enabled":true,"jetpack_social_post_already_shared":true,"jetpack_social_options":{"image_generator_settings":{"template":"highway","default_image_id":0,"font":"","enabled":false},"version":2}},"categories":[25,28],"tags":[],"class_list":["post-196122","post","type-post","status-publish","format-standard","has-post-thumbnail","hentry","category-portada","category-uat"],"jetpack_publicize_connections":[],"_links":{"self":[{"href":"https:\/\/www.buroperiodistico.com.mx\/index.php?rest_route=\/wp\/v2\/posts\/196122","targetHints":{"allow":["GET"]}}],"collection":[{"href":"https:\/\/www.buroperiodistico.com.mx\/index.php?rest_route=\/wp\/v2\/posts"}],"about":[{"href":"https:\/\/www.buroperiodistico.com.mx\/index.php?rest_route=\/wp\/v2\/types\/post"}],"author":[{"embeddable":true,"href":"https:\/\/www.buroperiodistico.com.mx\/index.php?rest_route=\/wp\/v2\/users\/1"}],"replies":[{"embeddable":true,"href":"https:\/\/www.buroperiodistico.com.mx\/index.php?rest_route=%2Fwp%2Fv2%2Fcomments&post=196122"}],"version-history":[{"count":1,"href":"https:\/\/www.buroperiodistico.com.mx\/index.php?rest_route=\/wp\/v2\/posts\/196122\/revisions"}],"predecessor-version":[{"id":196124,"href":"https:\/\/www.buroperiodistico.com.mx\/index.php?rest_route=\/wp\/v2\/posts\/196122\/revisions\/196124"}],"wp:featuredmedia":[{"embeddable":true,"href":"https:\/\/www.buroperiodistico.com.mx\/index.php?rest_route=\/wp\/v2\/media\/196123"}],"wp:attachment":[{"href":"https:\/\/www.buroperiodistico.com.mx\/index.php?rest_route=%2Fwp%2Fv2%2Fmedia&parent=196122"}],"wp:term":[{"taxonomy":"category","embeddable":true,"href":"https:\/\/www.buroperiodistico.com.mx\/index.php?rest_route=%2Fwp%2Fv2%2Fcategories&post=196122"},{"taxonomy":"post_tag","embeddable":true,"href":"https:\/\/www.buroperiodistico.com.mx\/index.php?rest_route=%2Fwp%2Fv2%2Ftags&post=196122"}],"curies":[{"name":"wp","href":"https:\/\/api.w.org\/{rel}","templated":true}]}}