{"id":196094,"date":"2026-01-18T12:47:06","date_gmt":"2026-01-18T18:47:06","guid":{"rendered":"https:\/\/www.buroperiodistico.com.mx\/?p=196094"},"modified":"2026-01-18T12:47:06","modified_gmt":"2026-01-18T18:47:06","slug":"consolida-stps-acciones-de-inspeccion-laboral-en-alineacion-con-la-politica-humanista-del-gobierno-de-tamaulipas","status":"publish","type":"post","link":"https:\/\/www.buroperiodistico.com.mx\/?p=196094","title":{"rendered":"Consolida STPS acciones de inspecci\u00f3n laboral en alineaci\u00f3n con la pol\u00edtica humanista del Gobierno de Tamaulipas"},"content":{"rendered":"<p><em><strong><img loading=\"lazy\" decoding=\"async\" class=\" wp-image-196098 alignright\" src=\"https:\/\/www.buroperiodistico.com.mx\/wp-content\/uploads\/2026\/01\/STRTamaulipas-2.jpeg\" alt=\"\" width=\"495\" height=\"307\" srcset=\"https:\/\/www.buroperiodistico.com.mx\/wp-content\/uploads\/2026\/01\/STRTamaulipas-2.jpeg 1024w, https:\/\/www.buroperiodistico.com.mx\/wp-content\/uploads\/2026\/01\/STRTamaulipas-2-300x186.jpeg 300w, https:\/\/www.buroperiodistico.com.mx\/wp-content\/uploads\/2026\/01\/STRTamaulipas-2-768x476.jpeg 768w\" sizes=\"auto, (max-width: 495px) 100vw, 495px\" \/>Ciudad Victoria, Tamaulipas (18-Enero-2026).-<\/strong> <\/em>Con el objetivo de fortalecer la coordinaci\u00f3n interna y elevar la eficiencia de los procesos de supervisi\u00f3n laboral, la Secretar\u00eda del Trabajo y Previsi\u00f3n Social de Tamaulipas llev\u00f3 a cabo una reuni\u00f3n de trabajo en la Direcci\u00f3n General de Inspecci\u00f3n y Previsi\u00f3n Social, como parte de la estrategia permanente de mejora institucional que impulsa el titular de la dependencia, Luis Gerardo Illoldi Reyes.<\/p>\n<p>Se\u00f1al\u00f3 que este encuentro permiti\u00f3 revisar y optimizar los mecanismos de inspecci\u00f3n, prevenci\u00f3n y seguimiento, consolidando una actuaci\u00f3n m\u00e1s ordenada, jur\u00eddica y efectiva en beneficio de las y los trabajadores, as\u00ed como del sector productivo de la entidad. La reuni\u00f3n se desarroll\u00f3 bajo una visi\u00f3n de trabajo colaborativo entre las distintas \u00e1reas que integran la Secretar\u00eda, alineadas a una pol\u00edtica laboral responsable y con enfoque social.<\/p>\n<p>En la jornada participaron Consuelo Nayeli Lara Monroy, directora general de Inspecci\u00f3n y Prevenci\u00f3n Social; Alejandro Oliverio Castillo L\u00f3pez, director de Inspecci\u00f3n y Prevenci\u00f3n Social; Claudia Yazm\u00edn Villarreal V\u00e1zquez, directora de Dictaminaci\u00f3n; y Jorge Artemio Puga Rocha, director de Sanciones.<\/p>\n<p>Asimismo, estuvieron presentes Claudia Grizet Reyes M\u00e9ndez, encargada de la Inspecci\u00f3n Federal del Trabajo Zona Centro; Yleana Monserrat Balboa Rivera, directora Jur\u00eddica de la Secretar\u00eda del Trabajo y Previsi\u00f3n Social; Cristal L\u00f3pez Mart\u00ednez, jefa de Departamento de Dictaminaci\u00f3n; y Ana Alicia Padilla Gonz\u00e1lez, auxiliar administrativa de la Direcci\u00f3n de Dictaminaci\u00f3n.<\/p>\n<p>Illoldi Reyes se\u00f1al\u00f3 que estas acciones han priorizado el fortalecimiento institucional, la coordinaci\u00f3n inter\u00e1reas y el cumplimiento de la normatividad laboral como pilares para garantizar entornos de trabajo dignos y seguros en Tamaulipas.<\/p>\n<p>Por \u00faltimo, dijo que la Secretar\u00eda del Trabajo y Previsi\u00f3n Social refrenda su compromiso de continuar trabajando con responsabilidad, orden y cercan\u00eda, en concordancia con los principios del Gobierno Humanista y de la Transformaci\u00f3n que encabeza Am\u00e9rico Villarreal Anaya, enfocados en el bienestar social, la justicia laboral y el desarrollo integral del estado.<\/p>\n<p><img loading=\"lazy\" decoding=\"async\" class=\"aligncenter size-full wp-image-196095\" src=\"https:\/\/www.buroperiodistico.com.mx\/wp-content\/uploads\/2026\/01\/STRTamaulipas-I.jpeg\" alt=\"\" width=\"640\" height=\"480\" srcset=\"https:\/\/www.buroperiodistico.com.mx\/wp-content\/uploads\/2026\/01\/STRTamaulipas-I.jpeg 640w, https:\/\/www.buroperiodistico.com.mx\/wp-content\/uploads\/2026\/01\/STRTamaulipas-I-300x225.jpeg 300w\" sizes=\"auto, (max-width: 640px) 100vw, 640px\" \/> <img loading=\"lazy\" decoding=\"async\" class=\"aligncenter size-full wp-image-196097\" src=\"https:\/\/www.buroperiodistico.com.mx\/wp-content\/uploads\/2026\/01\/STRTamaulipas-III.jpeg\" alt=\"\" width=\"640\" height=\"480\" srcset=\"https:\/\/www.buroperiodistico.com.mx\/wp-content\/uploads\/2026\/01\/STRTamaulipas-III.jpeg 640w, https:\/\/www.buroperiodistico.com.mx\/wp-content\/uploads\/2026\/01\/STRTamaulipas-III-300x225.jpeg 300w\" sizes=\"auto, (max-width: 640px) 100vw, 640px\" \/> <img loading=\"lazy\" decoding=\"async\" class=\"aligncenter size-full wp-image-196096\" src=\"https:\/\/www.buroperiodistico.com.mx\/wp-content\/uploads\/2026\/01\/STRTamaulipas-II.jpeg\" alt=\"\" width=\"640\" height=\"480\" srcset=\"https:\/\/www.buroperiodistico.com.mx\/wp-content\/uploads\/2026\/01\/STRTamaulipas-II.jpeg 640w, https:\/\/www.buroperiodistico.com.mx\/wp-content\/uploads\/2026\/01\/STRTamaulipas-II-300x225.jpeg 300w\" sizes=\"auto, (max-width: 640px) 100vw, 640px\" \/><\/p>\n","protected":false},"excerpt":{"rendered":"<p>Ciudad Victoria, Tamaulipas (18-Enero-2026).- Con el objetivo de fortalecer la coordinaci\u00f3n interna y elevar la&#8230;<\/p>\n","protected":false},"author":1,"featured_media":196098,"comment_status":"closed","ping_status":"closed","sticky":false,"template":"","format":"standard","meta":{"footnotes":"","jetpack_publicize_message":"","jetpack_publicize_feature_enabled":true,"jetpack_social_post_already_shared":true,"jetpack_social_options":{"image_generator_settings":{"template":"highway","default_image_id":0,"font":"","enabled":false},"version":2}},"categories":[10],"tags":[],"class_list":["post-196094","post","type-post","status-publish","format-standard","has-post-thumbnail","hentry","category-tamaulipas"],"jetpack_publicize_connections":[],"_links":{"self":[{"href":"https:\/\/www.buroperiodistico.com.mx\/index.php?rest_route=\/wp\/v2\/posts\/196094","targetHints":{"allow":["GET"]}}],"collection":[{"href":"https:\/\/www.buroperiodistico.com.mx\/index.php?rest_route=\/wp\/v2\/posts"}],"about":[{"href":"https:\/\/www.buroperiodistico.com.mx\/index.php?rest_route=\/wp\/v2\/types\/post"}],"author":[{"embeddable":true,"href":"https:\/\/www.buroperiodistico.com.mx\/index.php?rest_route=\/wp\/v2\/users\/1"}],"replies":[{"embeddable":true,"href":"https:\/\/www.buroperiodistico.com.mx\/index.php?rest_route=%2Fwp%2Fv2%2Fcomments&post=196094"}],"version-history":[{"count":2,"href":"https:\/\/www.buroperiodistico.com.mx\/index.php?rest_route=\/wp\/v2\/posts\/196094\/revisions"}],"predecessor-version":[{"id":196100,"href":"https:\/\/www.buroperiodistico.com.mx\/index.php?rest_route=\/wp\/v2\/posts\/196094\/revisions\/196100"}],"wp:featuredmedia":[{"embeddable":true,"href":"https:\/\/www.buroperiodistico.com.mx\/index.php?rest_route=\/wp\/v2\/media\/196098"}],"wp:attachment":[{"href":"https:\/\/www.buroperiodistico.com.mx\/index.php?rest_route=%2Fwp%2Fv2%2Fmedia&parent=196094"}],"wp:term":[{"taxonomy":"category","embeddable":true,"href":"https:\/\/www.buroperiodistico.com.mx\/index.php?rest_route=%2Fwp%2Fv2%2Fcategories&post=196094"},{"taxonomy":"post_tag","embeddable":true,"href":"https:\/\/www.buroperiodistico.com.mx\/index.php?rest_route=%2Fwp%2Fv2%2Ftags&post=196094"}],"curies":[{"name":"wp","href":"https:\/\/api.w.org\/{rel}","templated":true}]}}